{"id":31975,"date":"2021-10-12T01:34:15","date_gmt":"2021-10-12T01:34:15","guid":{"rendered":"https:\/\/armstrongyregion.com.ar\/diario\/?p=31975"},"modified":"2021-10-12T01:43:58","modified_gmt":"2021-10-12T01:43:58","slug":"el-partido-justicialista-presento-sus-candidatos-junto-a-referentes-locales-y-departamentales","status":"publish","type":"post","link":"https:\/\/armstrongyregion.com.ar\/diario\/el-partido-justicialista-presento-sus-candidatos-junto-a-referentes-locales-y-departamentales\/","title":{"rendered":"El Partido Justicialista present\u00f3 sus candidatos junto a referentes locales y departamentales.\u00a0"},"content":{"rendered":"\n<figure class=\"wp-block-image size-large\"><img loading=\"lazy\" decoding=\"async\" width=\"504\" height=\"378\" src=\"http:\/\/armstrongyregion.com.ar\/diario\/wp-content\/uploads\/2021\/10\/Lanzamiento-Marconi-Fischer-1-.jpg\" alt=\"\" class=\"wp-image-31976\" srcset=\"https:\/\/armstrongyregion.com.ar\/diario\/wp-content\/uploads\/2021\/10\/Lanzamiento-Marconi-Fischer-1-.jpg 504w, https:\/\/armstrongyregion.com.ar\/diario\/wp-content\/uploads\/2021\/10\/Lanzamiento-Marconi-Fischer-1--300x225.jpg 300w\" sizes=\"auto, (max-width: 504px) 100vw, 504px\" \/><\/figure>\n\n\n\n<p>\nEl\nJusticialismo&nbsp;present\u00f3\neste S\u00e1bado en un acto en su local partidario, la lista de\ncandidatos para las elecciones del&nbsp;14 de noviembre&nbsp;que\nencabezan Guillermo Marconi&nbsp;para la Intendencia y Luz Marina\nFischer para Concejales.<\/p>\n\n\n\n<figure class=\"wp-block-image size-large\"><img loading=\"lazy\" decoding=\"async\" width=\"378\" height=\"504\" src=\"http:\/\/armstrongyregion.com.ar\/diario\/wp-content\/uploads\/2021\/10\/Candidatos-Cornaglia-2-.jpg\" alt=\"\" class=\"wp-image-31977\" srcset=\"https:\/\/armstrongyregion.com.ar\/diario\/wp-content\/uploads\/2021\/10\/Candidatos-Cornaglia-2-.jpg 378w, https:\/\/armstrongyregion.com.ar\/diario\/wp-content\/uploads\/2021\/10\/Candidatos-Cornaglia-2--225x300.jpg 225w\" sizes=\"auto, (max-width: 378px) 100vw, 378px\" \/><\/figure>\n\n\n\n<p> \u00a0Desde este medio consultamos porque no hubo invitaci\u00f3n a la prensa local, para el lanzamiento de tal evento y ambos candidatos a intendente Guillermo Marconi y  quien encabeza la lista de Concejales Luz Marina Fischer, expresaron que el acto fue muy intimo, y no quer\u00edan se desborde debido a los protocolos vigentes por covid 19, \u00e1vida cuenta de que el local partidario ubicado en calle Rold\u00e1n y San Luis no cuenta con capacidad suficiente para recepcionar a demasiada gente.<\/p>\n\n\n\n<figure class=\"wp-block-image size-large\"><img loading=\"lazy\" decoding=\"async\" width=\"486\" height=\"554\" src=\"http:\/\/armstrongyregion.com.ar\/diario\/wp-content\/uploads\/2021\/10\/Marconi-lanzamiento-3-.jpg\" alt=\"\" class=\"wp-image-31978\" srcset=\"https:\/\/armstrongyregion.com.ar\/diario\/wp-content\/uploads\/2021\/10\/Marconi-lanzamiento-3-.jpg 486w, https:\/\/armstrongyregion.com.ar\/diario\/wp-content\/uploads\/2021\/10\/Marconi-lanzamiento-3--263x300.jpg 263w\" sizes=\"auto, (max-width: 486px) 100vw, 486px\" \/><\/figure>\n\n\n\n<p>\nLa\nactividad cont\u00f3 con la presencia del Senador Departamental Guillermo\nCornaglia, el Presidente del Concejo Municipal Augusto Fischer,\nSecretario de la Uom Daniel Martinez, dirigentes del partido y ex\nfuncionarios locales Fernando Fischer, Ruben Montapponi y Gerardo\nPavicic, entre otros.&nbsp;<\/p>\n\n\n\n<p>\nMarconi,\nen dialogo con nuestro medio, nos cont\u00f3 que en su discurso asegur\u00f3\nque la uni\u00f3n del partido va a permitir un amplio triunfo en\nnoviembre para \u201cdecirle basta\u201d a la actual gesti\u00f3n Verdecchia.\n\u201cVenimos de un retroceso de 12 a\u00f1os, por eso presentamos un nuevo\nproyecto de gobierno, con un plan que hemos desarrollado para llevar\nadelante en nuestra localidad\u201d.&nbsp;<\/p>\n\n\n\n<p>\nEl\ncandidato remarca tres ejes de gobierno como prioridad: Obra P\u00fablica,\nSeguridad y Salud.&nbsp;<\/p>\n\n\n\n<p>\nTambi\u00e9n expres\u00f3: \u201cTenemos\nque poner en marcha urgente un plan de viviendas y loteos, como\ntambi\u00e9n de cloacas, y pavimento, que es lo que mas necesitan los\nvecinos de barrios postergados\u201d.&nbsp;<\/p>\n\n\n\n<p>Por su parte, Luz Marina Fischer, hablando con www.armstrongyregion.com.ar, nos dijo que en su discurso de lanzamiento, resalt\u00f3 la importancia de la participaci\u00f3n en pol\u00edtica de las \u201cnuevas generaciones\u201d y de funcionarios \u201cmas cerca de la gente\u201d: \u201cTenemos un Intendente que se lo ve solamente en televisi\u00f3n o las redes sociales. Y cuando necesitas hablar con \u00e9l tenes que pedir una audiencia que te la dan a dos meses, y te atiende el secretario del secretario del secretario. Esto con Guillermo Marconi no va a pasar\u201d<\/p>\n\n\n\n<p>\nAsimismo\nLuz Fischer arremeti\u00f3 \u201clas pocas obras que hacen las vemos en\n\u00e9pocas de elecciones y encima las hacen mal. Esto tampoco va a pasar\ncon Guillermo Marconi\u201d.&nbsp;<\/p>\n\n\n\n<p>\nLa\nlista de candidatos a Concejales del Partido Justicialista, est\u00e1 \nconformada por: Luz Marina Fischer, Mart\u00edn Jaime, Florencia\nPrincipe, Maria Laura Capparuccia, \u201cPelu\u201d Lencina y Eduardo\n\u201cp\u00e1jaro\u201d Pisani.&nbsp;<\/p>\n","protected":false},"excerpt":{"rendered":"<p>El Justicialismo&nbsp;present\u00f3 este S\u00e1bado en un acto en su local partidario, la lista de candidatos para las elecciones del&nbsp;14 de noviembre&nbsp;que encabezan Guillermo Marconi&nbsp;para la Intendencia y Luz Marina Fischer para Concejales. \u00a0Desde este medio consultamos porque no hubo invitaci\u00f3n a la prensa local, para el lanzamiento de tal evento y ambos candidatos a intendente <a href=\"https:\/\/armstrongyregion.com.ar\/diario\/el-partido-justicialista-presento-sus-candidatos-junto-a-referentes-locales-y-departamentales\/\" title=\"Read more\" >&#8230;<\/a><\/p>\n","protected":false},"author":1,"featured_media":31976,"comment_status":"open","ping_status":"open","sticky":false,"template":"","format":"image","meta":{"_jetpack_memberships_contains_paid_content":false,"footnotes":"","jetpack_publicize_message":"","jetpack_publicize_feature_enabled":true,"jetpack_social_post_already_shared":true,"jetpack_social_options":{"image_generator_settings":{"template":"highway","default_image_id":0,"enabled":false},"version":2}},"categories":[8,1,2,7],"tags":[],"class_list":["post-31975","post","type-post","status-publish","format-image","has-post-thumbnail","hentry","category-deliberando","category-diario-armstrong","category-locales","category-politica","post_format-post-format-image"],"jetpack_publicize_connections":[],"jetpack_featured_media_url":"https:\/\/armstrongyregion.com.ar\/diario\/wp-content\/uploads\/2021\/10\/Lanzamiento-Marconi-Fischer-1-.jpg","jetpack_shortlink":"https:\/\/wp.me\/p62QDO-8jJ","jetpack_sharing_enabled":true,"amp_enabled":true,"_links":{"self":[{"href":"https:\/\/armstrongyregion.com.ar\/diario\/wp-json\/wp\/v2\/posts\/31975","targetHints":{"allow":["GET"]}}],"collection":[{"href":"https:\/\/armstrongyregion.com.ar\/diario\/wp-json\/wp\/v2\/posts"}],"about":[{"href":"https:\/\/armstrongyregion.com.ar\/diario\/wp-json\/wp\/v2\/types\/post"}],"author":[{"embeddable":true,"href":"https:\/\/armstrongyregion.com.ar\/diario\/wp-json\/wp\/v2\/users\/1"}],"replies":[{"embeddable":true,"href":"https:\/\/armstrongyregion.com.ar\/diario\/wp-json\/wp\/v2\/comments?post=31975"}],"version-history":[{"count":2,"href":"https:\/\/armstrongyregion.com.ar\/diario\/wp-json\/wp\/v2\/posts\/31975\/revisions"}],"predecessor-version":[{"id":31980,"href":"https:\/\/armstrongyregion.com.ar\/diario\/wp-json\/wp\/v2\/posts\/31975\/revisions\/31980"}],"wp:featuredmedia":[{"embeddable":true,"href":"https:\/\/armstrongyregion.com.ar\/diario\/wp-json\/wp\/v2\/media\/31976"}],"wp:attachment":[{"href":"https:\/\/armstrongyregion.com.ar\/diario\/wp-json\/wp\/v2\/media?parent=31975"}],"wp:term":[{"taxonomy":"category","embeddable":true,"href":"https:\/\/armstrongyregion.com.ar\/diario\/wp-json\/wp\/v2\/categories?post=31975"},{"taxonomy":"post_tag","embeddable":true,"href":"https:\/\/armstrongyregion.com.ar\/diario\/wp-json\/wp\/v2\/tags?post=31975"}],"curies":[{"name":"wp","href":"https:\/\/api.w.org\/{rel}","templated":true}]}}