{"id":31971,"date":"2021-10-12T00:59:29","date_gmt":"2021-10-12T00:59:29","guid":{"rendered":"https:\/\/armstrongyregion.com.ar\/diario\/?p=31971"},"modified":"2021-10-12T00:59:32","modified_gmt":"2021-10-12T00:59:32","slug":"deliberando-sec-de-gno-daniela-perez-y-candidata-a-dip-nac-monica-fein","status":"publish","type":"post","link":"https:\/\/armstrongyregion.com.ar\/diario\/deliberando-sec-de-gno-daniela-perez-y-candidata-a-dip-nac-monica-fein\/","title":{"rendered":"Deliberando: Sec. de Gno. Daniela P\u00e9rez y Candidata a Dip. Nac. M\u00f3nica Fein."},"content":{"rendered":"\n<figure class=\"wp-block-image size-large\"><img loading=\"lazy\" decoding=\"async\" width=\"409\" height=\"245\" src=\"http:\/\/armstrongyregion.com.ar\/diario\/wp-content\/uploads\/2021\/10\/Dani-Perez-octubre-2021-.jpg\" alt=\"\" class=\"wp-image-31972\" srcset=\"https:\/\/armstrongyregion.com.ar\/diario\/wp-content\/uploads\/2021\/10\/Dani-Perez-octubre-2021-.jpg 409w, https:\/\/armstrongyregion.com.ar\/diario\/wp-content\/uploads\/2021\/10\/Dani-Perez-octubre-2021--300x180.jpg 300w\" sizes=\"auto, (max-width: 409px) 100vw, 409px\" \/><\/figure>\n\n\n\n<p>\nEl martes 12 de octubre, a las 21hs, participaran del programa\ntelevisivo DELIBERANDO, Daniela P\u00e9rez Secret. de Gno de la\nMunicipalidad de Armstrong, quien nos informara sobre la reactivaci\u00f3n\nde los comercios de la ciudad pos pandemia.<\/p>\n\n\n\n<p> Tambi\u00e9n dar\u00e1 su versi\u00f3n sobre el hecho de que  el Secretario de Educaci\u00f3n de la Provincia, V\u00edctor Deblock,  visit\u00f3 nuestra ciudad, se realiz\u00f3 un acto frente a la construcci\u00f3n de la Escuela T\u00e9cnica Fray Luis Beltr\u00e1n, y el intendente local no fue invitado.  <\/p>\n\n\n\n<p>P\u00e9rez dar\u00e1 su\nopini\u00f3n y motivos de porque hay que respaldar al actual intendente\nDr. Pablo Verdecchia el pr\u00f3ximo 14 de noviembre y tambi\u00e9n brindara \nsu visi\u00f3n  sobre los dos candidatos opositores que van a competir\npor la intendencia.<\/p>\n\n\n\n<figure class=\"wp-block-image size-large\"><img loading=\"lazy\" decoding=\"async\" width=\"765\" height=\"490\" src=\"http:\/\/armstrongyregion.com.ar\/diario\/wp-content\/uploads\/2021\/10\/M\u00f3nica-Fein-octubre-2021-.jpg\" alt=\"\" class=\"wp-image-31973\" srcset=\"https:\/\/armstrongyregion.com.ar\/diario\/wp-content\/uploads\/2021\/10\/M\u00f3nica-Fein-octubre-2021-.jpg 765w, https:\/\/armstrongyregion.com.ar\/diario\/wp-content\/uploads\/2021\/10\/M\u00f3nica-Fein-octubre-2021--300x192.jpg 300w\" sizes=\"auto, (max-width: 765px) 100vw, 765px\" \/><\/figure>\n\n\n\n<p>Luego compartiremos dos bloques, con la ex-intendenta de Rosario M\u00f3nica Fein, quien har\u00e1 un balance de las elecciones PASO, y como se proyectan para las elecciones del 14 de noviembre junto con Clara Garc\u00eda Candidata a Senadora Nacional.<\/p>\n\n\n\n<p>Tambi\u00e9n brindar\u00e1 a  nuestra audiencia su opini\u00f3n sobre la gesti\u00f3n del Gobernador Perotti y  nos informara sobre los proyectos que presentara en la c\u00e1mara en beneficio de los santafesinos.<\/p>\n","protected":false},"excerpt":{"rendered":"<p>El martes 12 de octubre, a las 21hs, participaran del programa televisivo DELIBERANDO, Daniela P\u00e9rez Secret. de Gno de la Municipalidad de Armstrong, quien nos informara sobre la reactivaci\u00f3n de los comercios de la ciudad pos pandemia. Tambi\u00e9n dar\u00e1 su versi\u00f3n sobre el hecho de que el Secretario de Educaci\u00f3n de la Provincia, V\u00edctor Deblock, <a href=\"https:\/\/armstrongyregion.com.ar\/diario\/deliberando-sec-de-gno-daniela-perez-y-candidata-a-dip-nac-monica-fein\/\" title=\"Read more\" >&#8230;<\/a><\/p>\n","protected":false},"author":1,"featured_media":31973,"comment_status":"open","ping_status":"open","sticky":false,"template":"","format":"image","meta":{"_jetpack_memberships_contains_paid_content":false,"footnotes":"","jetpack_publicize_message":"","jetpack_publicize_feature_enabled":true,"jetpack_social_post_already_shared":true,"jetpack_social_options":{"image_generator_settings":{"template":"highway","default_image_id":0,"enabled":false},"version":2}},"categories":[8,1,2,7,3],"tags":[],"class_list":["post-31971","post","type-post","status-publish","format-image","has-post-thumbnail","hentry","category-deliberando","category-diario-armstrong","category-locales","category-politica","category-region","post_format-post-format-image"],"jetpack_publicize_connections":[],"jetpack_featured_media_url":"https:\/\/armstrongyregion.com.ar\/diario\/wp-content\/uploads\/2021\/10\/M\u00f3nica-Fein-octubre-2021-.jpg","jetpack_shortlink":"https:\/\/wp.me\/p62QDO-8jF","jetpack_sharing_enabled":true,"amp_enabled":true,"_links":{"self":[{"href":"https:\/\/armstrongyregion.com.ar\/diario\/wp-json\/wp\/v2\/posts\/31971","targetHints":{"allow":["GET"]}}],"collection":[{"href":"https:\/\/armstrongyregion.com.ar\/diario\/wp-json\/wp\/v2\/posts"}],"about":[{"href":"https:\/\/armstrongyregion.com.ar\/diario\/wp-json\/wp\/v2\/types\/post"}],"author":[{"embeddable":true,"href":"https:\/\/armstrongyregion.com.ar\/diario\/wp-json\/wp\/v2\/users\/1"}],"replies":[{"embeddable":true,"href":"https:\/\/armstrongyregion.com.ar\/diario\/wp-json\/wp\/v2\/comments?post=31971"}],"version-history":[{"count":1,"href":"https:\/\/armstrongyregion.com.ar\/diario\/wp-json\/wp\/v2\/posts\/31971\/revisions"}],"predecessor-version":[{"id":31974,"href":"https:\/\/armstrongyregion.com.ar\/diario\/wp-json\/wp\/v2\/posts\/31971\/revisions\/31974"}],"wp:featuredmedia":[{"embeddable":true,"href":"https:\/\/armstrongyregion.com.ar\/diario\/wp-json\/wp\/v2\/media\/31973"}],"wp:attachment":[{"href":"https:\/\/armstrongyregion.com.ar\/diario\/wp-json\/wp\/v2\/media?parent=31971"}],"wp:term":[{"taxonomy":"category","embeddable":true,"href":"https:\/\/armstrongyregion.com.ar\/diario\/wp-json\/wp\/v2\/categories?post=31971"},{"taxonomy":"post_tag","embeddable":true,"href":"https:\/\/armstrongyregion.com.ar\/diario\/wp-json\/wp\/v2\/tags?post=31971"}],"curies":[{"name":"wp","href":"https:\/\/api.w.org\/{rel}","templated":true}]}}