{"id":31927,"date":"2021-10-06T17:41:43","date_gmt":"2021-10-06T17:41:43","guid":{"rendered":"https:\/\/armstrongyregion.com.ar\/diario\/?p=31927"},"modified":"2021-10-06T17:41:46","modified_gmt":"2021-10-06T17:41:46","slug":"perotti-no-aprendio-a-vivir-en-democracia","status":"publish","type":"post","link":"https:\/\/armstrongyregion.com.ar\/diario\/perotti-no-aprendio-a-vivir-en-democracia\/","title":{"rendered":"\u201cPerotti NO aprendi\u00f3 a vivir en democracia\u201d."},"content":{"rendered":"\n<figure class=\"wp-block-image size-large\"><img loading=\"lazy\" decoding=\"async\" width=\"526\" height=\"320\" src=\"http:\/\/armstrongyregion.com.ar\/diario\/wp-content\/uploads\/2021\/06\/Int-Dr-Verdecchia-.jpg\" alt=\"\" class=\"wp-image-30860\" srcset=\"https:\/\/armstrongyregion.com.ar\/diario\/wp-content\/uploads\/2021\/06\/Int-Dr-Verdecchia-.jpg 526w, https:\/\/armstrongyregion.com.ar\/diario\/wp-content\/uploads\/2021\/06\/Int-Dr-Verdecchia--300x183.jpg 300w\" sizes=\"auto, (max-width: 526px) 100vw, 526px\" \/><\/figure>\n\n\n\n<h2 class=\"wp-block-heading\"> As\u00ed titul\u00f3 la carta el intendente local Dr. Pablo Verdecchia, luego de que viniera el Viceministro de Educaci\u00f3n Prof. V\u00edctor Deblock   y se reuniera con el Director de la Escuela T\u00e9cnica Fray Luis Beltr\u00e1n N\u00ba 291 Juan Jos\u00e9 Flamini y referentes del Partido Justicialista local, enter\u00e1ndose la autoridad m\u00e1xima de dicha visita por los medios locales.  <\/h2>\n\n\n\n<p>\nPasaron m\u00e1s de 37 a\u00f1os de aquel 10 de Diciembre de 1983, y el\nGobernador de Santa Fe, Omar Perotti ni ninguno de sus funcionarios\naprendieron a vivir en Democracia.<\/p>\n\n\n\n<p>Con una enorme\ntristeza hoy me entero por los medios de comunicaci\u00f3n y redes\nsociales que visit\u00f3 nuestra ciudad el Secretario de Educaci\u00f3n,\nVictor Debloc, haciendo un acto proselitista frente a las\ninstalaciones del nuevo edificio de la Escuela T\u00e9cnica.<\/p>\n\n\n\n<p>Es el municipio al\nque represento el que da la cara y atiende en primera persona las\nnecesidades de la Escuela  T\u00e9cnica y de todas las escuela de la\nciudad. El proyecto del nuevo edificio es una obra que hemos\ndefendido, gestionado, proyectado,  acompa\u00f1ado y trabajado desde\nhace m\u00e1s de 10 a\u00f1os, y cabe con s\u00f3lo resaltar que hemos cedido\nespacios propios para que la obra se concretara.  La concreci\u00f3n de\nesta nueva escuela es un sue\u00f1o de toda la comunidad de Armstrong, y\nhoy nos vemos excluidos de las visitas oficiales, y ni hablar de la\nfalta de informaci\u00f3n de los avances de la obra , donde hay ordenes\nexplicitas del Gobierno Provincial de Omar Perotti, en no dejarnos\nentrar.<\/p>\n\n\n\n<p>Se\u00f1or Gobernador,\nlo que hace no es digno de su envestidura.<\/p>\n\n\n\n<p>Se burla de la\ndemocracia.<\/p>\n\n\n\n<p>Se burla de la\ninstitucionalidad.<\/p>\n\n\n\n<p>Se burla de los\nciudadanos de Armstrong, y de sus leg\u00edtimos representantes.<\/p>\n\n\n\n<p>Argentina necesita\nque trabajemos juntos para sacar a este pa\u00eds de d\u00e9cadas de\nretroceso econ\u00f3mico, social, pol\u00edtico e institucional.<\/p>\n\n\n\n<p>Su actitud y la de\nsus funcionarios est\u00e1 lejos de ser constructiva para los\nsantafesinos.<\/p>\n\n\n\n<p>\nLo invito a repensar y a encontrar el camino del di\u00e1logo y respeto\nc\u00edvico.<\/p>\n\n\n\n<p>PABLO VERDECCHIA<\/p>\n\n\n\n<p>INTENDENTE MUNICIPAL<\/p>\n","protected":false},"excerpt":{"rendered":"<p>As\u00ed titul\u00f3 la carta el intendente local Dr. Pablo Verdecchia, luego de que viniera el Viceministro de Educaci\u00f3n Prof. V\u00edctor Deblock y se reuniera con el Director de la Escuela T\u00e9cnica Fray Luis Beltr\u00e1n N\u00ba 291 Juan Jos\u00e9 Flamini y referentes del Partido Justicialista local, enter\u00e1ndose la autoridad m\u00e1xima de dicha visita por los medios <a href=\"https:\/\/armstrongyregion.com.ar\/diario\/perotti-no-aprendio-a-vivir-en-democracia\/\" title=\"Read more\" >&#8230;<\/a><\/p>\n","protected":false},"author":1,"featured_media":30860,"comment_status":"open","ping_status":"open","sticky":false,"template":"","format":"image","meta":{"_jetpack_memberships_contains_paid_content":false,"footnotes":"","jetpack_publicize_message":"","jetpack_publicize_feature_enabled":true,"jetpack_social_post_already_shared":true,"jetpack_social_options":{"image_generator_settings":{"template":"highway","default_image_id":0,"enabled":false},"version":2}},"categories":[8,1,2,7,3],"tags":[],"class_list":["post-31927","post","type-post","status-publish","format-image","has-post-thumbnail","hentry","category-deliberando","category-diario-armstrong","category-locales","category-politica","category-region","post_format-post-format-image"],"jetpack_publicize_connections":[],"jetpack_featured_media_url":"https:\/\/armstrongyregion.com.ar\/diario\/wp-content\/uploads\/2021\/06\/Int-Dr-Verdecchia-.jpg","jetpack_shortlink":"https:\/\/wp.me\/p62QDO-8iX","jetpack_sharing_enabled":true,"amp_enabled":true,"_links":{"self":[{"href":"https:\/\/armstrongyregion.com.ar\/diario\/wp-json\/wp\/v2\/posts\/31927","targetHints":{"allow":["GET"]}}],"collection":[{"href":"https:\/\/armstrongyregion.com.ar\/diario\/wp-json\/wp\/v2\/posts"}],"about":[{"href":"https:\/\/armstrongyregion.com.ar\/diario\/wp-json\/wp\/v2\/types\/post"}],"author":[{"embeddable":true,"href":"https:\/\/armstrongyregion.com.ar\/diario\/wp-json\/wp\/v2\/users\/1"}],"replies":[{"embeddable":true,"href":"https:\/\/armstrongyregion.com.ar\/diario\/wp-json\/wp\/v2\/comments?post=31927"}],"version-history":[{"count":1,"href":"https:\/\/armstrongyregion.com.ar\/diario\/wp-json\/wp\/v2\/posts\/31927\/revisions"}],"predecessor-version":[{"id":31928,"href":"https:\/\/armstrongyregion.com.ar\/diario\/wp-json\/wp\/v2\/posts\/31927\/revisions\/31928"}],"wp:featuredmedia":[{"embeddable":true,"href":"https:\/\/armstrongyregion.com.ar\/diario\/wp-json\/wp\/v2\/media\/30860"}],"wp:attachment":[{"href":"https:\/\/armstrongyregion.com.ar\/diario\/wp-json\/wp\/v2\/media?parent=31927"}],"wp:term":[{"taxonomy":"category","embeddable":true,"href":"https:\/\/armstrongyregion.com.ar\/diario\/wp-json\/wp\/v2\/categories?post=31927"},{"taxonomy":"post_tag","embeddable":true,"href":"https:\/\/armstrongyregion.com.ar\/diario\/wp-json\/wp\/v2\/tags?post=31927"}],"curies":[{"name":"wp","href":"https:\/\/api.w.org\/{rel}","templated":true}]}}