{"id":31923,"date":"2021-10-06T17:34:24","date_gmt":"2021-10-06T17:34:24","guid":{"rendered":"https:\/\/armstrongyregion.com.ar\/diario\/?p=31923"},"modified":"2021-10-06T17:34:27","modified_gmt":"2021-10-06T17:34:27","slug":"el-viceministro-de-educacion-prof-victor-deblock-visito-la-escuela-fray-luis-beltran-n-291-de-armstrong","status":"publish","type":"post","link":"https:\/\/armstrongyregion.com.ar\/diario\/el-viceministro-de-educacion-prof-victor-deblock-visito-la-escuela-fray-luis-beltran-n-291-de-armstrong\/","title":{"rendered":"El Viceministro de Educaci\u00f3n Prof. V\u00edctor Deblock  visit\u00f3 la Escuela Fray Luis Beltr\u00e1n N\u00b0 291 de Armstrong."},"content":{"rendered":"\n<figure class=\"wp-block-image size-large\"><img loading=\"lazy\" decoding=\"async\" width=\"540\" height=\"289\" src=\"http:\/\/armstrongyregion.com.ar\/diario\/wp-content\/uploads\/2021\/10\/Victor-Deblock.jpg\" alt=\"\" class=\"wp-image-31924\" srcset=\"https:\/\/armstrongyregion.com.ar\/diario\/wp-content\/uploads\/2021\/10\/Victor-Deblock.jpg 540w, https:\/\/armstrongyregion.com.ar\/diario\/wp-content\/uploads\/2021\/10\/Victor-Deblock-300x161.jpg 300w\" sizes=\"auto, (max-width: 540px) 100vw, 540px\" \/><\/figure>\n\n\n\n<p> \u201cEs una alegr\u00eda estar en Armstrong, ya tengo 100 escuelas recorridas, uno ve las necesidades puntualmente, socio-pedagogicas, socio-educativas, es un buen momento para dialogar con los docentes, le agradezco al director de la escuela Juan Jos\u00e9 Flamini,  a Ruben Montapponi y a Guillermo Marconi que nos acompa\u00f1an hoy, agradezco esta invitaci\u00f3n,  y estar frente a la construcci\u00f3n, es impresionante, tengo los datos por el \u00e1rea de infraestructura del gobierno de Santa Fe\u201d.  <\/p>\n\n\n\n<figure class=\"wp-block-image size-large\"><img loading=\"lazy\" decoding=\"async\" width=\"474\" height=\"285\" src=\"http:\/\/armstrongyregion.com.ar\/diario\/wp-content\/uploads\/2021\/10\/visita-viceministro-.jpg\" alt=\"\" class=\"wp-image-31925\" srcset=\"https:\/\/armstrongyregion.com.ar\/diario\/wp-content\/uploads\/2021\/10\/visita-viceministro-.jpg 474w, https:\/\/armstrongyregion.com.ar\/diario\/wp-content\/uploads\/2021\/10\/visita-viceministro--300x180.jpg 300w\" sizes=\"auto, (max-width: 474px) 100vw, 474px\" \/><\/figure>\n\n\n\n<p>El funcionario provincial a\u00f1adi\u00f3;\n\u201cHay una inversi\u00f3n muy importante para la escuela 291, estuvimos\nhablando con el directivo,  y recorriendo el lugar donde habitan hoy\nlos alumnos, quienes ya en febrero estar\u00e1n inaugurando la obra y\nseguramente venga el Gobernador, la Ministra y quienes estuvimos\nacompa\u00f1ando durante todo este per\u00edodo\u201d.<\/p>\n\n\n\n<p>Finalmente dijo; \u201cLe hemos mostrado a Juan Flamini nuestra disponibilidad plena para acompa\u00f1arlos de aqu\u00ed hasta ese momento de la inauguraci\u00f3n y lo que falte en equipamiento, como m\u00e1quinas. herramientas menores, etc. ah\u00ed estaremos, ya que hay varios programas nacionales que se podr\u00e1n adquirir con financiamiento y pronta entrega. El dialogo es comprometido y fruct\u00edfero para saber sobre todo lo que necesitan\u201d.  <\/p>\n","protected":false},"excerpt":{"rendered":"<p>\u201cEs una alegr\u00eda estar en Armstrong, ya tengo 100 escuelas recorridas, uno ve las necesidades puntualmente, socio-pedagogicas, socio-educativas, es un buen momento para dialogar con los docentes, le agradezco al director de la escuela Juan Jos\u00e9 Flamini, a Ruben Montapponi y a Guillermo Marconi que nos acompa\u00f1an hoy, agradezco esta invitaci\u00f3n, y estar frente a <a href=\"https:\/\/armstrongyregion.com.ar\/diario\/el-viceministro-de-educacion-prof-victor-deblock-visito-la-escuela-fray-luis-beltran-n-291-de-armstrong\/\" title=\"Read more\" >&#8230;<\/a><\/p>\n","protected":false},"author":1,"featured_media":31924,"comment_status":"open","ping_status":"open","sticky":false,"template":"","format":"image","meta":{"_jetpack_memberships_contains_paid_content":false,"footnotes":"","jetpack_publicize_message":"","jetpack_publicize_feature_enabled":true,"jetpack_social_post_already_shared":true,"jetpack_social_options":{"image_generator_settings":{"template":"highway","default_image_id":0,"enabled":false},"version":2}},"categories":[8,1,2,7,3],"tags":[],"class_list":["post-31923","post","type-post","status-publish","format-image","has-post-thumbnail","hentry","category-deliberando","category-diario-armstrong","category-locales","category-politica","category-region","post_format-post-format-image"],"jetpack_publicize_connections":[],"jetpack_featured_media_url":"https:\/\/armstrongyregion.com.ar\/diario\/wp-content\/uploads\/2021\/10\/Victor-Deblock.jpg","jetpack_shortlink":"https:\/\/wp.me\/p62QDO-8iT","jetpack_sharing_enabled":true,"amp_enabled":true,"_links":{"self":[{"href":"https:\/\/armstrongyregion.com.ar\/diario\/wp-json\/wp\/v2\/posts\/31923","targetHints":{"allow":["GET"]}}],"collection":[{"href":"https:\/\/armstrongyregion.com.ar\/diario\/wp-json\/wp\/v2\/posts"}],"about":[{"href":"https:\/\/armstrongyregion.com.ar\/diario\/wp-json\/wp\/v2\/types\/post"}],"author":[{"embeddable":true,"href":"https:\/\/armstrongyregion.com.ar\/diario\/wp-json\/wp\/v2\/users\/1"}],"replies":[{"embeddable":true,"href":"https:\/\/armstrongyregion.com.ar\/diario\/wp-json\/wp\/v2\/comments?post=31923"}],"version-history":[{"count":1,"href":"https:\/\/armstrongyregion.com.ar\/diario\/wp-json\/wp\/v2\/posts\/31923\/revisions"}],"predecessor-version":[{"id":31926,"href":"https:\/\/armstrongyregion.com.ar\/diario\/wp-json\/wp\/v2\/posts\/31923\/revisions\/31926"}],"wp:featuredmedia":[{"embeddable":true,"href":"https:\/\/armstrongyregion.com.ar\/diario\/wp-json\/wp\/v2\/media\/31924"}],"wp:attachment":[{"href":"https:\/\/armstrongyregion.com.ar\/diario\/wp-json\/wp\/v2\/media?parent=31923"}],"wp:term":[{"taxonomy":"category","embeddable":true,"href":"https:\/\/armstrongyregion.com.ar\/diario\/wp-json\/wp\/v2\/categories?post=31923"},{"taxonomy":"post_tag","embeddable":true,"href":"https:\/\/armstrongyregion.com.ar\/diario\/wp-json\/wp\/v2\/tags?post=31923"}],"curies":[{"name":"wp","href":"https:\/\/api.w.org\/{rel}","templated":true}]}}