{"id":31920,"date":"2021-10-06T00:06:39","date_gmt":"2021-10-06T00:06:39","guid":{"rendered":"https:\/\/armstrongyregion.com.ar\/diario\/?p=31920"},"modified":"2021-10-06T00:06:42","modified_gmt":"2021-10-06T00:06:42","slug":"ley-micaela-el-poder-judicial-comenzo-una-nueva-instancia-de-sensibilizacion-en-genero","status":"publish","type":"post","link":"https:\/\/armstrongyregion.com.ar\/diario\/ley-micaela-el-poder-judicial-comenzo-una-nueva-instancia-de-sensibilizacion-en-genero\/","title":{"rendered":"Ley Micaela: el Poder Judicial comenz\u00f3 una nueva instancia de sensibilizaci\u00f3n en g\u00e9nero."},"content":{"rendered":"\n<figure class=\"wp-block-image size-large\"><img loading=\"lazy\" decoding=\"async\" width=\"570\" height=\"320\" src=\"http:\/\/armstrongyregion.com.ar\/diario\/wp-content\/uploads\/2021\/10\/ley-micaela-pcia-.jpg\" alt=\"\" class=\"wp-image-31921\" srcset=\"https:\/\/armstrongyregion.com.ar\/diario\/wp-content\/uploads\/2021\/10\/ley-micaela-pcia-.jpg 570w, https:\/\/armstrongyregion.com.ar\/diario\/wp-content\/uploads\/2021\/10\/ley-micaela-pcia--300x168.jpg 300w\" sizes=\"auto, (max-width: 570px) 100vw, 570px\" \/><\/figure>\n\n\n\n<h2 class=\"wp-block-heading\"> La instancia que inici\u00f3 este lunes, est\u00e1 destinada a la Procuraci\u00f3n General, fiscales y defensores\/as de c\u00e1mara. Participaron autoridades del Ministerio de Igualdad, G\u00e9nero y Diversidad, la Corte Suprema de Justicia y la Procuraci\u00f3n General. <\/h2>\n\n\n\n<p>\n\nEn un acto encabezado por la ministra de Igualdad, G\u00e9nero y Diversidad, Celia Arena; junto al presidente de la Corte Suprema de Justicia, Roberto Falistocco; la ministra, Mar\u00eda Ang\u00e9lica Gastaldi; y el Procurador General Jorge Barraguirre, comenz\u00f3 una instancia m\u00e1s de la formaci\u00f3n en g\u00e9nero y diversidad sexual en el marco de Ley Micaela, esta vez destinada a la Procuraci\u00f3n general, fiscales y defensores de c\u00e1mara. Esta instancia cont\u00f3 con la conferencia inaugural de Marisa Herrera, abogada, doctora en Derecho (UBA), investigadora del CONICET y consultora de UNICEF.<\/p>\n\n\n\n<p>\u201cEl compromiso de llevar la Ley Micaela a cada rinc\u00f3n de Santa Fe se corresponde con la misi\u00f3n de compatibilizar la vida institucional de nuestra provincia con los instrumentos internacionales de derechos humanos, espec\u00edficamente, con aquellos que tienen que ver con la prevenci\u00f3n de la violencia por razones de g\u00e9nero. Al hacerlo, estamos reconociendo que hay ciertas normas, h\u00e1bitos y pr\u00e1cticas en el derecho que tienen efectos. discriminatorios en la vida cotidiana de las mujeres y diversidades sexuales.<br>En este sentido, la perspectiva de g\u00e9nero no es una elecci\u00f3n, constituye una obligaci\u00f3n a la que como servidores y servidoras p\u00fablicos estamos sujetos y sujetas, ya que nuestro pa\u00eds suscribi\u00f3 a estos tratados y nuestro accionar puede contribuir a disminuir o a acrecentar las brechas de desigualdad para esas mujeres que recurren a los distintos niveles del estado\u00bb, sostuvo Celia Arena, ministra de Igualdad, G\u00e9nero y Diversidad.<\/p>\n\n\n\n<p>\u00abEs por ello que, por decisi\u00f3n del Gobernador Omar Perotti, desde el Ministerio llevamos adelante la formaci\u00f3n correspondiente a la Ley Micaela en cada rinc\u00f3n de la provincia, en municipios y comunas, en gremios, sindicatos, entre otras y este lunes dimos inicio a esta formaci\u00f3n para el Poder Judicial con la presencia de Marisa Herrera\u00bb, agreg\u00f3.<\/p>\n\n\n\n<p>Cabe destacar que Santa Fe es la primera provincia en establecer un curso obligatorio en perspectiva de g\u00e9nero para el ingreso al Poder Judicial, poder en el que ya que se llevan capacitadas m\u00e1s de 3000 personas en la materia por parte de los replicadores del Poder Judicial santafecino formados en la Oficina de la Mujer de la Corte Suprema de la Naci\u00f3n, agreg\u00e1ndose que desde la implementaci\u00f3n de la Ley Micaela se dictaron un total de 34 talleres con 1334 personas capacitadas.<\/p>\n\n\n\n<p>La capacitaci\u00f3n se enmarca en la ley Nacional N\u00ba 27499 y en la provincial N\u00ba 13891, tiene como objetivo promover la incorporaci\u00f3n del enfoque de g\u00e9nero y diversidad en las pr\u00e1cticas judiciales, procurando impulsar la transformaci\u00f3n de aspectos estructurales de las instituciones que contribuyan a garantizar a las mujeres y personas LGBTI+ el acceso efectivo a la justicia y al pleno ejercicio de sus derechos.<\/p>\n\n\n\n<p>Durante el acto, acompa\u00f1aron el ministro de la Corte Eduardo Spuler; las secretarias de Mujeres, G\u00e9neros y Diversidad y de Formaci\u00f3n y Capacitaci\u00f3n para la Igualdad, Florencia Marinaro, y Lorena Battilana, respectivamente; Cesar Merlos de la Direcci\u00f3n de provincial de Desarrollos Institucionales, y dem\u00e1s autoridades de la Procuraci\u00f3n y del Ministerio de Igualdad, G\u00e9nero y Diversidad de la provincia.<\/p>\n\n\n\n<p><strong>SOBRE LEY MICAELA<\/strong><br>La ley N\u00b0 27499 conocida como \u00abLey Micaela\u00bb, es una normativa que establece la capacitaci\u00f3n obligatoria en la tem\u00e1tica de g\u00e9nero para todas las personas que integran los tres poderes del Estado (Ejecutivo, Legislativo y Judicial).<\/p>\n\n\n\n<p>El 7 de octubre de 2019 la provincia adhiri\u00f3 a la normativa y el 6 de marzo de 2020 se firm\u00f3 la reglamentaci\u00f3n de la Ley, conjuntamente a un convenio de colaboraci\u00f3n con la fundaci\u00f3n Micaela Garc\u00eda \u00abLa Negra\u00bb.<\/p>\n\n\n\n<p>A partir de dicha reglamentaci\u00f3n, el gobernador Omar Perotti, y su gabinete recibieron la capacitaci\u00f3n correspondiente a la ley.<\/p>\n\n\n\n<p><strong>SOBRE EL INGRESO AL PODER JUDICIAL<\/strong><br>Cabe recordar que Santa Fe es la primera provincia en establecer un curso obligatorio en perspectiva de g\u00e9nero para el ingreso al Poder Judicial.<\/p>\n\n\n\n<p>Seg\u00fan el decreto, que nombra entre sus fundamentos la adhesi\u00f3n de la provincia de Santa Fe a la Ley Micaela, se considera excluyente la realizaci\u00f3n de una capacitaci\u00f3n en perspectiva de g\u00e9nero para acceder al concurso para ser funcionario o funcionaria del Poder Judicial y juez o jueza. &nbsp;<\/p>\n\n\n\n<p>La organizaci\u00f3n, metodolog\u00eda, duraci\u00f3n y vigencia de la misma ser\u00e1 dispuesta por la Escuela de Abogados del Estado en colaboraci\u00f3n con el Ministerio de Gobierno, Justicia, Derechos Humanos y Diversidad, a trav\u00e9s de la Secretar\u00eda de Justicia y el Ministerio de Igualdad, G\u00e9nero y Diversidad de Santa Fe.<br><\/p>\n","protected":false},"excerpt":{"rendered":"<p>La instancia que inici\u00f3 este lunes, est\u00e1 destinada a la Procuraci\u00f3n General, fiscales y defensores\/as de c\u00e1mara. Participaron autoridades del Ministerio de Igualdad, G\u00e9nero y Diversidad, la Corte Suprema de Justicia y la Procuraci\u00f3n General. En un acto encabezado por la ministra de Igualdad, G\u00e9nero y Diversidad, Celia Arena; junto al presidente de la Corte <a href=\"https:\/\/armstrongyregion.com.ar\/diario\/ley-micaela-el-poder-judicial-comenzo-una-nueva-instancia-de-sensibilizacion-en-genero\/\" title=\"Read more\" >&#8230;<\/a><\/p>\n","protected":false},"author":1,"featured_media":31921,"comment_status":"open","ping_status":"open","sticky":false,"template":"","format":"image","meta":{"_jetpack_memberships_contains_paid_content":false,"footnotes":"","jetpack_publicize_message":"","jetpack_publicize_feature_enabled":true,"jetpack_social_post_already_shared":true,"jetpack_social_options":{"image_generator_settings":{"template":"highway","default_image_id":0,"enabled":false},"version":2}},"categories":[8,1,2,7,4,3],"tags":[],"class_list":["post-31920","post","type-post","status-publish","format-image","has-post-thumbnail","hentry","category-deliberando","category-diario-armstrong","category-locales","category-politica","category-prevencion-salud","category-region","post_format-post-format-image"],"jetpack_publicize_connections":[],"jetpack_featured_media_url":"https:\/\/armstrongyregion.com.ar\/diario\/wp-content\/uploads\/2021\/10\/ley-micaela-pcia-.jpg","jetpack_shortlink":"https:\/\/wp.me\/p62QDO-8iQ","jetpack_sharing_enabled":true,"amp_enabled":true,"_links":{"self":[{"href":"https:\/\/armstrongyregion.com.ar\/diario\/wp-json\/wp\/v2\/posts\/31920","targetHints":{"allow":["GET"]}}],"collection":[{"href":"https:\/\/armstrongyregion.com.ar\/diario\/wp-json\/wp\/v2\/posts"}],"about":[{"href":"https:\/\/armstrongyregion.com.ar\/diario\/wp-json\/wp\/v2\/types\/post"}],"author":[{"embeddable":true,"href":"https:\/\/armstrongyregion.com.ar\/diario\/wp-json\/wp\/v2\/users\/1"}],"replies":[{"embeddable":true,"href":"https:\/\/armstrongyregion.com.ar\/diario\/wp-json\/wp\/v2\/comments?post=31920"}],"version-history":[{"count":1,"href":"https:\/\/armstrongyregion.com.ar\/diario\/wp-json\/wp\/v2\/posts\/31920\/revisions"}],"predecessor-version":[{"id":31922,"href":"https:\/\/armstrongyregion.com.ar\/diario\/wp-json\/wp\/v2\/posts\/31920\/revisions\/31922"}],"wp:featuredmedia":[{"embeddable":true,"href":"https:\/\/armstrongyregion.com.ar\/diario\/wp-json\/wp\/v2\/media\/31921"}],"wp:attachment":[{"href":"https:\/\/armstrongyregion.com.ar\/diario\/wp-json\/wp\/v2\/media?parent=31920"}],"wp:term":[{"taxonomy":"category","embeddable":true,"href":"https:\/\/armstrongyregion.com.ar\/diario\/wp-json\/wp\/v2\/categories?post=31920"},{"taxonomy":"post_tag","embeddable":true,"href":"https:\/\/armstrongyregion.com.ar\/diario\/wp-json\/wp\/v2\/tags?post=31920"}],"curies":[{"name":"wp","href":"https:\/\/api.w.org\/{rel}","templated":true}]}}