{"id":31917,"date":"2021-10-06T00:03:35","date_gmt":"2021-10-06T00:03:35","guid":{"rendered":"https:\/\/armstrongyregion.com.ar\/diario\/?p=31917"},"modified":"2021-10-06T00:03:37","modified_gmt":"2021-10-06T00:03:37","slug":"canada-de-gomez-este-fin-de-semana-se-realiza-la-fiesta-de-colectividades-2021","status":"publish","type":"post","link":"https:\/\/armstrongyregion.com.ar\/diario\/canada-de-gomez-este-fin-de-semana-se-realiza-la-fiesta-de-colectividades-2021\/","title":{"rendered":"Ca\u00f1ada de G\u00f3mez. Este fin de semana se realiza la fiesta de colectividades 2021."},"content":{"rendered":"\n<figure class=\"wp-block-image size-large\"><img loading=\"lazy\" decoding=\"async\" width=\"640\" height=\"360\" src=\"http:\/\/armstrongyregion.com.ar\/diario\/wp-content\/uploads\/2021\/10\/colectividades-2021-ca\u00f1ada.jpg\" alt=\"\" class=\"wp-image-31918\" srcset=\"https:\/\/armstrongyregion.com.ar\/diario\/wp-content\/uploads\/2021\/10\/colectividades-2021-ca\u00f1ada.jpg 640w, https:\/\/armstrongyregion.com.ar\/diario\/wp-content\/uploads\/2021\/10\/colectividades-2021-ca\u00f1ada-300x169.jpg 300w\" sizes=\"auto, (max-width: 640px) 100vw, 640px\" \/><\/figure>\n\n\n\n<p>En Plaza San Mart\u00edn los d\u00edas s\u00e1bado y domingo desde las 20 hs. con seis colectividades con su cultura y comidas t\u00edpicas, micro emprendedores y espect\u00e1culos art\u00edsticos los dos d\u00edas.<\/p>\n\n\n\n<p>Una vez m\u00e1s se realiza la Fiesta de Colectividades en la ciudad, durante este s\u00e1bado 9 y domingo 10 de octubre en Plaza San Mart\u00edn con seis colectividades con sus respectivos stands y espect\u00e1culos musicales y art\u00edsticos los dos d\u00edas.<\/p>\n\n\n\n<p>El d\u00eda s\u00e1bado la programaci\u00f3n ser\u00e1 la siguiente desde las 20 hs.: Ballet Ca\u00f1ada de G\u00f3mez de Club Sarmiento \u2013 Argentina, Taller de Flamenco de Asociaci\u00f3n Espa\u00f1ola \u201cLos de Triana\u201d \u2013 Espa\u00f1a, Taller Municipal de Danzas \u00c1rabes &#8211; Sirio Libanesa, Ballet Folkl\u00f3rico Huayra Kamby \u2013 Argentina, Ballet Folkl\u00f3rico de la localidad de Totoras \u2013 Suiza, Grupo de Baile de la Sociedad Italiana \u2013 Italia, Alumnos de Academia de danzas de Club Sarmiento \u2013 Argentina, Taller Municipal de Flamenco de Armstrong\u201dAlba Gitana\u201d \u2013 Espa\u00f1a y el cierre con Facundo Arcec.<\/p>\n\n\n\n<p>En tanto el domingo desde las 20 hs: Orquesta de Acordeones de Teatro Verdi \u2013 Italia, Taller de Flamenco de Asociaci\u00f3n Espa\u00f1ola \u201cLos de Triana\u201d \u2013 Espa\u00f1a, Alumnos de Academia de Danzas de Club Sarmiento \u2013 Argentina, Taller municipal de Danzas \u00c1rabes &#8211; Sirio Libanesa, Ballet Folkl\u00f3rico Huayra Kamby \u2013 Argentina, Ballet Folkl\u00f3rico de la localidad de Totoras \u2013 Suiza, Ballet Ca\u00f1ada de G\u00f3mez de Club Sarmiento \u2013 Argentina y el cierre de La Existencia.<\/p>\n","protected":false},"excerpt":{"rendered":"<p>En Plaza San Mart\u00edn los d\u00edas s\u00e1bado y domingo desde las 20 hs. con seis colectividades con su cultura y comidas t\u00edpicas, micro emprendedores y espect\u00e1culos art\u00edsticos los dos d\u00edas. Una vez m\u00e1s se realiza la Fiesta de Colectividades en la ciudad, durante este s\u00e1bado 9 y domingo 10 de octubre en Plaza San Mart\u00edn <a href=\"https:\/\/armstrongyregion.com.ar\/diario\/canada-de-gomez-este-fin-de-semana-se-realiza-la-fiesta-de-colectividades-2021\/\" title=\"Read more\" >&#8230;<\/a><\/p>\n","protected":false},"author":1,"featured_media":31918,"comment_status":"open","ping_status":"open","sticky":false,"template":"","format":"image","meta":{"_jetpack_memberships_contains_paid_content":false,"footnotes":"","jetpack_publicize_message":"","jetpack_publicize_feature_enabled":true,"jetpack_social_post_already_shared":true,"jetpack_social_options":{"image_generator_settings":{"template":"highway","default_image_id":0,"enabled":false},"version":2}},"categories":[6,8,1,7,3],"tags":[],"class_list":["post-31917","post","type-post","status-publish","format-image","has-post-thumbnail","hentry","category-cultura-entretenimiento","category-deliberando","category-diario-armstrong","category-politica","category-region","post_format-post-format-image"],"jetpack_publicize_connections":[],"jetpack_featured_media_url":"https:\/\/armstrongyregion.com.ar\/diario\/wp-content\/uploads\/2021\/10\/colectividades-2021-ca\u00f1ada.jpg","jetpack_shortlink":"https:\/\/wp.me\/p62QDO-8iN","jetpack_sharing_enabled":true,"amp_enabled":true,"_links":{"self":[{"href":"https:\/\/armstrongyregion.com.ar\/diario\/wp-json\/wp\/v2\/posts\/31917","targetHints":{"allow":["GET"]}}],"collection":[{"href":"https:\/\/armstrongyregion.com.ar\/diario\/wp-json\/wp\/v2\/posts"}],"about":[{"href":"https:\/\/armstrongyregion.com.ar\/diario\/wp-json\/wp\/v2\/types\/post"}],"author":[{"embeddable":true,"href":"https:\/\/armstrongyregion.com.ar\/diario\/wp-json\/wp\/v2\/users\/1"}],"replies":[{"embeddable":true,"href":"https:\/\/armstrongyregion.com.ar\/diario\/wp-json\/wp\/v2\/comments?post=31917"}],"version-history":[{"count":1,"href":"https:\/\/armstrongyregion.com.ar\/diario\/wp-json\/wp\/v2\/posts\/31917\/revisions"}],"predecessor-version":[{"id":31919,"href":"https:\/\/armstrongyregion.com.ar\/diario\/wp-json\/wp\/v2\/posts\/31917\/revisions\/31919"}],"wp:featuredmedia":[{"embeddable":true,"href":"https:\/\/armstrongyregion.com.ar\/diario\/wp-json\/wp\/v2\/media\/31918"}],"wp:attachment":[{"href":"https:\/\/armstrongyregion.com.ar\/diario\/wp-json\/wp\/v2\/media?parent=31917"}],"wp:term":[{"taxonomy":"category","embeddable":true,"href":"https:\/\/armstrongyregion.com.ar\/diario\/wp-json\/wp\/v2\/categories?post=31917"},{"taxonomy":"post_tag","embeddable":true,"href":"https:\/\/armstrongyregion.com.ar\/diario\/wp-json\/wp\/v2\/tags?post=31917"}],"curies":[{"name":"wp","href":"https:\/\/api.w.org\/{rel}","templated":true}]}}