{"id":31907,"date":"2021-10-05T02:10:40","date_gmt":"2021-10-05T02:10:40","guid":{"rendered":"https:\/\/armstrongyregion.com.ar\/diario\/?p=31907"},"modified":"2021-10-05T02:13:25","modified_gmt":"2021-10-05T02:13:25","slug":"firma-de-convenio-para-el-funcionamiento-de-anses-en-las-parejas","status":"publish","type":"post","link":"https:\/\/armstrongyregion.com.ar\/diario\/firma-de-convenio-para-el-funcionamiento-de-anses-en-las-parejas\/","title":{"rendered":"Firma de convenio para el funcionamiento de ANSES en Las Parejas."},"content":{"rendered":"\n<figure class=\"wp-block-image size-large\"><img loading=\"lazy\" decoding=\"async\" width=\"575\" height=\"320\" src=\"http:\/\/armstrongyregion.com.ar\/diario\/wp-content\/uploads\/2021\/10\/b7ed6de7-ce97-4c5e-b19d-edd87bb42b34-1280x640-1.jpg\" alt=\"\" class=\"wp-image-31908\" srcset=\"https:\/\/armstrongyregion.com.ar\/diario\/wp-content\/uploads\/2021\/10\/b7ed6de7-ce97-4c5e-b19d-edd87bb42b34-1280x640-1.jpg 575w, https:\/\/armstrongyregion.com.ar\/diario\/wp-content\/uploads\/2021\/10\/b7ed6de7-ce97-4c5e-b19d-edd87bb42b34-1280x640-1-300x167.jpg 300w\" sizes=\"auto, (max-width: 575px) 100vw, 575px\" \/><\/figure>\n\n\n\n<p>En Casa del Bicentenario este lunes se procedi\u00f3 a la firma del acta del convenio entre Municipalidad de Las Parejas y ANSES para el funcionamiento de sus oficinas correspondientes en nuestra ciudad.<\/p>\n\n\n\n<p>El Intendente Horacio Compagnucci junto al Jefe de la Regional Litoral ANSES Dr. Diego Mansilla, Presidenta del Concejo Prof. Cintia Marconato y la Directora de Cultura Prof. Erica Molteni encabezaron este acto para la firma de este acuerdo que tiene como objetivo descentralizar la atenci\u00f3n de las oficinas de Ca\u00f1ada de G\u00f3mez, ampliar la presencia territorial y la gesti\u00f3n de programas para cubrir necesidades de cada parejense; se propone profundizar el trabajo y coordinar el desarrollo de manera conjunta y social para la construcci\u00f3n de una ciudad inclusiva.<\/p>\n\n\n\n<div class=\"wp-block-image\"><figure class=\"alignleft\"><a href=\"https:\/\/www.radiolasparejas.com.ar\/wp-content\/uploads\/2021\/10\/c1898600-f569-4578-b00f-4e4127e5dc0d.jpg\"><img decoding=\"async\" src=\"https:\/\/www.radiolasparejas.com.ar\/wp-content\/uploads\/2021\/10\/c1898600-f569-4578-b00f-4e4127e5dc0d-300x225.jpg\" alt=\"\" class=\"wp-image-34553\"\/><\/a><\/figure><\/div>\n\n\n\n<p><\/p>\n\n\n\n<p>\u201cHoy es un d\u00eda muy importante para Las Parejas y el Depto. Belgrano\u201d, dijo el Intendente Compagnucci a los presentes; \u201cANSES es un tema que viene de hace bastante tiempo y siempre fue el organismo que sale a evacuar y dar soluciones en lo social a quien m\u00e1s lo necesita\u201d, sostuvo, haciendo referencia a que en 2019 cuando Diego Mansilla asume su cargo \u201cempieza\u00a0 el deseo de descentralizar la oficina de Ca\u00f1ada de G\u00f3mez, ah\u00ed empieza el camino y a la vez la pandemia, donde aparecieron los distintos programas para contener los sectores m\u00e1s vulnerables y para que industrias\u00a0 y comercios no se cayeran\u201d, mencion\u00f3 el Intendente; \u201cLas Parejas \u00a0no era la excepci\u00f3n y todos fueron contenidos desde la carga social hasta el pago de salarios\u201d, indic\u00f3; \u201ccuando la pandemia dio un respiro, Diego lleg\u00f3 comentando que\u00a0 estaba tomada la decisi\u00f3n y ANSES iba a tener su oficina en nuestra ciudad pero no hab\u00eda local y de un s\u00e1bado para un lunes lo conseguimos\u201d, rememor\u00f3. \u201cSin dudas es un d\u00eda muy importante para nosotros y a corto plazo se pondr\u00e1 en funcionamiento para todo el Departamento, es un logro y avance muy importante para Las Parejas\u201d, expres\u00f3 Compagnucci.<\/p>\n\n\n\n<p>A su turno, el Jefe de la Regi\u00f3n del Litoral ANSES Diego Mansilla coment\u00f3 que la llegada de esta oficina \u201ces un respiro al trabajo que se realiza en Ca\u00f1ada de G\u00f3mez y por el cual hab\u00edamos comenzado a trabajar en 2013, esos a\u00f1os empezaron a llegar los primeros operativos\u00a0 y necesit\u00e1bamos poder contar con ellos\u201d, rememor\u00f3; \u201cLas Parejas es epicentro de una regi\u00f3n de trabajo industrial y el estado ten\u00eda que tener una presencia significativa\u201d, expuso, al tiempo que recordaba que en diciembre de 2015 con el cambio de Gobierno \u201cse postergaron un mont\u00f3n de sue\u00f1os para los parejenses, pero en diciembre de 2019 nos pusimos a trabajar buscando respuestas en estas cuestiones que estaban pendientes, retomamos gestiones inconclusas para recuperar herramientas que consider\u00e1bamos fundamental para el desarrollo y futuro de la ciudad\u201d, expres\u00f3 Mansilla. \u201cEsto que anunciamos queda definitivo para Las Parejas y las cosas no se dan de un d\u00eda para otro ni caen del cielo, todo necesita de maduraci\u00f3n, \u00a0responsabilidad y tambi\u00e9n decisi\u00f3n pol\u00edtica\u201d, sostuvo; \u201cANSES \u00a0hoy es el principal organismo que m\u00e1s presencia tiene a nivel pa\u00eds en cuanto a herramientas y nunca \u00a0dej\u00f3 de hacer operativos, a\u00fan \u00a0con personal reducido en plena pandemia\u201d, indic\u00f3; \u201choy firmamos el convenio y en 10 o 15 d\u00edas inauguramos las oficinas para el d\u00eda siguiente comenzar a trabajar, todo lleva un proceso y la oficina de ANSES ya es una realidad y pertenece a cada habitante de Las Parejas que ha sabido en momentos dif\u00edciles acompa\u00f1ar la gesti\u00f3n municipal, tenemos que seguir trabajando juntos porque as\u00ed las cosas se concretan y quedan para todos los parejenses\u201d, concluy\u00f3.<\/p>\n\n\n\n<p>Fuente: Radio Las Parejas-<\/p>\n","protected":false},"excerpt":{"rendered":"<p>En Casa del Bicentenario este lunes se procedi\u00f3 a la firma del acta del convenio entre Municipalidad de Las Parejas y ANSES para el funcionamiento de sus oficinas correspondientes en nuestra ciudad. El Intendente Horacio Compagnucci junto al Jefe de la Regional Litoral ANSES Dr. Diego Mansilla, Presidenta del Concejo Prof. Cintia Marconato y la <a href=\"https:\/\/armstrongyregion.com.ar\/diario\/firma-de-convenio-para-el-funcionamiento-de-anses-en-las-parejas\/\" title=\"Read more\" >&#8230;<\/a><\/p>\n","protected":false},"author":1,"featured_media":31908,"comment_status":"open","ping_status":"open","sticky":false,"template":"","format":"image","meta":{"_jetpack_memberships_contains_paid_content":false,"footnotes":"","jetpack_publicize_message":"","jetpack_publicize_feature_enabled":true,"jetpack_social_post_already_shared":true,"jetpack_social_options":{"image_generator_settings":{"template":"highway","default_image_id":0,"enabled":false},"version":2}},"categories":[8,1,7,3],"tags":[],"class_list":["post-31907","post","type-post","status-publish","format-image","has-post-thumbnail","hentry","category-deliberando","category-diario-armstrong","category-politica","category-region","post_format-post-format-image"],"jetpack_publicize_connections":[],"jetpack_featured_media_url":"https:\/\/armstrongyregion.com.ar\/diario\/wp-content\/uploads\/2021\/10\/b7ed6de7-ce97-4c5e-b19d-edd87bb42b34-1280x640-1.jpg","jetpack_shortlink":"https:\/\/wp.me\/p62QDO-8iD","jetpack_sharing_enabled":true,"amp_enabled":true,"_links":{"self":[{"href":"https:\/\/armstrongyregion.com.ar\/diario\/wp-json\/wp\/v2\/posts\/31907","targetHints":{"allow":["GET"]}}],"collection":[{"href":"https:\/\/armstrongyregion.com.ar\/diario\/wp-json\/wp\/v2\/posts"}],"about":[{"href":"https:\/\/armstrongyregion.com.ar\/diario\/wp-json\/wp\/v2\/types\/post"}],"author":[{"embeddable":true,"href":"https:\/\/armstrongyregion.com.ar\/diario\/wp-json\/wp\/v2\/users\/1"}],"replies":[{"embeddable":true,"href":"https:\/\/armstrongyregion.com.ar\/diario\/wp-json\/wp\/v2\/comments?post=31907"}],"version-history":[{"count":2,"href":"https:\/\/armstrongyregion.com.ar\/diario\/wp-json\/wp\/v2\/posts\/31907\/revisions"}],"predecessor-version":[{"id":31910,"href":"https:\/\/armstrongyregion.com.ar\/diario\/wp-json\/wp\/v2\/posts\/31907\/revisions\/31910"}],"wp:featuredmedia":[{"embeddable":true,"href":"https:\/\/armstrongyregion.com.ar\/diario\/wp-json\/wp\/v2\/media\/31908"}],"wp:attachment":[{"href":"https:\/\/armstrongyregion.com.ar\/diario\/wp-json\/wp\/v2\/media?parent=31907"}],"wp:term":[{"taxonomy":"category","embeddable":true,"href":"https:\/\/armstrongyregion.com.ar\/diario\/wp-json\/wp\/v2\/categories?post=31907"},{"taxonomy":"post_tag","embeddable":true,"href":"https:\/\/armstrongyregion.com.ar\/diario\/wp-json\/wp\/v2\/tags?post=31907"}],"curies":[{"name":"wp","href":"https:\/\/api.w.org\/{rel}","templated":true}]}}