{"id":31900,"date":"2021-10-05T00:54:39","date_gmt":"2021-10-05T00:54:39","guid":{"rendered":"https:\/\/armstrongyregion.com.ar\/diario\/?p=31900"},"modified":"2021-10-05T00:54:41","modified_gmt":"2021-10-05T00:54:41","slug":"clerici-y-casalegno-presentaron-proyecto-paseo-del-agua","status":"publish","type":"post","link":"https:\/\/armstrongyregion.com.ar\/diario\/clerici-y-casalegno-presentaron-proyecto-paseo-del-agua\/","title":{"rendered":"Cl\u00e9rici y Casalegno presentaron proyecto Paseo del Agua."},"content":{"rendered":"\n<figure class=\"wp-block-image size-large\"><img loading=\"lazy\" decoding=\"async\" width=\"400\" height=\"300\" src=\"http:\/\/armstrongyregion.com.ar\/diario\/wp-content\/uploads\/2021\/10\/clerici-casalegno-.jpg\" alt=\"\" class=\"wp-image-31901\" srcset=\"https:\/\/armstrongyregion.com.ar\/diario\/wp-content\/uploads\/2021\/10\/clerici-casalegno-.jpg 400w, https:\/\/armstrongyregion.com.ar\/diario\/wp-content\/uploads\/2021\/10\/clerici-casalegno--300x225.jpg 300w\" sizes=\"auto, (max-width: 400px) 100vw, 400px\" \/><\/figure>\n\n\n\n<p>La iniciativa contempla acciones conjuntas con participaci\u00f3n p\u00fablico privada para recuperaci\u00f3n y embellecimiento de las m\u00e1rgenes en el tramo urbano.<\/p>\n\n\n\n<p>La intendenta Stella Cl\u00e9rici, el presidente del Concejo, Marcelo Casalegno, y la directora de Arquitectura y Planeamiento, Marcela Fazi, presentaron esta ma\u00f1ana el proyecto Paseo Del Agua &#8211; Parque Lineal Arroyo Ca\u00f1ada De G\u00f3mez.<\/p>\n\n\n\n<p>El proyecto, a ejecutarse en el tramo urbano de la ciudad, delimitado por calle Latinoam\u00e9rica al oeste (Proyecci\u00f3n Puente Alem) y calle San Lorenzo al este, prev\u00e9 acciones para la recuperaci\u00f3n y embellecimiento de las m\u00e1rgenes con participaci\u00f3n p\u00fablico-privada, organizaciones gubernamentales (Ente Tur\u00edstico, centros de estudiantes, escuelas, etc) y no gubernamentales, clubes, agrupaciones como \u201cAmigos del Arroyo\u201d, \u201cCa\u00f1ada en Bici\u201d, \u201cAgrupaci\u00f3n Arbolado\u201d entre otros.<\/p>\n\n\n\n<p>Entre las acciones propuestas se incluye plantaci\u00f3n de especies arb\u00f3reas y aut\u00f3ctonas, ejecuci\u00f3n de barandas para contenci\u00f3n, iluminaci\u00f3n, ciclov\u00edas, paseos peatonales, accesibilidad al cauce del agua (por medio de colchonetas \/ gaviones) y espacios de estar con equipamiento. \u201cEl objetivo es continuar trabajando con la participaci\u00f3n p\u00fablico privada para recuperar y embellecer las m\u00e1rgenes del Arroyo, generando un espacio m\u00e1s amigable a partir de la gran obra de la presa retardadora\u201d, expresaron las autoridades. &nbsp;<\/p>\n","protected":false},"excerpt":{"rendered":"<p>La iniciativa contempla acciones conjuntas con participaci\u00f3n p\u00fablico privada para recuperaci\u00f3n y embellecimiento de las m\u00e1rgenes en el tramo urbano. La intendenta Stella Cl\u00e9rici, el presidente del Concejo, Marcelo Casalegno, y la directora de Arquitectura y Planeamiento, Marcela Fazi, presentaron esta ma\u00f1ana el proyecto Paseo Del Agua &#8211; Parque Lineal Arroyo Ca\u00f1ada De G\u00f3mez. El <a href=\"https:\/\/armstrongyregion.com.ar\/diario\/clerici-y-casalegno-presentaron-proyecto-paseo-del-agua\/\" title=\"Read more\" >&#8230;<\/a><\/p>\n","protected":false},"author":1,"featured_media":31901,"comment_status":"open","ping_status":"open","sticky":false,"template":"","format":"image","meta":{"_jetpack_memberships_contains_paid_content":false,"footnotes":"","jetpack_publicize_message":"","jetpack_publicize_feature_enabled":true,"jetpack_social_post_already_shared":true,"jetpack_social_options":{"image_generator_settings":{"template":"highway","default_image_id":0,"enabled":false},"version":2}},"categories":[8,1,7,3],"tags":[],"class_list":["post-31900","post","type-post","status-publish","format-image","has-post-thumbnail","hentry","category-deliberando","category-diario-armstrong","category-politica","category-region","post_format-post-format-image"],"jetpack_publicize_connections":[],"jetpack_featured_media_url":"https:\/\/armstrongyregion.com.ar\/diario\/wp-content\/uploads\/2021\/10\/clerici-casalegno-.jpg","jetpack_shortlink":"https:\/\/wp.me\/p62QDO-8iw","jetpack_sharing_enabled":true,"amp_enabled":true,"_links":{"self":[{"href":"https:\/\/armstrongyregion.com.ar\/diario\/wp-json\/wp\/v2\/posts\/31900","targetHints":{"allow":["GET"]}}],"collection":[{"href":"https:\/\/armstrongyregion.com.ar\/diario\/wp-json\/wp\/v2\/posts"}],"about":[{"href":"https:\/\/armstrongyregion.com.ar\/diario\/wp-json\/wp\/v2\/types\/post"}],"author":[{"embeddable":true,"href":"https:\/\/armstrongyregion.com.ar\/diario\/wp-json\/wp\/v2\/users\/1"}],"replies":[{"embeddable":true,"href":"https:\/\/armstrongyregion.com.ar\/diario\/wp-json\/wp\/v2\/comments?post=31900"}],"version-history":[{"count":1,"href":"https:\/\/armstrongyregion.com.ar\/diario\/wp-json\/wp\/v2\/posts\/31900\/revisions"}],"predecessor-version":[{"id":31902,"href":"https:\/\/armstrongyregion.com.ar\/diario\/wp-json\/wp\/v2\/posts\/31900\/revisions\/31902"}],"wp:featuredmedia":[{"embeddable":true,"href":"https:\/\/armstrongyregion.com.ar\/diario\/wp-json\/wp\/v2\/media\/31901"}],"wp:attachment":[{"href":"https:\/\/armstrongyregion.com.ar\/diario\/wp-json\/wp\/v2\/media?parent=31900"}],"wp:term":[{"taxonomy":"category","embeddable":true,"href":"https:\/\/armstrongyregion.com.ar\/diario\/wp-json\/wp\/v2\/categories?post=31900"},{"taxonomy":"post_tag","embeddable":true,"href":"https:\/\/armstrongyregion.com.ar\/diario\/wp-json\/wp\/v2\/tags?post=31900"}],"curies":[{"name":"wp","href":"https:\/\/api.w.org\/{rel}","templated":true}]}}