{"id":31896,"date":"2021-10-03T01:59:56","date_gmt":"2021-10-03T01:59:56","guid":{"rendered":"https:\/\/armstrongyregion.com.ar\/diario\/?p=31896"},"modified":"2021-10-03T01:59:59","modified_gmt":"2021-10-03T01:59:59","slug":"armstrong-programa-yo-me-comprometo-en-casa","status":"publish","type":"post","link":"https:\/\/armstrongyregion.com.ar\/diario\/armstrong-programa-yo-me-comprometo-en-casa\/","title":{"rendered":"Armstrong. Programa \u201cYO ME COMPROMETO EN CASA\u201d."},"content":{"rendered":"\n<figure class=\"wp-block-image size-large\"><img loading=\"lazy\" decoding=\"async\" width=\"1600\" height=\"1200\" src=\"https:\/\/i1.wp.com\/armstrongyregion.com.ar\/diario\/wp-content\/uploads\/2021\/10\/ymc_en_casa_1.jpeg?fit=800%2C600&amp;ssl=1\" alt=\"\" class=\"wp-image-31897\" srcset=\"https:\/\/armstrongyregion.com.ar\/diario\/wp-content\/uploads\/2021\/10\/ymc_en_casa_1.jpeg 1600w, https:\/\/armstrongyregion.com.ar\/diario\/wp-content\/uploads\/2021\/10\/ymc_en_casa_1-300x225.jpeg 300w, https:\/\/armstrongyregion.com.ar\/diario\/wp-content\/uploads\/2021\/10\/ymc_en_casa_1-1024x768.jpeg 1024w, https:\/\/armstrongyregion.com.ar\/diario\/wp-content\/uploads\/2021\/10\/ymc_en_casa_1-768x576.jpeg 768w, https:\/\/armstrongyregion.com.ar\/diario\/wp-content\/uploads\/2021\/10\/ymc_en_casa_1-1536x1152.jpeg 1536w\" sizes=\"auto, (max-width: 1600px) 100vw, 1600px\" \/><\/figure>\n\n\n\n<p>Continuando con los proyectos dirigidos a la preservaci\u00f3n de nuestro medio ambiente, la Municipalidad de Armstrong pone en marcha el programa \u201cYo me Comprometo en Casa\u201d como parte del Plan de Acci\u00f3n que se viene desarrollando en la ciudad \u201cYo me comprometo\u201d, iniciado en el a\u00f1o 2018.<\/p>\n\n\n\n<p>Este nuevo programa organizado por el departamento de Ambiente, integrado por la Secretar\u00eda de Educaci\u00f3n, Cultura y Deporte, la Secretar\u00eda de Servicios P\u00fablicos y la Direcci\u00f3n de Comercio, Industria y Ruralidad con el \u00e1rea de Bromatolog\u00eda como invitada, tiene como objetivo el compostaje domiciliario.<\/p>\n\n\n\n<p>En esta primera etapa, se entregaron 9 composteras a distintas familias de la ciudad para llevar a cabo el proceso. Se colabora as\u00ed con el cuidado del ambiente y ayuda a reducir la cantidad de residuos que enviamos a los rellenos sanitarios.<\/p>\n\n\n\n<figure class=\"wp-block-image\"><img decoding=\"async\" src=\"http:\/\/www.armstrong.gov.ar\/2020\/images\/articulos2021\/ymc_en_casa_2.jpeg\" alt=\"ymc en casa 2\"\/><\/figure>\n\n\n\n<p>El s\u00e1bado 25 de septiembre se ofreci\u00f3 una capacitaci\u00f3n donde se dio la oportunidad a las familias interesadas de comenzar con el compostaje, interiorizarse en el tema.<\/p>\n\n\n\n<p>El contenido apunt\u00f3 a saber qu\u00e9 es el compost, c\u00f3mo se realiza, qu\u00e9 se debe tener en cuenta para llevarlo a cabo y cu\u00e1les son los par\u00e1metros para saber si un compostaje est\u00e1 bien realizado o no. Una explicaci\u00f3n pr\u00e1ctica y concreta del armado de una compostera.<\/p>\n\n\n\n<p>Posteriormente, se har\u00e1 un seguimiento de estas familias para ver c\u00f3mo se va desarrollando el proceso de compostaje.<\/p>\n\n\n\n<p>Este seguimiento tiene como objetivo, por un lado obtener datos medibles, en cuanto a la reducci\u00f3n de residuos que se sacan y por otro, tambi\u00e9n propiciar que las familias motiven a otras a comenzar con el compostaje domiciliario. Invit\u00e1ndolas luego, a realizar ellas mismas capacitaciones entre familiares, vecinos que est\u00e9n interesados en sumarse al compostaje.<\/p>\n\n\n\n<p>El pr\u00f3ximo paso ser\u00e1 una convocatoria abierta a toda la comunidad para aquellas familias que quieran comprometerse a hacer el compostaje domiciliario.<\/p>\n","protected":false},"excerpt":{"rendered":"<p>Continuando con los proyectos dirigidos a la preservaci\u00f3n de nuestro medio ambiente, la Municipalidad de Armstrong pone en marcha el programa \u201cYo me Comprometo en Casa\u201d como parte del Plan de Acci\u00f3n que se viene desarrollando en la ciudad \u201cYo me comprometo\u201d, iniciado en el a\u00f1o 2018. Este nuevo programa organizado por el departamento de <a href=\"https:\/\/armstrongyregion.com.ar\/diario\/armstrong-programa-yo-me-comprometo-en-casa\/\" title=\"Read more\" >&#8230;<\/a><\/p>\n","protected":false},"author":1,"featured_media":31897,"comment_status":"open","ping_status":"open","sticky":false,"template":"","format":"image","meta":{"_jetpack_memberships_contains_paid_content":false,"footnotes":"","jetpack_publicize_message":"","jetpack_publicize_feature_enabled":true,"jetpack_social_post_already_shared":true,"jetpack_social_options":{"image_generator_settings":{"template":"highway","default_image_id":0,"enabled":false},"version":2}},"categories":[8,1,2,7],"tags":[],"class_list":["post-31896","post","type-post","status-publish","format-image","has-post-thumbnail","hentry","category-deliberando","category-diario-armstrong","category-locales","category-politica","post_format-post-format-image"],"jetpack_publicize_connections":[],"jetpack_featured_media_url":"https:\/\/armstrongyregion.com.ar\/diario\/wp-content\/uploads\/2021\/10\/ymc_en_casa_1.jpeg","jetpack_shortlink":"https:\/\/wp.me\/p62QDO-8is","jetpack_sharing_enabled":true,"amp_enabled":true,"_links":{"self":[{"href":"https:\/\/armstrongyregion.com.ar\/diario\/wp-json\/wp\/v2\/posts\/31896","targetHints":{"allow":["GET"]}}],"collection":[{"href":"https:\/\/armstrongyregion.com.ar\/diario\/wp-json\/wp\/v2\/posts"}],"about":[{"href":"https:\/\/armstrongyregion.com.ar\/diario\/wp-json\/wp\/v2\/types\/post"}],"author":[{"embeddable":true,"href":"https:\/\/armstrongyregion.com.ar\/diario\/wp-json\/wp\/v2\/users\/1"}],"replies":[{"embeddable":true,"href":"https:\/\/armstrongyregion.com.ar\/diario\/wp-json\/wp\/v2\/comments?post=31896"}],"version-history":[{"count":1,"href":"https:\/\/armstrongyregion.com.ar\/diario\/wp-json\/wp\/v2\/posts\/31896\/revisions"}],"predecessor-version":[{"id":31898,"href":"https:\/\/armstrongyregion.com.ar\/diario\/wp-json\/wp\/v2\/posts\/31896\/revisions\/31898"}],"wp:featuredmedia":[{"embeddable":true,"href":"https:\/\/armstrongyregion.com.ar\/diario\/wp-json\/wp\/v2\/media\/31897"}],"wp:attachment":[{"href":"https:\/\/armstrongyregion.com.ar\/diario\/wp-json\/wp\/v2\/media?parent=31896"}],"wp:term":[{"taxonomy":"category","embeddable":true,"href":"https:\/\/armstrongyregion.com.ar\/diario\/wp-json\/wp\/v2\/categories?post=31896"},{"taxonomy":"post_tag","embeddable":true,"href":"https:\/\/armstrongyregion.com.ar\/diario\/wp-json\/wp\/v2\/tags?post=31896"}],"curies":[{"name":"wp","href":"https:\/\/api.w.org\/{rel}","templated":true}]}}