{"id":31892,"date":"2021-10-03T01:56:11","date_gmt":"2021-10-03T01:56:11","guid":{"rendered":"https:\/\/armstrongyregion.com.ar\/diario\/?p=31892"},"modified":"2021-10-03T01:56:14","modified_gmt":"2021-10-03T01:56:14","slug":"las-rosas-participantes-de-los-cursos-santa-fe-recibieron-las-tarjetas-para-el-cobro-de-becas","status":"publish","type":"post","link":"https:\/\/armstrongyregion.com.ar\/diario\/las-rosas-participantes-de-los-cursos-santa-fe-recibieron-las-tarjetas-para-el-cobro-de-becas\/","title":{"rendered":"Las Rosas: participantes de los cursos \u00abSanta Fe +\u00bb recibieron las tarjetas para el cobro de becas."},"content":{"rendered":"\n<figure class=\"wp-block-image size-large\"><img loading=\"lazy\" decoding=\"async\" width=\"485\" height=\"366\" src=\"http:\/\/armstrongyregion.com.ar\/diario\/wp-content\/uploads\/2021\/10\/meyer-entrega-becas-.jpg\" alt=\"\" class=\"wp-image-31894\" srcset=\"https:\/\/armstrongyregion.com.ar\/diario\/wp-content\/uploads\/2021\/10\/meyer-entrega-becas-.jpg 485w, https:\/\/armstrongyregion.com.ar\/diario\/wp-content\/uploads\/2021\/10\/meyer-entrega-becas--300x226.jpg 300w\" sizes=\"auto, (max-width: 485px) 100vw, 485px\" \/><\/figure>\n\n\n\n<h2 class=\"wp-block-heading\"> Fueron entregadas por el Intendente Javier Meyer, acompa\u00f1ado del concejal N\u00e9stor Aquino, integrantes del \u00c1rea Social y en conjunto con el Ministerio de Desarrollo Social. <\/h2>\n\n\n\n<p>El d\u00eda 30 de septiembre, el Intendente de Las Rosas, acompa\u00f1ado del concejal Nestor Aquino, integrantes del \u00c1rea Social y en conjunto con el Ministerio de Desarrollo Social, hicieron entrega de las tarjetas para el cobro de las becas Santa Fe + correspondiente a los 5 cursos de capacitaci\u00f3n en oficios que se est\u00e1n dictando en la ciudad. Adem\u00e1s, avanzando con estos cursos, el \u00c1rea Social del municipio present\u00f3 \u201cBanco Solidario\u201d, el cual consiste en peque\u00f1os cr\u00e9ditos para que los alumnos puedan hacerse de sus herramientas.<\/p>\n\n\n\n<p><em>\u00abHemos hecho entrega de la tarjeta \u00abSanta Fe +\u00bb a los alumnos que participaron de los cursos de capacitaci\u00f3n, y con ellas pueden acceder a las becas que perciben. Hay que destacar la amplia concurrencia en estas 5 capacitaciones que se est\u00e1n dictando conjuntamente con el Ministerio de Desarrollo Social de Santa Fe; y tambi\u00e9n poner en conocimiento de los alumnos que se est\u00e1 gestionando Microcr\u00e9ditos (\u00abBanco Solidario\u00bb) para que puedan adquirir sus primeras herramientas de trabajo\u00bb<\/em>, expres\u00f3 Meyer.<\/p>\n\n\n\n<p>El jefe municipal agradeci\u00f3 a la Escuela T\u00e9cnica n\u00b0 278 \u00abGral. Mosconi\u00bb y a todo su personal ya que\u00a0<em>\u00absiempre est\u00e1 disposici\u00f3n cuando desarrollamos cursos como estos, que fueron gestionados con el Ministerio de Desarrollo Social de Santa Fe\u00bb,<\/em>\u00a0haci\u00e9ndo extensivo a las autoridad provinciales que se hicieron presentes para materializar la entrega de las becas.\u00a0<em>\u00abRealmente me pone contento esta situaci\u00f3n que permite que haya nueva mano de obra calif\u00edcada en nuestra ciudad\u00bb,\u00a0<\/em>concluy\u00f3.<\/p>\n\n\n\n<p><\/p>\n\n\n\n<figure class=\"wp-block-audio\"><audio controls src=\"http:\/\/armstrongyregion.com.ar\/diario\/wp-content\/uploads\/2021\/10\/multimedia.audio_.9a9dea2c5771743f.6d756c74696d656469612e617564696f2e6232316434356336323738373731652e6d7033.mp3\"><\/audio><\/figure>\n\n\n\n<p>Fuente: Las Rosas Digital.<\/p>\n","protected":false},"excerpt":{"rendered":"<p>Fueron entregadas por el Intendente Javier Meyer, acompa\u00f1ado del concejal N\u00e9stor Aquino, integrantes del \u00c1rea Social y en conjunto con el Ministerio de Desarrollo Social. El d\u00eda 30 de septiembre, el Intendente de Las Rosas, acompa\u00f1ado del concejal Nestor Aquino, integrantes del \u00c1rea Social y en conjunto con el Ministerio de Desarrollo Social, hicieron entrega <a href=\"https:\/\/armstrongyregion.com.ar\/diario\/las-rosas-participantes-de-los-cursos-santa-fe-recibieron-las-tarjetas-para-el-cobro-de-becas\/\" title=\"Read more\" >&#8230;<\/a><\/p>\n","protected":false},"author":1,"featured_media":31894,"comment_status":"open","ping_status":"open","sticky":false,"template":"","format":"image","meta":{"_jetpack_memberships_contains_paid_content":false,"footnotes":"","jetpack_publicize_message":"","jetpack_publicize_feature_enabled":true,"jetpack_social_post_already_shared":true,"jetpack_social_options":{"image_generator_settings":{"template":"highway","default_image_id":0,"enabled":false},"version":2}},"categories":[8,1,7,3],"tags":[],"class_list":["post-31892","post","type-post","status-publish","format-image","has-post-thumbnail","hentry","category-deliberando","category-diario-armstrong","category-politica","category-region","post_format-post-format-image"],"jetpack_publicize_connections":[],"jetpack_featured_media_url":"https:\/\/armstrongyregion.com.ar\/diario\/wp-content\/uploads\/2021\/10\/meyer-entrega-becas-.jpg","jetpack_shortlink":"https:\/\/wp.me\/p62QDO-8io","jetpack_sharing_enabled":true,"amp_enabled":true,"_links":{"self":[{"href":"https:\/\/armstrongyregion.com.ar\/diario\/wp-json\/wp\/v2\/posts\/31892","targetHints":{"allow":["GET"]}}],"collection":[{"href":"https:\/\/armstrongyregion.com.ar\/diario\/wp-json\/wp\/v2\/posts"}],"about":[{"href":"https:\/\/armstrongyregion.com.ar\/diario\/wp-json\/wp\/v2\/types\/post"}],"author":[{"embeddable":true,"href":"https:\/\/armstrongyregion.com.ar\/diario\/wp-json\/wp\/v2\/users\/1"}],"replies":[{"embeddable":true,"href":"https:\/\/armstrongyregion.com.ar\/diario\/wp-json\/wp\/v2\/comments?post=31892"}],"version-history":[{"count":1,"href":"https:\/\/armstrongyregion.com.ar\/diario\/wp-json\/wp\/v2\/posts\/31892\/revisions"}],"predecessor-version":[{"id":31895,"href":"https:\/\/armstrongyregion.com.ar\/diario\/wp-json\/wp\/v2\/posts\/31892\/revisions\/31895"}],"wp:featuredmedia":[{"embeddable":true,"href":"https:\/\/armstrongyregion.com.ar\/diario\/wp-json\/wp\/v2\/media\/31894"}],"wp:attachment":[{"href":"https:\/\/armstrongyregion.com.ar\/diario\/wp-json\/wp\/v2\/media?parent=31892"}],"wp:term":[{"taxonomy":"category","embeddable":true,"href":"https:\/\/armstrongyregion.com.ar\/diario\/wp-json\/wp\/v2\/categories?post=31892"},{"taxonomy":"post_tag","embeddable":true,"href":"https:\/\/armstrongyregion.com.ar\/diario\/wp-json\/wp\/v2\/tags?post=31892"}],"curies":[{"name":"wp","href":"https:\/\/api.w.org\/{rel}","templated":true}]}}