{"id":31851,"date":"2021-09-28T01:44:36","date_gmt":"2021-09-28T01:44:36","guid":{"rendered":"https:\/\/armstrongyregion.com.ar\/diario\/?p=31851"},"modified":"2021-09-28T01:44:39","modified_gmt":"2021-09-28T01:44:39","slug":"deliberando-candidatos-de-armstrong-que-encabezan-lista-de-concejales","status":"publish","type":"post","link":"https:\/\/armstrongyregion.com.ar\/diario\/deliberando-candidatos-de-armstrong-que-encabezan-lista-de-concejales\/","title":{"rendered":"Deliberando: Candidatos de Armstrong que encabezan lista de concejales."},"content":{"rendered":"\n<figure class=\"wp-block-image size-large\"><img loading=\"lazy\" decoding=\"async\" width=\"720\" height=\"720\" src=\"http:\/\/armstrongyregion.com.ar\/diario\/wp-content\/uploads\/2021\/09\/guille-luz.jpg\" alt=\"\" class=\"wp-image-31852\" srcset=\"https:\/\/armstrongyregion.com.ar\/diario\/wp-content\/uploads\/2021\/09\/guille-luz.jpg 720w, https:\/\/armstrongyregion.com.ar\/diario\/wp-content\/uploads\/2021\/09\/guille-luz-300x300.jpg 300w, https:\/\/armstrongyregion.com.ar\/diario\/wp-content\/uploads\/2021\/09\/guille-luz-150x150.jpg 150w\" sizes=\"auto, (max-width: 720px) 100vw, 720px\" \/><\/figure>\n\n\n\n<p> En la noche del martes 28 de septiembre, participaran en nuestro programa los candidatos a concejales que encabezan lista, por el oficialismo; F.P.C.y S. Ing. Guillermo Luzzi, por el Partido Justicialista Luz Marina Fischer. El candidato de Renovaci\u00f3n por Armstrong, Jes\u00fas Urqu\u00eda, no participar\u00e1 del programa por razones personales y ocupara su espacio televisivo quien lo secunda Brunella Scarafiocca.<\/p>\n\n\n\n<p>En el primer bloque, Guillermo Luzzi, actual funcionario en el \u00e1rea de obras p\u00fablicas de la gesti\u00f3n Verdecchia, nos contar\u00e1 sobre la decisi\u00f3n y la responsabilidad de aceptar esta candidatura, como ver\u00e1 el accionar del ejecutivo desde adentro;  obras en ejecuci\u00f3n y proyectos y tambi\u00e9n solicitaremos nos brinde razones por lo cual la actual gesti\u00f3n debe continuar un per\u00edodo m\u00e1s.<\/p>\n\n\n\n<p>En el segundo bloque, Luz Marina Fischer quien encabeza la lista del Partido Justicialista que lleva como candidato a intendente a Guillermo Marconi,  equipo que  fue  novedad para Armstrong y la regi\u00f3n, \u00e1vida cuenta de que el peronismo demostr\u00f3 una verdadera renovaci\u00f3n, ya que los ex-candidatos que participaban en las PASO, en esta oportunidad se pusieron de acuerdo, y destacan  que Luz Marina Fischer es la primera mujer en encabezar lista en el peronismo Armstronense. Le pediremos a la candidata, nos brinde  su visi\u00f3n con respecto a la actual labor del legislativo y consultaremos sobre los proyectos en los que har\u00eda hincapi\u00e9 en el caso de ocupar la banca.<\/p>\n\n\n\n<figure class=\"wp-block-image size-large\"><img loading=\"lazy\" decoding=\"async\" width=\"406\" height=\"245\" src=\"http:\/\/armstrongyregion.com.ar\/diario\/wp-content\/uploads\/2021\/09\/Brunela-Scarafioca-.jpg\" alt=\"\" class=\"wp-image-31853\" srcset=\"https:\/\/armstrongyregion.com.ar\/diario\/wp-content\/uploads\/2021\/09\/Brunela-Scarafioca-.jpg 406w, https:\/\/armstrongyregion.com.ar\/diario\/wp-content\/uploads\/2021\/09\/Brunela-Scarafioca--300x181.jpg 300w\" sizes=\"auto, (max-width: 406px) 100vw, 406px\" \/><\/figure>\n\n\n\n<p>Finalmente Brunella Scarafiocca, participante de la lista que lleva como candidato a intendente a Emiliano Gramigna, nos informara cuanto hace que trabaja para la agrupaci\u00f3n y por que proyectos bregar\u00eda en el caso de ingresar al legislativo. Tambi\u00e9n consultaremos sobre su visi\u00f3n sobre el actual trabajo en el recinto.<\/p>\n\n\n\n<p> Martes 28 de Septiembre 2021\/ <\/p>\n\n\n\n<p>21hs. Por Cable Imagen Armstrong-  Reiteraci\u00f3n Mi\u00e9rcoles 13,30hs y Domingos 13hs.<\/p>\n","protected":false},"excerpt":{"rendered":"<p>En la noche del martes 28 de septiembre, participaran en nuestro programa los candidatos a concejales que encabezan lista, por el oficialismo; F.P.C.y S. Ing. Guillermo Luzzi, por el Partido Justicialista Luz Marina Fischer. El candidato de Renovaci\u00f3n por Armstrong, Jes\u00fas Urqu\u00eda, no participar\u00e1 del programa por razones personales y ocupara su espacio televisivo quien <a href=\"https:\/\/armstrongyregion.com.ar\/diario\/deliberando-candidatos-de-armstrong-que-encabezan-lista-de-concejales\/\" title=\"Read more\" >&#8230;<\/a><\/p>\n","protected":false},"author":1,"featured_media":31852,"comment_status":"open","ping_status":"open","sticky":false,"template":"","format":"image","meta":{"_jetpack_memberships_contains_paid_content":false,"footnotes":"","jetpack_publicize_message":"","jetpack_publicize_feature_enabled":true,"jetpack_social_post_already_shared":true,"jetpack_social_options":{"image_generator_settings":{"template":"highway","default_image_id":0,"enabled":false},"version":2}},"categories":[8,1,2,7,3],"tags":[],"class_list":["post-31851","post","type-post","status-publish","format-image","has-post-thumbnail","hentry","category-deliberando","category-diario-armstrong","category-locales","category-politica","category-region","post_format-post-format-image"],"jetpack_publicize_connections":[],"jetpack_featured_media_url":"https:\/\/armstrongyregion.com.ar\/diario\/wp-content\/uploads\/2021\/09\/guille-luz.jpg","jetpack_shortlink":"https:\/\/wp.me\/p62QDO-8hJ","jetpack_sharing_enabled":true,"amp_enabled":true,"_links":{"self":[{"href":"https:\/\/armstrongyregion.com.ar\/diario\/wp-json\/wp\/v2\/posts\/31851","targetHints":{"allow":["GET"]}}],"collection":[{"href":"https:\/\/armstrongyregion.com.ar\/diario\/wp-json\/wp\/v2\/posts"}],"about":[{"href":"https:\/\/armstrongyregion.com.ar\/diario\/wp-json\/wp\/v2\/types\/post"}],"author":[{"embeddable":true,"href":"https:\/\/armstrongyregion.com.ar\/diario\/wp-json\/wp\/v2\/users\/1"}],"replies":[{"embeddable":true,"href":"https:\/\/armstrongyregion.com.ar\/diario\/wp-json\/wp\/v2\/comments?post=31851"}],"version-history":[{"count":1,"href":"https:\/\/armstrongyregion.com.ar\/diario\/wp-json\/wp\/v2\/posts\/31851\/revisions"}],"predecessor-version":[{"id":31854,"href":"https:\/\/armstrongyregion.com.ar\/diario\/wp-json\/wp\/v2\/posts\/31851\/revisions\/31854"}],"wp:featuredmedia":[{"embeddable":true,"href":"https:\/\/armstrongyregion.com.ar\/diario\/wp-json\/wp\/v2\/media\/31852"}],"wp:attachment":[{"href":"https:\/\/armstrongyregion.com.ar\/diario\/wp-json\/wp\/v2\/media?parent=31851"}],"wp:term":[{"taxonomy":"category","embeddable":true,"href":"https:\/\/armstrongyregion.com.ar\/diario\/wp-json\/wp\/v2\/categories?post=31851"},{"taxonomy":"post_tag","embeddable":true,"href":"https:\/\/armstrongyregion.com.ar\/diario\/wp-json\/wp\/v2\/tags?post=31851"}],"curies":[{"name":"wp","href":"https:\/\/api.w.org\/{rel}","templated":true}]}}