{"id":31836,"date":"2021-09-27T01:13:36","date_gmt":"2021-09-27T01:13:36","guid":{"rendered":"https:\/\/armstrongyregion.com.ar\/diario\/?p=31836"},"modified":"2021-09-27T01:13:39","modified_gmt":"2021-09-27T01:13:39","slug":"controles-ecograficos-que-deben-realizarse-en-el-embarazo-por-dra-valeria-mazzoni","status":"publish","type":"post","link":"https:\/\/armstrongyregion.com.ar\/diario\/controles-ecograficos-que-deben-realizarse-en-el-embarazo-por-dra-valeria-mazzoni\/","title":{"rendered":"Controles Ecogr\u00e1ficos que deben realizarse en el embarazo. Por Dra. Valeria Mazzoni."},"content":{"rendered":"\n<figure class=\"wp-block-image size-large\"><img loading=\"lazy\" decoding=\"async\" width=\"600\" height=\"600\" src=\"http:\/\/armstrongyregion.com.ar\/diario\/wp-content\/uploads\/2021\/09\/Dra.-Valeria-Mazzoni.jpg\" alt=\"\" class=\"wp-image-31837\" srcset=\"https:\/\/armstrongyregion.com.ar\/diario\/wp-content\/uploads\/2021\/09\/Dra.-Valeria-Mazzoni.jpg 600w, https:\/\/armstrongyregion.com.ar\/diario\/wp-content\/uploads\/2021\/09\/Dra.-Valeria-Mazzoni-300x300.jpg 300w, https:\/\/armstrongyregion.com.ar\/diario\/wp-content\/uploads\/2021\/09\/Dra.-Valeria-Mazzoni-150x150.jpg 150w\" sizes=\"auto, (max-width: 600px) 100vw, 600px\" \/><\/figure>\n\n\n\n<p>\nEl\npr\u00f3ximo lunes 27 de Septiembre, el Centro M\u00e9dico CEMED,\ndireccionado y coordinado por el Dr. Juan Pablo Balonchard, nos\nbrinda a una de sus profesionales, Dra. Valeria\nMazzoni, en este caso Especialista en Diagnostico por Im\u00e1genes,\nquien nos informara sobre los controles que deben realizarse en el\nembarazo, y lo ultimo en ecografias 5D, aparato de avanzada adquirido\npor la cl\u00ednica.<\/p>\n\n\n\n<p><strong>Una&nbsp;<\/strong><strong>ecograf\u00eda<\/strong><strong>&nbsp;es\nun&nbsp;<\/strong><strong>procedimiento\nde diagn\u00f3stico m\u00e9dico que utiliza ultrasonidos para generar\nim\u00e1genes<\/strong><strong>.\nEsta prueba no invasiva permite durante la gestaci\u00f3n controlar la\ncorrecta evoluci\u00f3n del feto. Para los futuros pap\u00e1s es siempre un\nalivio y un momento de gran emoci\u00f3n ver al peque\u00f1o por unos\nsegundos en el monitor del ec\u00f3grafo y&nbsp;<\/strong><a href=\"http:\/\/www.minilandbaby.com\/es\/productos\/pre-mama\/item\/679-sweetbeat\"><strong>o\u00edr\nsu latido<\/strong><\/a><strong>.\nEsas citas se marcan en el calendario&nbsp;y generan nervios e\nilusi\u00f3n. Todos los pap\u00e1s esperan que sus beb\u00e9s evolucionen de\nforma adecuada y no presenten ning\u00fan tipo de problema.<\/strong><\/p>\n\n\n\n<p>\n<strong>M\u00e9dicamente\nla importancia de las ecograf\u00edas es incuestionable. De\nhecho&nbsp;<\/strong><strong>permiten\ndetectar malformaciones y realizar un completo control<\/strong><strong>&nbsp;para\nvalorar el crecimiento del feto y muchas otras variables.<\/strong><\/p>\n\n\n\n<h2 class=\"wp-block-heading\">\n<strong>La\necograf\u00eda 5D<\/strong><\/h2>\n\n\n\n<p>\n<strong>Adem\u00e1s\nde las ecograf\u00edas b\u00e1sicas de diagn\u00f3sticos incluidas en el marco de\ncontrol de la seguridad social, existe la posibilidad de\nrealizar&nbsp;<\/strong><strong>ecograf\u00edas\nde control extra que cada vez evolucionan m\u00e1s tecnol\u00f3gicamente<\/strong><strong>.<\/strong><\/p>\n\n\n\n<p>\n<strong>La\nDra Mazzoni, expresaba: <\/strong>\n<\/p>\n\n\n\n<ul class=\"wp-block-list\"><li>\n\t<strong>Proporciona\n\tun&nbsp;<\/strong><strong>contacto\n\ttemprano y tierno con el beb\u00e9&nbsp;<\/strong><strong>que\n\test\u00e1 en camino.<\/strong>\n\t<\/li><li>\n\t<strong>Es\n\tuna herramienta valios\u00edsima en el control del bienestar del\n\tembarazo. Es por ello que en manos expertas sirve como<\/strong><strong>&nbsp;m\u00e9todo\n\tde detecci\u00f3n precoz de algunas patolog\u00edas<\/strong><strong>.\n\tA la vez que se obtienen im\u00e1genes precisas y reales de la cara del\n\tbeb\u00e9 se pueden generar \u00e1reas, vol\u00famenes, repetir mediciones con\n\tel fin de visualizar estructuras anat\u00f3micas del beb\u00e9 y\n\tcomplementarlo con la&nbsp;ecograf\u00eda&nbsp;convencional cuando se\n\tnecesita diagnosticar malformaciones, sobre todo faciales.<\/strong>\n\t<\/li><li>\n\t<strong>Las\n\tecograf\u00edas 5D&nbsp;<\/strong><strong>se\n\tpueden realizar<\/strong><strong>en\n\tcualquier semana de gestaci\u00f3n.<\/strong><strong>&nbsp;Si\n\tlo que se quiere es&nbsp;visualizar los rasgos faciales lo ideal es\n\tentre la semana 26-29.<\/strong>\n\t\n\t\n<\/li><\/ul>\n\n\n\n<p>\nLa\nprincipal&nbsp;diferencia&nbsp;entre\nuna&nbsp;ecograf\u00eda 4D y 5D&nbsp;es\nla calidad de la imagen que se obtiene, puesto que en las&nbsp;ecograf\u00edas\n5D&nbsp;esta\nes m\u00e1s n\u00edtida, precisa y clara, por lo que se genera un aspecto m\u00e1s\nrealista y una mayor sensaci\u00f3n de realidad al ver al feto.\n<\/p>\n\n\n\n<p>Tambi\u00e9n observaremos en este encuentro de \u201cPrevenci\u00f3n y Salud\u201d , ecograf\u00edas 3, 4 y 5D realizadas por el Dr. Silvio Ledesma, agradecimientos a los papas de Stefano que permitieron tomar im\u00e1genes del estudio para la emisi\u00f3n y edici\u00f3n de este programa.<\/p>\n\n\n\n<p>Fuente; Programa Tv. Prevenci\u00f3n y Salud.<\/p>\n\n\n\n<p>Dra. Valeria Mazzoni\/ Dr. Silvio Ledesma.<\/p>\n\n\n\n<p>Lunes 27 de Septiembre a las 13,30hs. Por Cable Imagen Armstrong.<\/p>\n\n\n\n<p>Reiteraci\u00f3n Jueves 20hs y S\u00e1bados 12,30hs.<\/p>\n\n\n\n<p><\/p>\n","protected":false},"excerpt":{"rendered":"<p>El pr\u00f3ximo lunes 27 de Septiembre, el Centro M\u00e9dico CEMED, direccionado y coordinado por el Dr. Juan Pablo Balonchard, nos brinda a una de sus profesionales, Dra. Valeria Mazzoni, en este caso Especialista en Diagnostico por Im\u00e1genes, quien nos informara sobre los controles que deben realizarse en el embarazo, y lo ultimo en ecografias 5D, <a href=\"https:\/\/armstrongyregion.com.ar\/diario\/controles-ecograficos-que-deben-realizarse-en-el-embarazo-por-dra-valeria-mazzoni\/\" title=\"Read more\" >&#8230;<\/a><\/p>\n","protected":false},"author":1,"featured_media":31837,"comment_status":"open","ping_status":"open","sticky":false,"template":"","format":"image","meta":{"_jetpack_memberships_contains_paid_content":false,"footnotes":"","jetpack_publicize_message":"","jetpack_publicize_feature_enabled":true,"jetpack_social_post_already_shared":true,"jetpack_social_options":{"image_generator_settings":{"template":"highway","default_image_id":0,"enabled":false},"version":2}},"categories":[8,1,2,4,3],"tags":[],"class_list":["post-31836","post","type-post","status-publish","format-image","has-post-thumbnail","hentry","category-deliberando","category-diario-armstrong","category-locales","category-prevencion-salud","category-region","post_format-post-format-image"],"jetpack_publicize_connections":[],"jetpack_featured_media_url":"https:\/\/armstrongyregion.com.ar\/diario\/wp-content\/uploads\/2021\/09\/Dra.-Valeria-Mazzoni.jpg","jetpack_shortlink":"https:\/\/wp.me\/p62QDO-8hu","jetpack_sharing_enabled":true,"amp_enabled":true,"_links":{"self":[{"href":"https:\/\/armstrongyregion.com.ar\/diario\/wp-json\/wp\/v2\/posts\/31836","targetHints":{"allow":["GET"]}}],"collection":[{"href":"https:\/\/armstrongyregion.com.ar\/diario\/wp-json\/wp\/v2\/posts"}],"about":[{"href":"https:\/\/armstrongyregion.com.ar\/diario\/wp-json\/wp\/v2\/types\/post"}],"author":[{"embeddable":true,"href":"https:\/\/armstrongyregion.com.ar\/diario\/wp-json\/wp\/v2\/users\/1"}],"replies":[{"embeddable":true,"href":"https:\/\/armstrongyregion.com.ar\/diario\/wp-json\/wp\/v2\/comments?post=31836"}],"version-history":[{"count":1,"href":"https:\/\/armstrongyregion.com.ar\/diario\/wp-json\/wp\/v2\/posts\/31836\/revisions"}],"predecessor-version":[{"id":31838,"href":"https:\/\/armstrongyregion.com.ar\/diario\/wp-json\/wp\/v2\/posts\/31836\/revisions\/31838"}],"wp:featuredmedia":[{"embeddable":true,"href":"https:\/\/armstrongyregion.com.ar\/diario\/wp-json\/wp\/v2\/media\/31837"}],"wp:attachment":[{"href":"https:\/\/armstrongyregion.com.ar\/diario\/wp-json\/wp\/v2\/media?parent=31836"}],"wp:term":[{"taxonomy":"category","embeddable":true,"href":"https:\/\/armstrongyregion.com.ar\/diario\/wp-json\/wp\/v2\/categories?post=31836"},{"taxonomy":"post_tag","embeddable":true,"href":"https:\/\/armstrongyregion.com.ar\/diario\/wp-json\/wp\/v2\/tags?post=31836"}],"curies":[{"name":"wp","href":"https:\/\/api.w.org\/{rel}","templated":true}]}}