{"id":31833,"date":"2021-09-24T20:29:01","date_gmt":"2021-09-24T20:29:01","guid":{"rendered":"https:\/\/armstrongyregion.com.ar\/diario\/?p=31833"},"modified":"2021-09-24T20:29:04","modified_gmt":"2021-09-24T20:29:04","slug":"carina-latini-primera-presidenta-mujer-del-club-atletico-defensores-por-julia-dascanio","status":"publish","type":"post","link":"https:\/\/armstrongyregion.com.ar\/diario\/carina-latini-primera-presidenta-mujer-del-club-atletico-defensores-por-julia-dascanio\/","title":{"rendered":"Carina Latini, primera presidenta mujer del Club Atl\u00e9tico Defensores. Por Julia   D&#8217;Ascanio."},"content":{"rendered":"\n<figure class=\"wp-block-image size-large\"><img loading=\"lazy\" decoding=\"async\" width=\"547\" height=\"320\" src=\"http:\/\/armstrongyregion.com.ar\/diario\/wp-content\/uploads\/2021\/05\/Cari-Latini-.jpg\" alt=\"\" class=\"wp-image-30230\" srcset=\"https:\/\/armstrongyregion.com.ar\/diario\/wp-content\/uploads\/2021\/05\/Cari-Latini-.jpg 547w, https:\/\/armstrongyregion.com.ar\/diario\/wp-content\/uploads\/2021\/05\/Cari-Latini--300x176.jpg 300w\" sizes=\"auto, (max-width: 547px) 100vw, 547px\" \/><\/figure>\n\n\n\n<p>\n<em>\u00bfQu\u00e9 se siente ser la primera presidenta mujer del club\nDefensores?<\/em><\/p>\n\n\n\n<p>-Es un gran orgullo, un desaf\u00edo muy\nimportante y muy grande el cual espero estar a la altura de las\ncircunstancias y bueno, poder cumplir con los objetivos propuestos y\ndejar un legado, digamos para que otras mujeres se animen a ocupar\ndistintos cargos o distintos lugares dentro de las instituciones de\nla sociedad o en cualquier lugar donde podamos ayudar y en lo que\ncada uno se especialice o para lo que cada uno piense o estima que\npuede ayudar a otro, poder llevarlo adelante, poder llevarlo a cabo.<\/p>\n\n\n\n<p><em>\u00bfCu\u00e1ndo asumiste como\npresidenta del club?<\/em><\/p>\n\n\n\n<p>-Yo asum\u00ed como presidente del club\nel 9 de febrero de este a\u00f1o, 2021. En realidad, esto se extendi\u00f3 y\nse pudo reci\u00e9n realizar este a\u00f1o el tema de la asamblea, donde se\nhac\u00edan los cambios de autoridades, por el tema de la pandemia. Es\ndecir, que el a\u00f1o pasado lo tendr\u00edamos que haber realizado en\nabril, siempre se realiza en esa fecha, fin de abril. Las autoridades\nse renuevan por estatuto cada 4 a\u00f1os, presidente y vice, y cada 2\na\u00f1os y por mitades el resto de los miembros de directiva. Con lo\ncual con la pandemia no lo pudimos llevar a cabo el a\u00f1o pasado y por\nnormativa de IANES a nivel nacional y provincial dejaron a la\nanterior comisi\u00f3n directiva seguir funcionando, porque no se pod\u00eda\nllevar a cabo las asambleas por el tema de la pandemia, entonces\nreci\u00e9n lo pudimos hacer y asum\u00ed el 9 de febrero de este a\u00f1o.<\/p>\n\n\n\n<p><em>\u00bfC\u00f3mo fue que te eligieron para\nser presidenta?<\/em><\/p>\n\n\n\n<p>-Bueno, nosotros tenemos una manera\nde trabajar de horizontalidad, as\u00ed que en la anterior comisi\u00f3n\ndirectiva yo ten\u00eda el cargo de secretaria general. Entonces, de esa\nmanera en c\u00f3mo estamos organizados, en que hay un organigrama y que\ncada uno se ocupa de una cuesti\u00f3n, se le da una tem\u00e1tica y la\ndesarrolla, y despu\u00e9s en las reuniones de comisi\u00f3n directiva, que\nson los d\u00edas martes, de ah\u00ed cada uno expone el tema que o de lo\ncual se tiene que encargar y por supuesto estamos todos enterados de\ntodo pero cada uno desarrolla un \u00e1rea, una propia \u00e1rea. Con lo cual\nen esta manera al no ser vertical la organizaci\u00f3n, genera esto un\nbuen trabajo en equipo y entonces tambi\u00e9n hace que cada uno pueda\ndesarrollarse y pueda estar preparado para ocupar cualquier cargo.\nAs\u00ed que bueno, algunos integrantes de la anterior comisi\u00f3n\ndirectiva dijeron que yo podr\u00eda ser y podr\u00eda estar preparada para\nocupar ese cargo, ese puesto. Lo charlamos, me lo propusieron.\nTratamos de incorporar gente nueva que asi se hizo, se armo un lindo\ngrupo de trabajo, una linda lista para presentar para las pr\u00f3ximas\nasambleas, y as\u00ed fue como se me eligi\u00f3 o me propusieron eso. Y\nbueno despu\u00e9s presentamos la lista a la comisi\u00f3n directiva actual y\nde ah\u00ed despu\u00e9s esperamos a la asamblea para que los socios aprueben\nla lista y poder estar as\u00ed en el cargo.<\/p>\n\n\n\n<p><em>\u00bfCu\u00e1les son las funciones de\nser presidenta de un club?<\/em><\/p>\n\n\n\n<p>-Es velar por el nuevo\nfuncionamiento de la instituci\u00f3n, que se cumpla el estatuto porque\nse realice acorde a lo all\u00ed previsto en las pr\u00e1cticas de deportes,\npara que los socios se sientan a gusto y puedan desarrollar las\ndisciplinas, \u00f3sea, todos los servicios que brinda la instituci\u00f3n,\nvelar por ese patrimonio que es de los socios, y el hecho de crear y\nrespetar las subcomisiones que son tambi\u00e9n las que llevan adelante\nlas distintas practicas de los deportes. Mirar el buen funcionamiento\ntanto de las disciplinas como de la infraestructura, de logar el\ncrecimiento del club, llevar las cuentas en orden junto con el\ntesorero y los dem\u00e1s integrantes de comisi\u00f3n directiva. Aspirar a\nun buen crecimiento y a un desarrollo tanto, vuelvo a decir, en la\npr\u00e1ctica de deportes y como en la infraestructura y que se vayan\ndestacando la mayor cantidad de personas posibles o de deportistas\nposibles y adem\u00e1s tratar de que el club este inserto en la sociedad\ny que cumpla un buen rol social dentro de la misma.<\/p>\n\n\n\n<p><em>\u00bfQu\u00e9 expectativas tienes como\npresidenta?<\/em><\/p>\n\n\n\n<p>-Tengo muchas y grandes. Podr\u00eda\ndecirte que la mayor cantidad de ni\u00f1os o adolescentes y tambi\u00e9n\ncualquier socio asociado del club se sigan sintiendo a gusto dentro\nde la instituci\u00f3n, se sientan identificados, que podamos lograr que\ntodos tengan alg\u00fan sentimiento de pertenencia al mismo. Y poder\nseguir creciendo.<\/p>\n\n\n\n<p><em>\u00bfQu\u00e9 objetivos tiene el club\neste a\u00f1o?<\/em><\/p>\n\n\n\n<p>-Bueno este a\u00f1o, es un a\u00f1o muy\nparticular para el club porque el 14 de diciembre cumple 90 a\u00f1os por\nlo tanto hab\u00eda muchas cuestiones a desarrollar y muchos eventos para\nllevar acabo pero el tema de la pandemia hace que vayamos teniendo\nobjetivos cortitos y no sabemos si toda esta situaci\u00f3n va a dejar\nque se logren todos.<\/p>\n\n\n\n<p>Objetivos, bueno hay un objetivo muy\ngrande de infraestructura que es seguir con la obra del predio en\ndonde esta elevada la futura cancha de primera, as\u00ed que se sigue\ntrabajando en eso, se sigue con la obra de los vestuarios, que bueno\neste a\u00f1o se est\u00e1 avanzando bastante. Se hizo como objetivo cumplido\nla apertura de la calle San Martin que tambi\u00e9n era algo muy\nimportante. La renovaci\u00f3n de las canchas de tenis, en donde se\ncambio las luces y se renovaron las lonas perimetrales y el tejido.\nEso en cuanto a infraestructura, despu\u00e9s como eventos y dentro del\nmarco de los 90 a\u00f1os se va a llevar a cabo, creo que aproximadamente\nen septiembre, la despedida de lo que era la cancha de infantiles en\ndonde ah\u00ed van a participar distintos chicos, que hoy ya son adultos\ny que concurrieron a la pr\u00e1ctica de deporte ah\u00ed en ese lugar y\nentonces se armaron grupos en donde est\u00e1n promocionando este evento\ny que bueno, esperemos que eso se pueda logar. Tambi\u00e9n se contrato\nuna empresa para hacer un archivo digital del club donde se van hacer\ndistintas entrevistas. Si tambi\u00e9n si la situaci\u00f3n lo permite, se va\nhacer, seguramente a fin de a\u00f1o, una cena aniversario y despu\u00e9s por\nsupuesto, en cuanto a lo deportivo, vuelvo a repetir, uno se fijo en\nmetas muy cortitas y cumplibles por el tema de la pandemia porque las\ncompetencias aun hoy no est\u00e1n habilitadas, eso es un objetivo que no\nse si se va a poder cumplir por esta situaci\u00f3n.<\/p>\n\n\n\n<p>Un objetivo muy importante que\nsiempre uno se plantea es abrir la instituci\u00f3n de nuevo y que sus\nsocios puedan ingresar al club y brindarles cada vez m\u00e1s beneficios.<\/p>\n\n\n\n<p><em>\u00bfTe es f\u00e1cil relacionarte con\nel ambiente del futbol, que es mayormente manejado por hombres?<\/em><\/p>\n\n\n\n<p>-Como te dije anteriormente,\nnosotros tenemos un organigrama y cada uno se ocupa de distintas\n\u00e1reas. El \u00e1rea de futbol lo maneja fundamentalmente el\nvicepresidente, si bien por supuesto, vuelvo a repetir todos nos\nenteramos y en las reuniones de directiva se vuelcan todos los temas\ny las \u00e1reas de los que cada uno lleva adelante, fundamentalmente yo\nnunca tuve ning\u00fan problema y ni tampoco alguna vez me sent\u00ed\nincomoda ni nada por el estilo, digamos que ahora est\u00e1 mucho m\u00e1s\nabierto, igualmente sigue siendo un tema mayormente contralado por\nhombres, pero incomoda nunca me sent\u00ed, nunca tampoco me lo hicieron\nsentir. Fundamentalmente eso se da m\u00e1s en el futbol de primera\ndigamos pero despu\u00e9s el tema del futbol infantojuvenil ah\u00ed no ha\nmayores inconvenientes.<\/p>\n\n\n\n<p><em>Despu\u00e9s de que termine tu\nmandato, \u00bftienes ganas de renovar tu presidencia en el club?<\/em><\/p>\n\n\n\n<p>-Creo que tendr\u00eda que responderte\ncuando este transitando el \u00faltimo a\u00f1o del mandato. Creo que no, no\ncreo, ya es una etapa cumplida porque ya hace a\u00f1os que primero\nestuve como abogada relacionada al club, luego ingreso a la comisi\u00f3n\ndirectiva en el 2016 y bueno ahora la dejo cuando finalice el\nmandato, creo que ah\u00ed va a ser la etapa cumplida, entramos con un\nobjetivo, es decir, el asentamiento del club, el poder cerrar el\nconcurso, levantar las medidas cautelares que pesaban sobre el mismo.\nY bueno concretar todo eso, concretar la compra de 2 hect\u00e1reas y\nmedia de terrenos linderos al club, de poder comprar unas hect\u00e1reas\ndonde ah\u00ed iba ser la uni\u00f3n del predio actual con el predio nuevo,\ndonde totalizar\u00eda m\u00e1s de 9 hect\u00e1reas el predio que actualmente\ntiene defensores. Entonces eso es, creo que con eso, son objetivos\ncumplidos que nos hab\u00edamos propuesto tanto como en el anterior\nmandato como en este, as\u00ed que creo que la dejo en stand-by esa\nrespuesta Juli, te la voy a decir en el \u00faltimo periodo. Pero creo\nque no, que hay que dejar lugar a que contin\u00faen las otras personas,\nque todos est\u00e1n capacitados para ocupar este puesto.<\/p>\n\n\n\n<p><strong>Entrevista hecha por Julia D`Ascanio<\/strong>&#8211; 4to Sociales.  Escuela Superior De Comercio N\u00b0 51 Dr M Belgrano<\/p>\n","protected":false},"excerpt":{"rendered":"<p>\u00bfQu\u00e9 se siente ser la primera presidenta mujer del club Defensores? -Es un gran orgullo, un desaf\u00edo muy importante y muy grande el cual espero estar a la altura de las circunstancias y bueno, poder cumplir con los objetivos propuestos y dejar un legado, digamos para que otras mujeres se animen a ocupar distintos cargos <a href=\"https:\/\/armstrongyregion.com.ar\/diario\/carina-latini-primera-presidenta-mujer-del-club-atletico-defensores-por-julia-dascanio\/\" title=\"Read more\" >&#8230;<\/a><\/p>\n","protected":false},"author":1,"featured_media":30230,"comment_status":"open","ping_status":"open","sticky":false,"template":"","format":"image","meta":{"_jetpack_memberships_contains_paid_content":false,"footnotes":"","jetpack_publicize_message":"","jetpack_publicize_feature_enabled":true,"jetpack_social_post_already_shared":true,"jetpack_social_options":{"image_generator_settings":{"template":"highway","default_image_id":0,"enabled":false},"version":2}},"categories":[6,8,1,2,3],"tags":[],"class_list":["post-31833","post","type-post","status-publish","format-image","has-post-thumbnail","hentry","category-cultura-entretenimiento","category-deliberando","category-diario-armstrong","category-locales","category-region","post_format-post-format-image"],"jetpack_publicize_connections":[],"jetpack_featured_media_url":"https:\/\/armstrongyregion.com.ar\/diario\/wp-content\/uploads\/2021\/05\/Cari-Latini-.jpg","jetpack_shortlink":"https:\/\/wp.me\/p62QDO-8hr","jetpack_sharing_enabled":true,"amp_enabled":true,"_links":{"self":[{"href":"https:\/\/armstrongyregion.com.ar\/diario\/wp-json\/wp\/v2\/posts\/31833","targetHints":{"allow":["GET"]}}],"collection":[{"href":"https:\/\/armstrongyregion.com.ar\/diario\/wp-json\/wp\/v2\/posts"}],"about":[{"href":"https:\/\/armstrongyregion.com.ar\/diario\/wp-json\/wp\/v2\/types\/post"}],"author":[{"embeddable":true,"href":"https:\/\/armstrongyregion.com.ar\/diario\/wp-json\/wp\/v2\/users\/1"}],"replies":[{"embeddable":true,"href":"https:\/\/armstrongyregion.com.ar\/diario\/wp-json\/wp\/v2\/comments?post=31833"}],"version-history":[{"count":1,"href":"https:\/\/armstrongyregion.com.ar\/diario\/wp-json\/wp\/v2\/posts\/31833\/revisions"}],"predecessor-version":[{"id":31834,"href":"https:\/\/armstrongyregion.com.ar\/diario\/wp-json\/wp\/v2\/posts\/31833\/revisions\/31834"}],"wp:featuredmedia":[{"embeddable":true,"href":"https:\/\/armstrongyregion.com.ar\/diario\/wp-json\/wp\/v2\/media\/30230"}],"wp:attachment":[{"href":"https:\/\/armstrongyregion.com.ar\/diario\/wp-json\/wp\/v2\/media?parent=31833"}],"wp:term":[{"taxonomy":"category","embeddable":true,"href":"https:\/\/armstrongyregion.com.ar\/diario\/wp-json\/wp\/v2\/categories?post=31833"},{"taxonomy":"post_tag","embeddable":true,"href":"https:\/\/armstrongyregion.com.ar\/diario\/wp-json\/wp\/v2\/tags?post=31833"}],"curies":[{"name":"wp","href":"https:\/\/api.w.org\/{rel}","templated":true}]}}