{"id":31830,"date":"2021-09-24T20:16:06","date_gmt":"2021-09-24T20:16:06","guid":{"rendered":"https:\/\/armstrongyregion.com.ar\/diario\/?p=31830"},"modified":"2021-09-24T20:16:08","modified_gmt":"2021-09-24T20:16:08","slug":"el-concejo-de-canada-adhiere-al-repudio-contra-las-declaraciones-de-mazzoli","status":"publish","type":"post","link":"https:\/\/armstrongyregion.com.ar\/diario\/el-concejo-de-canada-adhiere-al-repudio-contra-las-declaraciones-de-mazzoli\/","title":{"rendered":"El Concejo de Ca\u00f1ada adhiere al repudio contra las declaraciones de Mazzoli."},"content":{"rendered":"\n<figure class=\"wp-block-image size-large\"><img loading=\"lazy\" decoding=\"async\" width=\"720\" height=\"540\" src=\"http:\/\/armstrongyregion.com.ar\/diario\/wp-content\/uploads\/2021\/09\/concejo-ca\u00f1ada-.jpeg\" alt=\"\" class=\"wp-image-31831\" srcset=\"https:\/\/armstrongyregion.com.ar\/diario\/wp-content\/uploads\/2021\/09\/concejo-ca\u00f1ada-.jpeg 720w, https:\/\/armstrongyregion.com.ar\/diario\/wp-content\/uploads\/2021\/09\/concejo-ca\u00f1ada--300x225.jpeg 300w\" sizes=\"auto, (max-width: 720px) 100vw, 720px\" \/><\/figure>\n\n\n\n<p>En la sesi\u00f3n de esta ma\u00f1ana, el Concejo Deliberante de Ca\u00f1ada aprob\u00f3 una adhesi\u00f3n a la carta abierta&nbsp;de repudio en contra de las declaraciones antidemocr\u00e1ticas de Franco Mazzoli, con 5 votos positivos y uno negativo de Mazzoli.<\/p>\n\n\n\n<p><a href=\"http:\/\/intermedios.com.ar\/articulo.php?art=d2e22de393035b574c1bacd64fdd6879\">La carta fue firmada por m\u00e1s de 40 instituciones de Ca\u00f1ada y la regi\u00f3n<\/a>, y condena \u00ablas declaraciones irresponsables y desafortunadas publicadas recientemente por el concejal Franco Mazzoli en sus redes sociales\u00bb en relaci\u00f3n con la conmemoraci\u00f3n de la \u00abNoche de los L\u00e1pices\u00bb,&nbsp;ocurrida en septiembre de 1976. El comunicado se\u00f1ala que \u00abes imprescindible no poner en un mismo registro&nbsp;la violencia y delitos ejercidos por parte del Estado y por parte de miembros -organizados o no- de la sociedad civil, porque en el primer caso se trata de terrorismo de Estado\u00bb y exige que el concejal Mazzoli se rectifique inmediatamente de sus dichos negacionistas.<\/p>\n\n\n\n<p>Al respecto de la adhesi\u00f3n del concejo, Marcelo Casalegno se\u00f1al\u00f3 que, si bien tanto su bloque como el bloque radical fueron parte de la elaboraci\u00f3n del repudio que se dio a conocer p\u00fablicamente, \u201ccuando la nota ingres\u00f3 como correspondencia, el Concejo hizo propia esa declaraci\u00f3n formalmente en la forma de adhesi\u00f3n\u201d.<\/p>\n\n\n\n<p>Por su parte, el concejal Luciano Travaglino remarc\u00f3 que \u201cla declaraci\u00f3n de repudio estuvo firmada por todos los partidos pol\u00edticos, con representaci\u00f3n o no en el concejo\u201d, y lo que hoy hizo el concejo \u201ces una resoluci\u00f3n haciendo propia esa declaraci\u00f3n para poder ponerle un punto final a este asunto\u201d.<\/p>\n\n\n\n<p>www.intermedios.com.ar<\/p>\n","protected":false},"excerpt":{"rendered":"<p>En la sesi\u00f3n de esta ma\u00f1ana, el Concejo Deliberante de Ca\u00f1ada aprob\u00f3 una adhesi\u00f3n a la carta abierta&nbsp;de repudio en contra de las declaraciones antidemocr\u00e1ticas de Franco Mazzoli, con 5 votos positivos y uno negativo de Mazzoli. La carta fue firmada por m\u00e1s de 40 instituciones de Ca\u00f1ada y la regi\u00f3n, y condena \u00ablas declaraciones <a href=\"https:\/\/armstrongyregion.com.ar\/diario\/el-concejo-de-canada-adhiere-al-repudio-contra-las-declaraciones-de-mazzoli\/\" title=\"Read more\" >&#8230;<\/a><\/p>\n","protected":false},"author":1,"featured_media":31831,"comment_status":"open","ping_status":"open","sticky":false,"template":"","format":"image","meta":{"_jetpack_memberships_contains_paid_content":false,"footnotes":"","jetpack_publicize_message":"","jetpack_publicize_feature_enabled":true,"jetpack_social_post_already_shared":true,"jetpack_social_options":{"image_generator_settings":{"template":"highway","default_image_id":0,"enabled":false},"version":2}},"categories":[8,1,7,3],"tags":[],"class_list":["post-31830","post","type-post","status-publish","format-image","has-post-thumbnail","hentry","category-deliberando","category-diario-armstrong","category-politica","category-region","post_format-post-format-image"],"jetpack_publicize_connections":[],"jetpack_featured_media_url":"https:\/\/armstrongyregion.com.ar\/diario\/wp-content\/uploads\/2021\/09\/concejo-ca\u00f1ada-.jpeg","jetpack_shortlink":"https:\/\/wp.me\/p62QDO-8ho","jetpack_sharing_enabled":true,"amp_enabled":true,"_links":{"self":[{"href":"https:\/\/armstrongyregion.com.ar\/diario\/wp-json\/wp\/v2\/posts\/31830","targetHints":{"allow":["GET"]}}],"collection":[{"href":"https:\/\/armstrongyregion.com.ar\/diario\/wp-json\/wp\/v2\/posts"}],"about":[{"href":"https:\/\/armstrongyregion.com.ar\/diario\/wp-json\/wp\/v2\/types\/post"}],"author":[{"embeddable":true,"href":"https:\/\/armstrongyregion.com.ar\/diario\/wp-json\/wp\/v2\/users\/1"}],"replies":[{"embeddable":true,"href":"https:\/\/armstrongyregion.com.ar\/diario\/wp-json\/wp\/v2\/comments?post=31830"}],"version-history":[{"count":1,"href":"https:\/\/armstrongyregion.com.ar\/diario\/wp-json\/wp\/v2\/posts\/31830\/revisions"}],"predecessor-version":[{"id":31832,"href":"https:\/\/armstrongyregion.com.ar\/diario\/wp-json\/wp\/v2\/posts\/31830\/revisions\/31832"}],"wp:featuredmedia":[{"embeddable":true,"href":"https:\/\/armstrongyregion.com.ar\/diario\/wp-json\/wp\/v2\/media\/31831"}],"wp:attachment":[{"href":"https:\/\/armstrongyregion.com.ar\/diario\/wp-json\/wp\/v2\/media?parent=31830"}],"wp:term":[{"taxonomy":"category","embeddable":true,"href":"https:\/\/armstrongyregion.com.ar\/diario\/wp-json\/wp\/v2\/categories?post=31830"},{"taxonomy":"post_tag","embeddable":true,"href":"https:\/\/armstrongyregion.com.ar\/diario\/wp-json\/wp\/v2\/tags?post=31830"}],"curies":[{"name":"wp","href":"https:\/\/api.w.org\/{rel}","templated":true}]}}