{"id":31826,"date":"2021-09-24T01:17:01","date_gmt":"2021-09-24T01:17:01","guid":{"rendered":"https:\/\/armstrongyregion.com.ar\/diario\/?p=31826"},"modified":"2021-09-24T01:17:07","modified_gmt":"2021-09-24T01:17:07","slug":"canada-de-gomez-avanza-la-reconstruccion-de-la-9-en-canada-y-la-region","status":"publish","type":"post","link":"https:\/\/armstrongyregion.com.ar\/diario\/canada-de-gomez-avanza-la-reconstruccion-de-la-9-en-canada-y-la-region\/","title":{"rendered":"Ca\u00f1ada de G\u00f3mez. Avanza la reconstrucci\u00f3n de la 9 en Ca\u00f1ada y la regi\u00f3n."},"content":{"rendered":"\n<figure class=\"wp-block-image size-large\"><img loading=\"lazy\" decoding=\"async\" width=\"682\" height=\"540\" src=\"http:\/\/armstrongyregion.com.ar\/diario\/wp-content\/uploads\/2021\/09\/stella-clerici-.jpg\" alt=\"\" class=\"wp-image-31827\" srcset=\"https:\/\/armstrongyregion.com.ar\/diario\/wp-content\/uploads\/2021\/09\/stella-clerici-.jpg 682w, https:\/\/armstrongyregion.com.ar\/diario\/wp-content\/uploads\/2021\/09\/stella-clerici--300x238.jpg 300w\" sizes=\"auto, (max-width: 682px) 100vw, 682px\" \/><\/figure>\n\n\n\n<p><strong>En simult\u00e1neo con la habilitaci\u00f3n de las obras de reconstrucci\u00f3n de la calzada en el sector de calle Alem, la empresa Laromet S.A. comenz\u00f3 con bacheo al oeste de las v\u00edas f\u00e9rreas. Del mismo modo Obring S.A. inici\u00f3 tareas a la altura de las localidades de Rold\u00e1n y Carcara\u00f1\u00e1.<\/strong><\/p>\n\n\n\n<p>La intendenta Stella Cl\u00e9rici, junto a la Secretaria de Obras P\u00fablicas Anal\u00eda De G\u00e1speri, recorri\u00f3 los avances en las obras de reconstrucci\u00f3n de la Ruta Nacional N\u00b0 9. Por un lado, se habilit\u00f3 la circulaci\u00f3n a la altura de calle Alem. Al mismo tiempo, en el l\u00edmite de la ciudad y al oeste de las v\u00edas, la empresa Laromet S.A. inici\u00f3 tareas de bacheo para luego realizar la repavimentaci\u00f3n con capa asf\u00e1ltica.<\/p>\n\n\n\n<p>En este marco, la intendenta inform\u00f3 que a la altura de Rold\u00e1n y Carcara\u00f1a, la empresa responsable tambi\u00e9n comenz\u00f3 los trabajos sobre la ruta. \u201cDe este modo no solo avanzamos en el tramo urbano, sino que tambi\u00e9n marchan a buen ritmo los trabajos en toda la regi\u00f3n\u201d, expres\u00f3.<\/p>\n","protected":false},"excerpt":{"rendered":"<p>En simult\u00e1neo con la habilitaci\u00f3n de las obras de reconstrucci\u00f3n de la calzada en el sector de calle Alem, la empresa Laromet S.A. comenz\u00f3 con bacheo al oeste de las v\u00edas f\u00e9rreas. Del mismo modo Obring S.A. inici\u00f3 tareas a la altura de las localidades de Rold\u00e1n y Carcara\u00f1\u00e1. La intendenta Stella Cl\u00e9rici, junto a <a href=\"https:\/\/armstrongyregion.com.ar\/diario\/canada-de-gomez-avanza-la-reconstruccion-de-la-9-en-canada-y-la-region\/\" title=\"Read more\" >&#8230;<\/a><\/p>\n","protected":false},"author":1,"featured_media":31828,"comment_status":"open","ping_status":"open","sticky":false,"template":"","format":"image","meta":{"_jetpack_memberships_contains_paid_content":false,"footnotes":"","jetpack_publicize_message":"","jetpack_publicize_feature_enabled":true,"jetpack_social_post_already_shared":true,"jetpack_social_options":{"image_generator_settings":{"template":"highway","default_image_id":0,"enabled":false},"version":2}},"categories":[8,1,2,3],"tags":[],"class_list":["post-31826","post","type-post","status-publish","format-image","has-post-thumbnail","hentry","category-deliberando","category-diario-armstrong","category-locales","category-region","post_format-post-format-image"],"jetpack_publicize_connections":[],"jetpack_featured_media_url":"https:\/\/armstrongyregion.com.ar\/diario\/wp-content\/uploads\/2021\/09\/stella-clerici-1-1.jpg","jetpack_shortlink":"https:\/\/wp.me\/p62QDO-8hk","jetpack_sharing_enabled":true,"amp_enabled":true,"_links":{"self":[{"href":"https:\/\/armstrongyregion.com.ar\/diario\/wp-json\/wp\/v2\/posts\/31826","targetHints":{"allow":["GET"]}}],"collection":[{"href":"https:\/\/armstrongyregion.com.ar\/diario\/wp-json\/wp\/v2\/posts"}],"about":[{"href":"https:\/\/armstrongyregion.com.ar\/diario\/wp-json\/wp\/v2\/types\/post"}],"author":[{"embeddable":true,"href":"https:\/\/armstrongyregion.com.ar\/diario\/wp-json\/wp\/v2\/users\/1"}],"replies":[{"embeddable":true,"href":"https:\/\/armstrongyregion.com.ar\/diario\/wp-json\/wp\/v2\/comments?post=31826"}],"version-history":[{"count":1,"href":"https:\/\/armstrongyregion.com.ar\/diario\/wp-json\/wp\/v2\/posts\/31826\/revisions"}],"predecessor-version":[{"id":31829,"href":"https:\/\/armstrongyregion.com.ar\/diario\/wp-json\/wp\/v2\/posts\/31826\/revisions\/31829"}],"wp:featuredmedia":[{"embeddable":true,"href":"https:\/\/armstrongyregion.com.ar\/diario\/wp-json\/wp\/v2\/media\/31828"}],"wp:attachment":[{"href":"https:\/\/armstrongyregion.com.ar\/diario\/wp-json\/wp\/v2\/media?parent=31826"}],"wp:term":[{"taxonomy":"category","embeddable":true,"href":"https:\/\/armstrongyregion.com.ar\/diario\/wp-json\/wp\/v2\/categories?post=31826"},{"taxonomy":"post_tag","embeddable":true,"href":"https:\/\/armstrongyregion.com.ar\/diario\/wp-json\/wp\/v2\/tags?post=31826"}],"curies":[{"name":"wp","href":"https:\/\/api.w.org\/{rel}","templated":true}]}}