{"id":31813,"date":"2021-09-21T21:10:36","date_gmt":"2021-09-21T21:10:36","guid":{"rendered":"https:\/\/armstrongyregion.com.ar\/diario\/?p=31813"},"modified":"2021-09-21T21:10:39","modified_gmt":"2021-09-21T21:10:39","slug":"armstrong-orden-del-dia-21-de-septiembre","status":"publish","type":"post","link":"https:\/\/armstrongyregion.com.ar\/diario\/armstrong-orden-del-dia-21-de-septiembre\/","title":{"rendered":"Armstrong. Orden del D\u00eda 21 de Septiembre."},"content":{"rendered":"\n<figure class=\"wp-block-image size-large\"><img loading=\"lazy\" decoding=\"async\" width=\"507\" height=\"403\" src=\"http:\/\/armstrongyregion.com.ar\/diario\/wp-content\/uploads\/2021\/07\/Concejo-Campo-Spagnolo-.jpg\" alt=\"\" class=\"wp-image-31217\" srcset=\"https:\/\/armstrongyregion.com.ar\/diario\/wp-content\/uploads\/2021\/07\/Concejo-Campo-Spagnolo-.jpg 507w, https:\/\/armstrongyregion.com.ar\/diario\/wp-content\/uploads\/2021\/07\/Concejo-Campo-Spagnolo--300x238.jpg 300w\" sizes=\"auto, (max-width: 507px) 100vw, 507px\" \/><\/figure>\n\n\n\n<p>\n<strong>1-\n <\/strong><strong>ACTA\nANTERIOR:<\/strong><\/p>\n\n\n\n<ul class=\"wp-block-list\"><li>ACTA\n\t SESI\u00d3N ORDINARIA N\u00ba 1061\n<\/li><\/ul>\n\n\n\n<p>\n<strong>2-\n <\/strong><strong>MENSAJES DEL\nD.E.:<\/strong><\/p>\n\n\n\n<p>\n        A-\nMODIFICACI\u00d3N  DEL PRESUPUESTO MUNICIPAL 2021.<\/p>\n\n\n\n<p>\n           B-\nPR\u00d3RROGA DE 60 D\u00cdAS PARA LA PRESENTACI\u00d3N DEL PRESUPUESTO MUNICIPAL\n2022.<\/p>\n\n\n\n<p>\n<strong>3-\n <\/strong><strong>CORRESPONDENCIA:<\/strong>\n<\/p>\n\n\n\n<p>\n<strong>4-\n <\/strong><strong>DICTAMENES\nDE COMISIONES:<\/strong>\n<\/p>\n\n\n\n<p>\n     A-\nCOMISI\u00d3N DE OBRAS P\u00daBLICAS: PLANO BIBLIOTECA POPULAR SARMIENTO.<\/p>\n\n\n\n<p>\n<strong>5-\n <\/strong><strong>PROYECTOS DE\nCONCEJALES:<\/strong><\/p>\n\n\n\n<p>\n    <strong>A-\n<\/strong><strong>BLOQUE DE\nFRENTE PROGRESISTA, C\u00cdVICO Y SOCIAL:<\/strong>\n<\/p>\n\n\n\n<p>\n        1-\nM.D.: ADHESI\u00d3N AL MES DE SENSIBILIZACI\u00d3N SOBRE EL C\u00c1NCER DE MAMAS.<\/p>\n\n\n\n<p>\n    <strong>B-\n<\/strong><strong>BLOQUE DE\nRENOVACI\u00d3N POR ARMSTRONG:<\/strong>\n<\/p>\n\n\n\n<p>\n       2-\nM.C.: ACONDICIONAMIENTO DE LAS CUNETAS UBICADAS EN CALLE SCHAER\nFRENTE AL BARRIO 160 VIVIENDAS.<\/p>\n\n\n\n<p>\n    <strong>C-\n<\/strong><strong>BLOQUE\nJUSTICIALISTA:<\/strong>\n<\/p>\n\n\n\n<p>\n       3-\nM.C.: CUMPLIMIENTO DE DIVERSOS SERVICIOS MUNICIPALES EN CALLEJUELA\nCHILE (ENTRE PARAGUAY Y CASTELLANOS).<\/p>\n\n\n\n<p>\n    <strong>D-\n<\/strong><strong>CONCEJO:<\/strong>\n<\/p>\n\n\n\n<p>\n      4-\nM.D.: CONMEMORACI\u00d3N DEL D\u00cdA DE LA PAZ.<\/p>\n\n\n\n<p>\n      5-\nM.D.: CONMEMORACI\u00d3N DEL D\u00cdA DEL ESTUDIANTE.<\/p>\n\n\n\n<p>\n INICIO\nA LAS 20:00 HORAS<\/p>\n","protected":false},"excerpt":{"rendered":"<p>1- ACTA ANTERIOR: ACTA SESI\u00d3N ORDINARIA N\u00ba 1061 2- MENSAJES DEL D.E.: A- MODIFICACI\u00d3N DEL PRESUPUESTO MUNICIPAL 2021. B- PR\u00d3RROGA DE 60 D\u00cdAS PARA LA PRESENTACI\u00d3N DEL PRESUPUESTO MUNICIPAL 2022. 3- CORRESPONDENCIA: 4- DICTAMENES DE COMISIONES: A- COMISI\u00d3N DE OBRAS P\u00daBLICAS: PLANO BIBLIOTECA POPULAR SARMIENTO. 5- PROYECTOS DE CONCEJALES: A- BLOQUE DE FRENTE PROGRESISTA, C\u00cdVICO <a href=\"https:\/\/armstrongyregion.com.ar\/diario\/armstrong-orden-del-dia-21-de-septiembre\/\" title=\"Read more\" >&#8230;<\/a><\/p>\n","protected":false},"author":1,"featured_media":31217,"comment_status":"open","ping_status":"open","sticky":false,"template":"","format":"image","meta":{"_jetpack_memberships_contains_paid_content":false,"footnotes":"","jetpack_publicize_message":"","jetpack_publicize_feature_enabled":true,"jetpack_social_post_already_shared":true,"jetpack_social_options":{"image_generator_settings":{"template":"highway","default_image_id":0,"enabled":false},"version":2}},"categories":[8,1,2,7,3],"tags":[],"class_list":["post-31813","post","type-post","status-publish","format-image","has-post-thumbnail","hentry","category-deliberando","category-diario-armstrong","category-locales","category-politica","category-region","post_format-post-format-image"],"jetpack_publicize_connections":[],"jetpack_featured_media_url":"https:\/\/armstrongyregion.com.ar\/diario\/wp-content\/uploads\/2021\/07\/Concejo-Campo-Spagnolo-.jpg","jetpack_shortlink":"https:\/\/wp.me\/p62QDO-8h7","jetpack_sharing_enabled":true,"amp_enabled":true,"_links":{"self":[{"href":"https:\/\/armstrongyregion.com.ar\/diario\/wp-json\/wp\/v2\/posts\/31813","targetHints":{"allow":["GET"]}}],"collection":[{"href":"https:\/\/armstrongyregion.com.ar\/diario\/wp-json\/wp\/v2\/posts"}],"about":[{"href":"https:\/\/armstrongyregion.com.ar\/diario\/wp-json\/wp\/v2\/types\/post"}],"author":[{"embeddable":true,"href":"https:\/\/armstrongyregion.com.ar\/diario\/wp-json\/wp\/v2\/users\/1"}],"replies":[{"embeddable":true,"href":"https:\/\/armstrongyregion.com.ar\/diario\/wp-json\/wp\/v2\/comments?post=31813"}],"version-history":[{"count":1,"href":"https:\/\/armstrongyregion.com.ar\/diario\/wp-json\/wp\/v2\/posts\/31813\/revisions"}],"predecessor-version":[{"id":31814,"href":"https:\/\/armstrongyregion.com.ar\/diario\/wp-json\/wp\/v2\/posts\/31813\/revisions\/31814"}],"wp:featuredmedia":[{"embeddable":true,"href":"https:\/\/armstrongyregion.com.ar\/diario\/wp-json\/wp\/v2\/media\/31217"}],"wp:attachment":[{"href":"https:\/\/armstrongyregion.com.ar\/diario\/wp-json\/wp\/v2\/media?parent=31813"}],"wp:term":[{"taxonomy":"category","embeddable":true,"href":"https:\/\/armstrongyregion.com.ar\/diario\/wp-json\/wp\/v2\/categories?post=31813"},{"taxonomy":"post_tag","embeddable":true,"href":"https:\/\/armstrongyregion.com.ar\/diario\/wp-json\/wp\/v2\/tags?post=31813"}],"curies":[{"name":"wp","href":"https:\/\/api.w.org\/{rel}","templated":true}]}}