{"id":31808,"date":"2021-09-21T11:30:26","date_gmt":"2021-09-21T11:30:26","guid":{"rendered":"https:\/\/armstrongyregion.com.ar\/diario\/?p=31808"},"modified":"2021-09-21T13:11:03","modified_gmt":"2021-09-21T13:11:03","slug":"deliberando-tres-candidatos-a-intendente-por-la-ciudad-de-armstrong","status":"publish","type":"post","link":"https:\/\/armstrongyregion.com.ar\/diario\/deliberando-tres-candidatos-a-intendente-por-la-ciudad-de-armstrong\/","title":{"rendered":"Deliberando. Tres candidatos a intendente por la ciudad de Armstrong."},"content":{"rendered":"\n<figure class=\"wp-block-image size-large\"><img loading=\"lazy\" decoding=\"async\" width=\"320\" height=\"320\" src=\"http:\/\/armstrongyregion.com.ar\/diario\/wp-content\/uploads\/2021\/09\/Deliberando-martes-21-09-.jpg\" alt=\"\" class=\"wp-image-31809\" srcset=\"https:\/\/armstrongyregion.com.ar\/diario\/wp-content\/uploads\/2021\/09\/Deliberando-martes-21-09-.jpg 320w, https:\/\/armstrongyregion.com.ar\/diario\/wp-content\/uploads\/2021\/09\/Deliberando-martes-21-09--300x300.jpg 300w, https:\/\/armstrongyregion.com.ar\/diario\/wp-content\/uploads\/2021\/09\/Deliberando-martes-21-09--150x150.jpg 150w\" sizes=\"auto, (max-width: 320px) 100vw, 320px\" \/><\/figure>\n\n\n\n<p>\nEste martes participaran del programa semanal Deliberando, los tres\ncandidatos que competir\u00e1n el pr\u00f3ximo 14 de noviembre del 2021 en\nlas elecciones generales.<\/p>\n\n\n\n<p>Abrir\u00e1 el programa el actual concejal Emiliano Gramigna, quien integra el bloque de Renovaci\u00f3n por Armstrong, y esta es la 2da vez que disputa la silla del ejecutivo municipal.<\/p>\n\n\n\n<p><\/p>\n\n\n\n<p>En\nsegunda instancia el actual concejal Guillermo Marconi, (Empresario\nde la Construcci\u00f3n) quien integra el bloque del Partido\nJusticialista, fue la sorpresa para el electorado armstronense, \u00e1vida\ncuenta de que el peronismo tradicional enfrentaba candidatos en las\nPASO y estaba muy segmentado, esta vez, lograron la unidad con un\n\u00fanico referente directo a las generales. \n<\/p>\n\n\n\n<p>Finalmente\ncerrar\u00e1 nuestro programa el actual intendente Dr. Pablo Verdecchia,\nquien competir\u00e1 en la urnas por un cuarto per\u00edodo. Porque su equipo\nle ha solicitado siga siendo su referente y este a cargo del\nejecutivo por 4 a\u00f1os m\u00e1s? Es una de las consultas que realizaremos\nen la noche de hoy.<\/p>\n\n\n\n<p>Adem\u00e1s\nde hablar con cada candidato, sobre la ciudad que proyectan y la\nciudad que merecemos los armstronenses.<\/p>\n\n\n\n<p>Martes 21 de Septiembre 2021\/ 21hs.  Por Cable Imagen Armstrong-<\/p>\n","protected":false},"excerpt":{"rendered":"<p>Este martes participaran del programa semanal Deliberando, los tres candidatos que competir\u00e1n el pr\u00f3ximo 14 de noviembre del 2021 en las elecciones generales. Abrir\u00e1 el programa el actual concejal Emiliano Gramigna, quien integra el bloque de Renovaci\u00f3n por Armstrong, y esta es la 2da vez que disputa la silla del ejecutivo municipal. En segunda instancia <a href=\"https:\/\/armstrongyregion.com.ar\/diario\/deliberando-tres-candidatos-a-intendente-por-la-ciudad-de-armstrong\/\" title=\"Read more\" >&#8230;<\/a><\/p>\n","protected":false},"author":1,"featured_media":31809,"comment_status":"open","ping_status":"open","sticky":false,"template":"","format":"image","meta":{"_jetpack_memberships_contains_paid_content":false,"footnotes":"","jetpack_publicize_message":"","jetpack_publicize_feature_enabled":true,"jetpack_social_post_already_shared":true,"jetpack_social_options":{"image_generator_settings":{"template":"highway","default_image_id":0,"enabled":false},"version":2}},"categories":[8,1,2,7,3],"tags":[],"class_list":["post-31808","post","type-post","status-publish","format-image","has-post-thumbnail","hentry","category-deliberando","category-diario-armstrong","category-locales","category-politica","category-region","post_format-post-format-image"],"jetpack_publicize_connections":[],"jetpack_featured_media_url":"https:\/\/armstrongyregion.com.ar\/diario\/wp-content\/uploads\/2021\/09\/Deliberando-martes-21-09-.jpg","jetpack_shortlink":"https:\/\/wp.me\/p62QDO-8h2","jetpack_sharing_enabled":true,"amp_enabled":true,"_links":{"self":[{"href":"https:\/\/armstrongyregion.com.ar\/diario\/wp-json\/wp\/v2\/posts\/31808","targetHints":{"allow":["GET"]}}],"collection":[{"href":"https:\/\/armstrongyregion.com.ar\/diario\/wp-json\/wp\/v2\/posts"}],"about":[{"href":"https:\/\/armstrongyregion.com.ar\/diario\/wp-json\/wp\/v2\/types\/post"}],"author":[{"embeddable":true,"href":"https:\/\/armstrongyregion.com.ar\/diario\/wp-json\/wp\/v2\/users\/1"}],"replies":[{"embeddable":true,"href":"https:\/\/armstrongyregion.com.ar\/diario\/wp-json\/wp\/v2\/comments?post=31808"}],"version-history":[{"count":2,"href":"https:\/\/armstrongyregion.com.ar\/diario\/wp-json\/wp\/v2\/posts\/31808\/revisions"}],"predecessor-version":[{"id":31812,"href":"https:\/\/armstrongyregion.com.ar\/diario\/wp-json\/wp\/v2\/posts\/31808\/revisions\/31812"}],"wp:featuredmedia":[{"embeddable":true,"href":"https:\/\/armstrongyregion.com.ar\/diario\/wp-json\/wp\/v2\/media\/31809"}],"wp:attachment":[{"href":"https:\/\/armstrongyregion.com.ar\/diario\/wp-json\/wp\/v2\/media?parent=31808"}],"wp:term":[{"taxonomy":"category","embeddable":true,"href":"https:\/\/armstrongyregion.com.ar\/diario\/wp-json\/wp\/v2\/categories?post=31808"},{"taxonomy":"post_tag","embeddable":true,"href":"https:\/\/armstrongyregion.com.ar\/diario\/wp-json\/wp\/v2\/tags?post=31808"}],"curies":[{"name":"wp","href":"https:\/\/api.w.org\/{rel}","templated":true}]}}