{"id":3180,"date":"2015-07-21T02:05:41","date_gmt":"2015-07-21T02:05:41","guid":{"rendered":"https:\/\/armstrongyregion.com.ar\/diario\/?p=3180"},"modified":"2015-07-21T02:05:41","modified_gmt":"2015-07-21T02:05:41","slug":"armstrong-festejo-el-dia-del-amigo","status":"publish","type":"post","link":"https:\/\/armstrongyregion.com.ar\/diario\/armstrong-festejo-el-dia-del-amigo\/","title":{"rendered":"Armstrong festejo el D\u00eda del Amigo."},"content":{"rendered":"<p><a href=\"http:\/\/armstrongyregion.com.ar\/diario\/wp-content\/uploads\/2015\/07\/10403020_10205027437951034_6698966187172262725_n-copia.jpg\"><img loading=\"lazy\" decoding=\"async\" class=\"alignnone size-medium wp-image-3181\" src=\"http:\/\/armstrongyregion.com.ar\/diario\/wp-content\/uploads\/2015\/07\/10403020_10205027437951034_6698966187172262725_n-copia-300x225.jpg\" alt=\"Fiesta dia del amigo Armstrong y Region\" width=\"300\" height=\"225\" srcset=\"https:\/\/armstrongyregion.com.ar\/diario\/wp-content\/uploads\/2015\/07\/10403020_10205027437951034_6698966187172262725_n-copia-300x225.jpg 300w, https:\/\/armstrongyregion.com.ar\/diario\/wp-content\/uploads\/2015\/07\/10403020_10205027437951034_6698966187172262725_n-copia.jpg 960w\" sizes=\"auto, (max-width: 300px) 100vw, 300px\" \/><\/a>El pasado domingo 19 de julio a partir de las 14hs. se realizaron los festejos por el D\u00eda del Amigo en la Plaza Flotron.<br \/>\nParticiparon los integrantes de la Feria Sabores y Colores Locales que ofrec\u00edan sus producciones artesanales, tambi\u00e9n hubo servicio de buffet.<br \/>\nEn la parte art\u00edstica los j\u00f3venes disfrutaron de la mejor m\u00fasica con el grupo El Ideal, quienes disfrutaron de una tarde diferente.<\/p>\n<p>Fotograf\u00eda, Jorge Oliva<\/p>\n","protected":false},"excerpt":{"rendered":"<p>El pasado domingo 19 de julio a partir de las 14hs. se realizaron los festejos por el D\u00eda del Amigo en la Plaza Flotron. Participaron los integrantes de la Feria Sabores y Colores Locales que ofrec\u00edan sus producciones artesanales, tambi\u00e9n hubo servicio de buffet. En la parte art\u00edstica los j\u00f3venes disfrutaron de la mejor m\u00fasica <a href=\"https:\/\/armstrongyregion.com.ar\/diario\/armstrong-festejo-el-dia-del-amigo\/\" title=\"Read more\" >&#8230;<\/a><\/p>\n","protected":false},"author":2,"featured_media":3181,"comment_status":"open","ping_status":"open","sticky":false,"template":"","format":"standard","meta":{"_jetpack_memberships_contains_paid_content":false,"footnotes":"","jetpack_publicize_message":"","jetpack_publicize_feature_enabled":true,"jetpack_social_post_already_shared":false,"jetpack_social_options":{"image_generator_settings":{"template":"highway","default_image_id":0,"enabled":false},"version":2}},"categories":[1,2],"tags":[2289,20,53,793,16,1789],"class_list":["post-3180","post","type-post","status-publish","format-standard","has-post-thumbnail","hentry","category-diario-armstrong","category-locales","tag-amigo","tag-armstrong","tag-del","tag-dia","tag-el","tag-festejo"],"jetpack_publicize_connections":[],"jetpack_featured_media_url":"https:\/\/armstrongyregion.com.ar\/diario\/wp-content\/uploads\/2015\/07\/10403020_10205027437951034_6698966187172262725_n-copia.jpg","jetpack_shortlink":"https:\/\/wp.me\/p62QDO-Pi","jetpack_sharing_enabled":true,"amp_enabled":true,"_links":{"self":[{"href":"https:\/\/armstrongyregion.com.ar\/diario\/wp-json\/wp\/v2\/posts\/3180","targetHints":{"allow":["GET"]}}],"collection":[{"href":"https:\/\/armstrongyregion.com.ar\/diario\/wp-json\/wp\/v2\/posts"}],"about":[{"href":"https:\/\/armstrongyregion.com.ar\/diario\/wp-json\/wp\/v2\/types\/post"}],"author":[{"embeddable":true,"href":"https:\/\/armstrongyregion.com.ar\/diario\/wp-json\/wp\/v2\/users\/2"}],"replies":[{"embeddable":true,"href":"https:\/\/armstrongyregion.com.ar\/diario\/wp-json\/wp\/v2\/comments?post=3180"}],"version-history":[{"count":0,"href":"https:\/\/armstrongyregion.com.ar\/diario\/wp-json\/wp\/v2\/posts\/3180\/revisions"}],"wp:featuredmedia":[{"embeddable":true,"href":"https:\/\/armstrongyregion.com.ar\/diario\/wp-json\/wp\/v2\/media\/3181"}],"wp:attachment":[{"href":"https:\/\/armstrongyregion.com.ar\/diario\/wp-json\/wp\/v2\/media?parent=3180"}],"wp:term":[{"taxonomy":"category","embeddable":true,"href":"https:\/\/armstrongyregion.com.ar\/diario\/wp-json\/wp\/v2\/categories?post=3180"},{"taxonomy":"post_tag","embeddable":true,"href":"https:\/\/armstrongyregion.com.ar\/diario\/wp-json\/wp\/v2\/tags?post=3180"}],"curies":[{"name":"wp","href":"https:\/\/api.w.org\/{rel}","templated":true}]}}