{"id":3175,"date":"2015-07-21T01:36:16","date_gmt":"2015-07-21T01:36:16","guid":{"rendered":"https:\/\/armstrongyregion.com.ar\/diario\/?p=3175"},"modified":"2015-07-21T01:36:16","modified_gmt":"2015-07-21T01:36:16","slug":"diego-mansilla-estuvo-en-rosario-las-rosas-y-armstrong","status":"publish","type":"post","link":"https:\/\/armstrongyregion.com.ar\/diario\/diego-mansilla-estuvo-en-rosario-las-rosas-y-armstrong\/","title":{"rendered":"Diego Mansilla estuvo en Rosario, Las Rosas y Armstrong."},"content":{"rendered":"<p><a href=\"http:\/\/armstrongyregion.com.ar\/diario\/wp-content\/uploads\/2015\/07\/Diego-Mansilla-4.jpg\"><img loading=\"lazy\" decoding=\"async\" class=\"alignnone size-medium wp-image-3176\" src=\"http:\/\/armstrongyregion.com.ar\/diario\/wp-content\/uploads\/2015\/07\/Diego-Mansilla-4-300x169.jpg\" alt=\"Diego Mansilla (4)\" width=\"300\" height=\"169\" srcset=\"https:\/\/armstrongyregion.com.ar\/diario\/wp-content\/uploads\/2015\/07\/Diego-Mansilla-4-300x169.jpg 300w, https:\/\/armstrongyregion.com.ar\/diario\/wp-content\/uploads\/2015\/07\/Diego-Mansilla-4-1024x576.jpg 1024w, https:\/\/armstrongyregion.com.ar\/diario\/wp-content\/uploads\/2015\/07\/Diego-Mansilla-4.jpg 1600w\" sizes=\"auto, (max-width: 300px) 100vw, 300px\" \/><\/a>\u201cNo queremos que nuestro pueblo vuelva al pasado de los sue\u00f1os imposibles\u201d<br \/>\nEn la jornada de ayer, el intendente de Las Parejas y candidato a parlamentario del Mercosur, Diego Mansilla, particip\u00f3 del almuerzo solidario realizado en el club Libertad de Rosario, en la zona oeste de la ciudad, junto a los candidatos Marcos Cleri, Lucila De Ponti, Gast\u00f3n Seguetti y Marilin Sacnun.<\/p>\n<p>\u201cEn todas nuestras recorridas por la provincia de Santa Fe se percibe un fuerte apoyo a nuestras listas de candidatos\u201d, sostuvo Diego Mansilla que tambi\u00e9n visit\u00f3 la ciudad de Las Rosas, junto a la concejal electa Paola Riccardi, en donde estuvieron reunidos con vecinos y planificando las pr\u00f3ximas elecciones nacionales \u201ccon nuestra candidatura como diputado para el Mercosur, junto a Marcos Cleri, Omar Perotti y Daniel Scioli\u201d, a\u00f1adi\u00f3.<\/p>\n<p>Sobre el final del d\u00eda, Mansilla visit\u00f3 Armstrong, en donde estuvo reunido con los referentes del peronismo local y con los j\u00f3venes de esa localidad. \u201cEllos saben que \u00e9sta es la \u00fanica opci\u00f3n para que nuestros pueblos piensen en el futuro y no vuelvan al pasado de los sue\u00f1os imposibles\u201d, concluy\u00f3 el candidato a parlamentario del Mercosur.<\/p>\n","protected":false},"excerpt":{"rendered":"<p>\u201cNo queremos que nuestro pueblo vuelva al pasado de los sue\u00f1os imposibles\u201d En la jornada de ayer, el intendente de Las Parejas y candidato a parlamentario del Mercosur, Diego Mansilla, particip\u00f3 del almuerzo solidario realizado en el club Libertad de Rosario, en la zona oeste de la ciudad, junto a los candidatos Marcos Cleri, Lucila <a href=\"https:\/\/armstrongyregion.com.ar\/diario\/diego-mansilla-estuvo-en-rosario-las-rosas-y-armstrong\/\" title=\"Read more\" >&#8230;<\/a><\/p>\n","protected":false},"author":2,"featured_media":3176,"comment_status":"open","ping_status":"open","sticky":false,"template":"","format":"standard","meta":{"_jetpack_memberships_contains_paid_content":false,"footnotes":"","jetpack_publicize_message":"","jetpack_publicize_feature_enabled":true,"jetpack_social_post_already_shared":false,"jetpack_social_options":{"image_generator_settings":{"template":"highway","default_image_id":0,"enabled":false},"version":2}},"categories":[1,7,3],"tags":[20,990,15,961,23,991,784,361,13],"class_list":["post-3175","post","type-post","status-publish","format-standard","has-post-thumbnail","hentry","category-diario-armstrong","category-politica","category-region","tag-armstrong","tag-diego","tag-en","tag-estuvo","tag-las","tag-mansilla","tag-rosario","tag-rosas","tag-y"],"jetpack_publicize_connections":[],"jetpack_featured_media_url":"https:\/\/armstrongyregion.com.ar\/diario\/wp-content\/uploads\/2015\/07\/Diego-Mansilla-4.jpg","jetpack_shortlink":"https:\/\/wp.me\/p62QDO-Pd","jetpack_sharing_enabled":true,"amp_enabled":true,"_links":{"self":[{"href":"https:\/\/armstrongyregion.com.ar\/diario\/wp-json\/wp\/v2\/posts\/3175","targetHints":{"allow":["GET"]}}],"collection":[{"href":"https:\/\/armstrongyregion.com.ar\/diario\/wp-json\/wp\/v2\/posts"}],"about":[{"href":"https:\/\/armstrongyregion.com.ar\/diario\/wp-json\/wp\/v2\/types\/post"}],"author":[{"embeddable":true,"href":"https:\/\/armstrongyregion.com.ar\/diario\/wp-json\/wp\/v2\/users\/2"}],"replies":[{"embeddable":true,"href":"https:\/\/armstrongyregion.com.ar\/diario\/wp-json\/wp\/v2\/comments?post=3175"}],"version-history":[{"count":0,"href":"https:\/\/armstrongyregion.com.ar\/diario\/wp-json\/wp\/v2\/posts\/3175\/revisions"}],"wp:featuredmedia":[{"embeddable":true,"href":"https:\/\/armstrongyregion.com.ar\/diario\/wp-json\/wp\/v2\/media\/3176"}],"wp:attachment":[{"href":"https:\/\/armstrongyregion.com.ar\/diario\/wp-json\/wp\/v2\/media?parent=3175"}],"wp:term":[{"taxonomy":"category","embeddable":true,"href":"https:\/\/armstrongyregion.com.ar\/diario\/wp-json\/wp\/v2\/categories?post=3175"},{"taxonomy":"post_tag","embeddable":true,"href":"https:\/\/armstrongyregion.com.ar\/diario\/wp-json\/wp\/v2\/tags?post=3175"}],"curies":[{"name":"wp","href":"https:\/\/api.w.org\/{rel}","templated":true}]}}