{"id":31747,"date":"2021-09-13T16:05:47","date_gmt":"2021-09-13T16:05:47","guid":{"rendered":"https:\/\/armstrongyregion.com.ar\/diario\/?p=31747"},"modified":"2021-09-13T16:05:50","modified_gmt":"2021-09-13T16:05:50","slug":"armstrong-capacitacion-la-importancia-de-la-cria-de-aves","status":"publish","type":"post","link":"https:\/\/armstrongyregion.com.ar\/diario\/armstrong-capacitacion-la-importancia-de-la-cria-de-aves\/","title":{"rendered":"Armstrong. Capacitaci\u00f3n: \u00abLa importancia de la cr\u00eda de aves\u00bb."},"content":{"rendered":"\n<figure class=\"wp-block-image size-large\"><img loading=\"lazy\" decoding=\"async\" width=\"509\" height=\"509\" src=\"http:\/\/armstrongyregion.com.ar\/diario\/wp-content\/uploads\/2021\/09\/cria-de-aves-en-la-granja-familiar.jpg\" alt=\"\" class=\"wp-image-31748\" srcset=\"https:\/\/armstrongyregion.com.ar\/diario\/wp-content\/uploads\/2021\/09\/cria-de-aves-en-la-granja-familiar.jpg 509w, https:\/\/armstrongyregion.com.ar\/diario\/wp-content\/uploads\/2021\/09\/cria-de-aves-en-la-granja-familiar-300x300.jpg 300w, https:\/\/armstrongyregion.com.ar\/diario\/wp-content\/uploads\/2021\/09\/cria-de-aves-en-la-granja-familiar-150x150.jpg 150w\" sizes=\"auto, (max-width: 509px) 100vw, 509px\" \/><\/figure>\n\n\n\n<p>La Municipalidad de Armstrong invita a participar de la capacitaci\u00f3n gratuita sobre la importancia de la cr\u00eda de aves en la granja familiar que se realizar\u00e1 el d\u00eda mi\u00e9rcoles 15 de septiembre a las 14 hs. en el sal\u00f3n auditorio Delmo Dar\u00f3.<\/p>\n\n\n\n<p>La propuesta forma parte del programa Pro Huerta del Inta y estar\u00e1 a cargo de un profesional especialista en la cr\u00eda de aves Agr\u00f3nomo Ernesto Salto.&nbsp;<\/p>\n\n\n\n<p>Algunos puntos a tratar ser\u00e1n: cuidados con respecto al agua, luz, alimentaci\u00f3n, nido, etc. destacando que se apunta a la cr\u00eda familiar, es decir que estos animales son los que se cr\u00edan en la casa para consumo de la familia.<\/p>\n\n\n\n<p>Dirigido al p\u00fablico en general y productores que le interese la tem\u00e1tica y\/o que ya tengan aves en sus hogares.<\/p>\n\n\n\n<p>Informes e inscripci\u00f3n en mesa de entrada del municipio. Cupos limitados.<\/p>\n","protected":false},"excerpt":{"rendered":"<p>La Municipalidad de Armstrong invita a participar de la capacitaci\u00f3n gratuita sobre la importancia de la cr\u00eda de aves en la granja familiar que se realizar\u00e1 el d\u00eda mi\u00e9rcoles 15 de septiembre a las 14 hs. en el sal\u00f3n auditorio Delmo Dar\u00f3. La propuesta forma parte del programa Pro Huerta del Inta y estar\u00e1 a <a href=\"https:\/\/armstrongyregion.com.ar\/diario\/armstrong-capacitacion-la-importancia-de-la-cria-de-aves\/\" title=\"Read more\" >&#8230;<\/a><\/p>\n","protected":false},"author":1,"featured_media":31748,"comment_status":"open","ping_status":"open","sticky":false,"template":"","format":"image","meta":{"_jetpack_memberships_contains_paid_content":false,"footnotes":"","jetpack_publicize_message":"","jetpack_publicize_feature_enabled":true,"jetpack_social_post_already_shared":true,"jetpack_social_options":{"image_generator_settings":{"template":"highway","default_image_id":0,"enabled":false},"version":2}},"categories":[6,8,1,2,7],"tags":[],"class_list":["post-31747","post","type-post","status-publish","format-image","has-post-thumbnail","hentry","category-cultura-entretenimiento","category-deliberando","category-diario-armstrong","category-locales","category-politica","post_format-post-format-image"],"jetpack_publicize_connections":[],"jetpack_featured_media_url":"https:\/\/armstrongyregion.com.ar\/diario\/wp-content\/uploads\/2021\/09\/cria-de-aves-en-la-granja-familiar.jpg","jetpack_shortlink":"https:\/\/wp.me\/p62QDO-8g3","jetpack_sharing_enabled":true,"amp_enabled":true,"_links":{"self":[{"href":"https:\/\/armstrongyregion.com.ar\/diario\/wp-json\/wp\/v2\/posts\/31747","targetHints":{"allow":["GET"]}}],"collection":[{"href":"https:\/\/armstrongyregion.com.ar\/diario\/wp-json\/wp\/v2\/posts"}],"about":[{"href":"https:\/\/armstrongyregion.com.ar\/diario\/wp-json\/wp\/v2\/types\/post"}],"author":[{"embeddable":true,"href":"https:\/\/armstrongyregion.com.ar\/diario\/wp-json\/wp\/v2\/users\/1"}],"replies":[{"embeddable":true,"href":"https:\/\/armstrongyregion.com.ar\/diario\/wp-json\/wp\/v2\/comments?post=31747"}],"version-history":[{"count":1,"href":"https:\/\/armstrongyregion.com.ar\/diario\/wp-json\/wp\/v2\/posts\/31747\/revisions"}],"predecessor-version":[{"id":31749,"href":"https:\/\/armstrongyregion.com.ar\/diario\/wp-json\/wp\/v2\/posts\/31747\/revisions\/31749"}],"wp:featuredmedia":[{"embeddable":true,"href":"https:\/\/armstrongyregion.com.ar\/diario\/wp-json\/wp\/v2\/media\/31748"}],"wp:attachment":[{"href":"https:\/\/armstrongyregion.com.ar\/diario\/wp-json\/wp\/v2\/media?parent=31747"}],"wp:term":[{"taxonomy":"category","embeddable":true,"href":"https:\/\/armstrongyregion.com.ar\/diario\/wp-json\/wp\/v2\/categories?post=31747"},{"taxonomy":"post_tag","embeddable":true,"href":"https:\/\/armstrongyregion.com.ar\/diario\/wp-json\/wp\/v2\/tags?post=31747"}],"curies":[{"name":"wp","href":"https:\/\/api.w.org\/{rel}","templated":true}]}}