{"id":31728,"date":"2021-09-12T23:44:20","date_gmt":"2021-09-12T23:44:20","guid":{"rendered":"https:\/\/armstrongyregion.com.ar\/diario\/?p=31728"},"modified":"2021-09-12T23:44:23","modified_gmt":"2021-09-12T23:44:23","slug":"cual-es-la-multa-por-no-votar-en-las-paso-2021","status":"publish","type":"post","link":"https:\/\/armstrongyregion.com.ar\/diario\/cual-es-la-multa-por-no-votar-en-las-paso-2021\/","title":{"rendered":"\u00bfCu\u00e1l es la multa por no votar en las Paso 2021?"},"content":{"rendered":"\n<figure class=\"wp-block-image size-large\"><img loading=\"lazy\" decoding=\"async\" width=\"800\" height=\"450\" src=\"http:\/\/armstrongyregion.com.ar\/diario\/wp-content\/uploads\/2021\/09\/elecciones-.jpg\" alt=\"\" class=\"wp-image-31729\" srcset=\"https:\/\/armstrongyregion.com.ar\/diario\/wp-content\/uploads\/2021\/09\/elecciones-.jpg 800w, https:\/\/armstrongyregion.com.ar\/diario\/wp-content\/uploads\/2021\/09\/elecciones--300x169.jpg 300w, https:\/\/armstrongyregion.com.ar\/diario\/wp-content\/uploads\/2021\/09\/elecciones--768x432.jpg 768w\" sizes=\"auto, (max-width: 800px) 100vw, 800px\" \/><\/figure>\n\n\n\n<h2 class=\"wp-block-heading\"> El C\u00f3digo Nacional Electoral establece penas econ\u00f3micas y administrativas para las personas entre 18 y 70 a\u00f1os que no asistan a votar este domingo y tampoco justifiquen la ausencia\u00a0ante la autoridad nacional. Los montos, los tr\u00e1mites y d\u00f3nde voto.<\/h2>\n\n\n\n<h2 class=\"wp-block-heading\">  Las\u00a0<strong>multas por no acudir a votar\u00a0<\/strong>este domingo en las\u00a0<strong>Elecciones Primarias Abiertas Simult\u00e1neas y Obligatorias\u00a0<\/strong>(Paso) este domingo\u00a0<strong>van de 50 a 500 pesos<\/strong>\u00a0para las\u00a0<strong>personas mayores 18 a\u00f1os y menores de 70 a\u00f1os\u00a0<\/strong>y no puedan justificar su ausencia. <\/h2>\n\n\n\n<p> Quienes no abonen esa multa,\u00a0<strong>quedar\u00e1n registrados como infractores<\/strong>. Esto implica que\u00a0<em>no podr\u00e1n<\/em>\u00a0hacer tr\u00e1mites\u00a0<strong>durante un a\u00f1o<\/strong>, como\u00a0<strong>obtener el pasaporte<\/strong>, y t<strong>ampoco podr\u00e1n ser designados para desempe\u00f1ar funciones o empleos p\u00fablicos\u00a0<\/strong>durante\u00a0<strong>tres a\u00f1os<\/strong>\u00a0a partir de la elecci\u00f3n. <\/p>\n\n\n\n<p>As\u00ed lo establece el&nbsp;<strong>C\u00f3digo Nacional Electoral<\/strong>&nbsp;en su art\u00edculo 125, en el apartado \u00abfaltas electorales\u00bb.<\/p>\n\n\n\n<p>Lo primero que las y los ciudadanos deben saber es que si deciden no votar, tendr\u00e1n que justificar la ausencia por internet.<\/p>\n\n\n\n<h2 class=\"wp-block-heading\">D\u00f3nde justifico<\/h2>\n\n\n\n<p><br>El descargo se hace&nbsp;<strong>en un apartado de la web de la C\u00e1mara Nacional Electoral<\/strong>&nbsp;(CNE). En ese sitio se puede cargar la justificaci\u00f3n que avale el motivo de por qu\u00e9 decidi\u00f3 no votar, acompa\u00f1ado de la documentaci\u00f3n del ciudadano.<\/p>\n\n\n\n<p>Si no hago el descargo es que habr\u00e1 multa.<\/p>\n\n\n\n<p>\u201cCuando se acreditare la no emisi\u00f3n por alguna de las causales que prev\u00e9 el art\u00edculo 12, se entregar\u00e1 una constancia al efecto\u201d, detalla la legislaci\u00f3n vigente.<\/p>\n\n\n\n<p>\u00bfEn qu\u00e9 casos est\u00e1 justificado no votar?<\/p>\n\n\n\n<p>-Quienes el d\u00eda de la elecci\u00f3n&nbsp;<strong>se encuentren a m\u00e1s de 500&nbsp;kil\u00f3metros<\/strong>&nbsp;del lugar donde deban votar y justifiquen que el alejamiento obedece a motivos razonables. Para eso tienen que obtener un certificado en la comisar\u00eda m\u00e1s cercana.<\/p>\n\n\n\n<p>-Los\u00a0<strong>enfermos o imposibilitados por fuerza mayor<\/strong>, suficientemente comprobada, que les impida asistir al acto.\u00a0<\/p>\n\n\n\n<p>Estas causales deber\u00e1n ser justificadas en primer t\u00e9rmino por m\u00e9dicos del servicio de sanidad nacional; en su defecto por m\u00e9dicos oficiales, provinciales o municipales, y en ausencia de \u00e9stos por m\u00e9dicos particulares.<\/p>\n\n\n\n<p>-El<strong>&nbsp;personal de organismos y empresas de servicios p\u00fablicos<\/strong>&nbsp;que por razones atinentes a su cumplimiento deban realizar tareas que le impidan asistir al comicio durante su desarrollo.<\/p>\n\n\n\n<p>-Quienes tengan<strong>&nbsp;coronavirus o sean considerados casos sospechosos.<\/strong><\/p>\n\n\n\n<p>-Los<strong>&nbsp;jueces y sus auxiliares<\/strong>&nbsp;que deban asistir a sus oficinas y mantenerlas abiertas mientras dure el acto comicial.<\/p>\n\n\n\n<p><\/p>\n","protected":false},"excerpt":{"rendered":"<p>El C\u00f3digo Nacional Electoral establece penas econ\u00f3micas y administrativas para las personas entre 18 y 70 a\u00f1os que no asistan a votar este domingo y tampoco justifiquen la ausencia\u00a0ante la autoridad nacional. Los montos, los tr\u00e1mites y d\u00f3nde voto. Las\u00a0multas por no acudir a votar\u00a0este domingo en las\u00a0Elecciones Primarias Abiertas Simult\u00e1neas y Obligatorias\u00a0(Paso) este domingo\u00a0van <a href=\"https:\/\/armstrongyregion.com.ar\/diario\/cual-es-la-multa-por-no-votar-en-las-paso-2021\/\" title=\"Read more\" >&#8230;<\/a><\/p>\n","protected":false},"author":1,"featured_media":31729,"comment_status":"open","ping_status":"open","sticky":false,"template":"","format":"image","meta":{"_jetpack_memberships_contains_paid_content":false,"footnotes":"","jetpack_publicize_message":"","jetpack_publicize_feature_enabled":true,"jetpack_social_post_already_shared":true,"jetpack_social_options":{"image_generator_settings":{"template":"highway","default_image_id":0,"enabled":false},"version":2}},"categories":[8,1,2,7,3],"tags":[],"class_list":["post-31728","post","type-post","status-publish","format-image","has-post-thumbnail","hentry","category-deliberando","category-diario-armstrong","category-locales","category-politica","category-region","post_format-post-format-image"],"jetpack_publicize_connections":[],"jetpack_featured_media_url":"https:\/\/armstrongyregion.com.ar\/diario\/wp-content\/uploads\/2021\/09\/elecciones-.jpg","jetpack_shortlink":"https:\/\/wp.me\/p62QDO-8fK","jetpack_sharing_enabled":true,"amp_enabled":true,"_links":{"self":[{"href":"https:\/\/armstrongyregion.com.ar\/diario\/wp-json\/wp\/v2\/posts\/31728","targetHints":{"allow":["GET"]}}],"collection":[{"href":"https:\/\/armstrongyregion.com.ar\/diario\/wp-json\/wp\/v2\/posts"}],"about":[{"href":"https:\/\/armstrongyregion.com.ar\/diario\/wp-json\/wp\/v2\/types\/post"}],"author":[{"embeddable":true,"href":"https:\/\/armstrongyregion.com.ar\/diario\/wp-json\/wp\/v2\/users\/1"}],"replies":[{"embeddable":true,"href":"https:\/\/armstrongyregion.com.ar\/diario\/wp-json\/wp\/v2\/comments?post=31728"}],"version-history":[{"count":1,"href":"https:\/\/armstrongyregion.com.ar\/diario\/wp-json\/wp\/v2\/posts\/31728\/revisions"}],"predecessor-version":[{"id":31730,"href":"https:\/\/armstrongyregion.com.ar\/diario\/wp-json\/wp\/v2\/posts\/31728\/revisions\/31730"}],"wp:featuredmedia":[{"embeddable":true,"href":"https:\/\/armstrongyregion.com.ar\/diario\/wp-json\/wp\/v2\/media\/31729"}],"wp:attachment":[{"href":"https:\/\/armstrongyregion.com.ar\/diario\/wp-json\/wp\/v2\/media?parent=31728"}],"wp:term":[{"taxonomy":"category","embeddable":true,"href":"https:\/\/armstrongyregion.com.ar\/diario\/wp-json\/wp\/v2\/categories?post=31728"},{"taxonomy":"post_tag","embeddable":true,"href":"https:\/\/armstrongyregion.com.ar\/diario\/wp-json\/wp\/v2\/tags?post=31728"}],"curies":[{"name":"wp","href":"https:\/\/api.w.org\/{rel}","templated":true}]}}