{"id":31722,"date":"2021-09-10T10:42:31","date_gmt":"2021-09-10T10:42:31","guid":{"rendered":"https:\/\/armstrongyregion.com.ar\/diario\/?p=31722"},"modified":"2021-09-10T11:59:37","modified_gmt":"2021-09-10T11:59:37","slug":"el-intendente-verdecchia-y-nelida-santilli-mostraron-su-apoyo-al-precandidato-a-senador-maximiliano-pullaro","status":"publish","type":"post","link":"https:\/\/armstrongyregion.com.ar\/diario\/el-intendente-verdecchia-y-nelida-santilli-mostraron-su-apoyo-al-precandidato-a-senador-maximiliano-pullaro\/","title":{"rendered":"El intendente Verdecchia y N\u00e9lida Santilli mostraron su apoyo al precandidato a senador Maximiliano Pullaro."},"content":{"rendered":"\n<figure class=\"wp-block-image size-large\"><img loading=\"lazy\" decoding=\"async\" width=\"480\" height=\"320\" src=\"http:\/\/armstrongyregion.com.ar\/diario\/wp-content\/uploads\/2021\/09\/nelida-santilli-2-.jpg\" alt=\"\" class=\"wp-image-31723\" srcset=\"https:\/\/armstrongyregion.com.ar\/diario\/wp-content\/uploads\/2021\/09\/nelida-santilli-2-.jpg 480w, https:\/\/armstrongyregion.com.ar\/diario\/wp-content\/uploads\/2021\/09\/nelida-santilli-2--300x200.jpg 300w\" sizes=\"auto, (max-width: 480px) 100vw, 480px\" \/><\/figure>\n\n\n\n<h2 class=\"wp-block-heading\"> N\u00e9lida Santilli, precandidata a diputada suplente, junto al intendente Pablo Verdecchia e integrantes del Comit\u00e9 mostraron su apoyo al precandidato a senador Maximiliano Pullaro, de la lista Evoluci\u00f3n, de Juntos por el Cambio. <\/h2>\n\n\n\n<figure class=\"wp-block-image size-large\"><img loading=\"lazy\" decoding=\"async\" width=\"480\" height=\"320\" src=\"http:\/\/armstrongyregion.com.ar\/diario\/wp-content\/uploads\/2021\/09\/N\u00e9lida-Santilli-.jpg\" alt=\"\" class=\"wp-image-31724\" srcset=\"https:\/\/armstrongyregion.com.ar\/diario\/wp-content\/uploads\/2021\/09\/N\u00e9lida-Santilli-.jpg 480w, https:\/\/armstrongyregion.com.ar\/diario\/wp-content\/uploads\/2021\/09\/N\u00e9lida-Santilli--300x200.jpg 300w\" sizes=\"auto, (max-width: 480px) 100vw, 480px\" \/><\/figure>\n\n\n\n<figure class=\"wp-block-embed-youtube wp-block-embed is-type-video is-provider-youtube wp-embed-aspect-4-3 wp-has-aspect-ratio\"><div class=\"wp-block-embed__wrapper\">\n<iframe loading=\"lazy\" title=\"Politica: N\u00e9lida Santilli y el intendente Pablo Verdecchia mostraron su apoyo a la lista de Pullaro\" width=\"800\" height=\"600\" src=\"https:\/\/www.youtube.com\/embed\/cTDPnVp_q_k?feature=oembed\" frameborder=\"0\" allow=\"accelerometer; autoplay; clipboard-write; encrypted-media; gyroscope; picture-in-picture\" allowfullscreen><\/iframe>\n<\/div><\/figure>\n\n\n\n<p>Fuente: Cable Imagen Armstrong-<\/p>\n","protected":false},"excerpt":{"rendered":"<p>N\u00e9lida Santilli, precandidata a diputada suplente, junto al intendente Pablo Verdecchia e integrantes del Comit\u00e9 mostraron su apoyo al precandidato a senador Maximiliano Pullaro, de la lista Evoluci\u00f3n, de Juntos por el Cambio. Fuente: Cable Imagen Armstrong-<\/p>\n","protected":false},"author":1,"featured_media":31723,"comment_status":"open","ping_status":"open","sticky":false,"template":"","format":"image","meta":{"_jetpack_memberships_contains_paid_content":false,"footnotes":"","jetpack_publicize_message":"","jetpack_publicize_feature_enabled":true,"jetpack_social_post_already_shared":true,"jetpack_social_options":{"image_generator_settings":{"template":"highway","default_image_id":0,"enabled":false},"version":2}},"categories":[8,1,2,7,3],"tags":[],"class_list":["post-31722","post","type-post","status-publish","format-image","has-post-thumbnail","hentry","category-deliberando","category-diario-armstrong","category-locales","category-politica","category-region","post_format-post-format-image"],"jetpack_publicize_connections":[],"jetpack_featured_media_url":"https:\/\/armstrongyregion.com.ar\/diario\/wp-content\/uploads\/2021\/09\/nelida-santilli-2-.jpg","jetpack_shortlink":"https:\/\/wp.me\/p62QDO-8fE","jetpack_sharing_enabled":true,"amp_enabled":true,"_links":{"self":[{"href":"https:\/\/armstrongyregion.com.ar\/diario\/wp-json\/wp\/v2\/posts\/31722","targetHints":{"allow":["GET"]}}],"collection":[{"href":"https:\/\/armstrongyregion.com.ar\/diario\/wp-json\/wp\/v2\/posts"}],"about":[{"href":"https:\/\/armstrongyregion.com.ar\/diario\/wp-json\/wp\/v2\/types\/post"}],"author":[{"embeddable":true,"href":"https:\/\/armstrongyregion.com.ar\/diario\/wp-json\/wp\/v2\/users\/1"}],"replies":[{"embeddable":true,"href":"https:\/\/armstrongyregion.com.ar\/diario\/wp-json\/wp\/v2\/comments?post=31722"}],"version-history":[{"count":3,"href":"https:\/\/armstrongyregion.com.ar\/diario\/wp-json\/wp\/v2\/posts\/31722\/revisions"}],"predecessor-version":[{"id":31727,"href":"https:\/\/armstrongyregion.com.ar\/diario\/wp-json\/wp\/v2\/posts\/31722\/revisions\/31727"}],"wp:featuredmedia":[{"embeddable":true,"href":"https:\/\/armstrongyregion.com.ar\/diario\/wp-json\/wp\/v2\/media\/31723"}],"wp:attachment":[{"href":"https:\/\/armstrongyregion.com.ar\/diario\/wp-json\/wp\/v2\/media?parent=31722"}],"wp:term":[{"taxonomy":"category","embeddable":true,"href":"https:\/\/armstrongyregion.com.ar\/diario\/wp-json\/wp\/v2\/categories?post=31722"},{"taxonomy":"post_tag","embeddable":true,"href":"https:\/\/armstrongyregion.com.ar\/diario\/wp-json\/wp\/v2\/tags?post=31722"}],"curies":[{"name":"wp","href":"https:\/\/api.w.org\/{rel}","templated":true}]}}