{"id":31673,"date":"2021-09-03T15:12:02","date_gmt":"2021-09-03T15:12:02","guid":{"rendered":"https:\/\/armstrongyregion.com.ar\/diario\/?p=31673"},"modified":"2021-09-03T15:12:04","modified_gmt":"2021-09-03T15:12:04","slug":"el-senador-cornaglia-solicito-la-digitalizacion-del-registro-civil-de-montes-de-oca","status":"publish","type":"post","link":"https:\/\/armstrongyregion.com.ar\/diario\/el-senador-cornaglia-solicito-la-digitalizacion-del-registro-civil-de-montes-de-oca\/","title":{"rendered":"El Senador Cornaglia solicit\u00f3 la digitalizaci\u00f3n del registro civil de Montes de Oca."},"content":{"rendered":"\n<figure class=\"wp-block-image size-large\"><img loading=\"lazy\" decoding=\"async\" width=\"960\" height=\"504\" src=\"http:\/\/armstrongyregion.com.ar\/diario\/wp-content\/uploads\/2020\/10\/GC-2020-10-09-Fb-Cornaglia.jpg\" alt=\"\" class=\"wp-image-27493\" srcset=\"https:\/\/armstrongyregion.com.ar\/diario\/wp-content\/uploads\/2020\/10\/GC-2020-10-09-Fb-Cornaglia.jpg 960w, https:\/\/armstrongyregion.com.ar\/diario\/wp-content\/uploads\/2020\/10\/GC-2020-10-09-Fb-Cornaglia-300x158.jpg 300w, https:\/\/armstrongyregion.com.ar\/diario\/wp-content\/uploads\/2020\/10\/GC-2020-10-09-Fb-Cornaglia-768x403.jpg 768w\" sizes=\"auto, (max-width: 960px) 100vw, 960px\" \/><\/figure>\n\n\n\n<h2 class=\"wp-block-heading\"><strong>El proyecto de Comunicaci\u00f3n presentado en la C\u00e1mara de Senadores se basa en la necesidad de incorporar nuevas tecnolog\u00edas para tener un Estado cada vez m\u00e1s eficiente y presente.<\/strong><\/h2>\n\n\n\n<p>El senador provincial&nbsp;<strong>Guillermo Cornaglia<\/strong>&nbsp;solicit\u00f3 a la Provincia que proceda a instrumentar los recursos necesarios para la digitalizaci\u00f3n del Registro Civil de Montes de Oca. El&nbsp;<strong>legislador por el departamento Belgrano<\/strong>&nbsp;fundament\u00f3 su proyecto en la necesidad de tener un Estado cada vez m\u00e1s eficiente y presente, y en que la incorporaci\u00f3n de las nuevas tecnolog\u00edas hace propicia la oportunidad de organizar la demanda de turnos a fin de facilitar y optimizar el circuito de atenci\u00f3n pospandemia.<\/p>\n\n\n\n<p>La implementaci\u00f3n de un Registro Civil Digital posee varios beneficios, como ser la obtenci\u00f3n de la documentaci\u00f3n actualizada de toda la ciudadan\u00eda, el acceso instant\u00e1neo a las actas y personas mediante la interoperabilidad provincial, la carga de datos de personas y actas de defunci\u00f3n a trav\u00e9s del RENAPER, la interoperabilidad nacional a trav\u00e9s del trabajo con los registros civiles digitales, la interacci\u00f3n directa con los distintos m\u00f3dulos de la plataforma integral de Gesti\u00f3n Documental Digital y la incorporaci\u00f3n de firma digital y remota para cada uno de los registros.<br><\/p>\n\n\n\n<p><em>\u201cConsideramos que la digitalizaci\u00f3n es una puerta para llegar a la ciudadan\u00eda, una herramienta simple y pr\u00e1ctica que garantiza la equidad y la transparencia, ya que permite realizar tr\u00e1mites de manera m\u00e1s veloz, operativizando los servicios brindados a la comunidad de Montes de Oca\u201d<\/em>, finaliz\u00f3&nbsp;<strong>Cornaglia<\/strong>.<\/p>\n","protected":false},"excerpt":{"rendered":"<p>El proyecto de Comunicaci\u00f3n presentado en la C\u00e1mara de Senadores se basa en la necesidad de incorporar nuevas tecnolog\u00edas para tener un Estado cada vez m\u00e1s eficiente y presente. El senador provincial&nbsp;Guillermo Cornaglia&nbsp;solicit\u00f3 a la Provincia que proceda a instrumentar los recursos necesarios para la digitalizaci\u00f3n del Registro Civil de Montes de Oca. El&nbsp;legislador por <a href=\"https:\/\/armstrongyregion.com.ar\/diario\/el-senador-cornaglia-solicito-la-digitalizacion-del-registro-civil-de-montes-de-oca\/\" title=\"Read more\" >&#8230;<\/a><\/p>\n","protected":false},"author":1,"featured_media":27493,"comment_status":"open","ping_status":"open","sticky":false,"template":"","format":"image","meta":{"_jetpack_memberships_contains_paid_content":false,"footnotes":"","jetpack_publicize_message":"","jetpack_publicize_feature_enabled":true,"jetpack_social_post_already_shared":true,"jetpack_social_options":{"image_generator_settings":{"template":"highway","default_image_id":0,"enabled":false},"version":2}},"categories":[8,1,2,7,3],"tags":[],"class_list":["post-31673","post","type-post","status-publish","format-image","has-post-thumbnail","hentry","category-deliberando","category-diario-armstrong","category-locales","category-politica","category-region","post_format-post-format-image"],"jetpack_publicize_connections":[],"jetpack_featured_media_url":"https:\/\/armstrongyregion.com.ar\/diario\/wp-content\/uploads\/2020\/10\/GC-2020-10-09-Fb-Cornaglia.jpg","jetpack_shortlink":"https:\/\/wp.me\/p62QDO-8eR","jetpack_sharing_enabled":true,"amp_enabled":true,"_links":{"self":[{"href":"https:\/\/armstrongyregion.com.ar\/diario\/wp-json\/wp\/v2\/posts\/31673","targetHints":{"allow":["GET"]}}],"collection":[{"href":"https:\/\/armstrongyregion.com.ar\/diario\/wp-json\/wp\/v2\/posts"}],"about":[{"href":"https:\/\/armstrongyregion.com.ar\/diario\/wp-json\/wp\/v2\/types\/post"}],"author":[{"embeddable":true,"href":"https:\/\/armstrongyregion.com.ar\/diario\/wp-json\/wp\/v2\/users\/1"}],"replies":[{"embeddable":true,"href":"https:\/\/armstrongyregion.com.ar\/diario\/wp-json\/wp\/v2\/comments?post=31673"}],"version-history":[{"count":1,"href":"https:\/\/armstrongyregion.com.ar\/diario\/wp-json\/wp\/v2\/posts\/31673\/revisions"}],"predecessor-version":[{"id":31674,"href":"https:\/\/armstrongyregion.com.ar\/diario\/wp-json\/wp\/v2\/posts\/31673\/revisions\/31674"}],"wp:featuredmedia":[{"embeddable":true,"href":"https:\/\/armstrongyregion.com.ar\/diario\/wp-json\/wp\/v2\/media\/27493"}],"wp:attachment":[{"href":"https:\/\/armstrongyregion.com.ar\/diario\/wp-json\/wp\/v2\/media?parent=31673"}],"wp:term":[{"taxonomy":"category","embeddable":true,"href":"https:\/\/armstrongyregion.com.ar\/diario\/wp-json\/wp\/v2\/categories?post=31673"},{"taxonomy":"post_tag","embeddable":true,"href":"https:\/\/armstrongyregion.com.ar\/diario\/wp-json\/wp\/v2\/tags?post=31673"}],"curies":[{"name":"wp","href":"https:\/\/api.w.org\/{rel}","templated":true}]}}