{"id":31634,"date":"2021-08-31T01:38:28","date_gmt":"2021-08-31T01:38:28","guid":{"rendered":"https:\/\/armstrongyregion.com.ar\/diario\/?p=31634"},"modified":"2021-08-31T01:38:30","modified_gmt":"2021-08-31T01:38:30","slug":"armstrong-hay-una-clara-decision-politica-de-un-proyecto-con-industria-nacional-expreso-perotti","status":"publish","type":"post","link":"https:\/\/armstrongyregion.com.ar\/diario\/armstrong-hay-una-clara-decision-politica-de-un-proyecto-con-industria-nacional-expreso-perotti\/","title":{"rendered":"Armstrong: \u00abHay una clara decisi\u00f3n pol\u00edtica de un proyecto con Industria Nacional\u00bb. Expres\u00f3 Perotti."},"content":{"rendered":"\n<figure class=\"wp-block-image size-large\"><img loading=\"lazy\" decoding=\"async\" width=\"637\" height=\"378\" src=\"http:\/\/armstrongyregion.com.ar\/diario\/wp-content\/uploads\/2021\/08\/crucianelli-perotti.jpg\" alt=\"\" class=\"wp-image-31635\" srcset=\"https:\/\/armstrongyregion.com.ar\/diario\/wp-content\/uploads\/2021\/08\/crucianelli-perotti.jpg 637w, https:\/\/armstrongyregion.com.ar\/diario\/wp-content\/uploads\/2021\/08\/crucianelli-perotti-300x178.jpg 300w\" sizes=\"auto, (max-width: 637px) 100vw, 637px\" \/><\/figure>\n\n\n\n<h2 class=\"wp-block-heading\"> <em>El gobernador de la provincia particip\u00f3 este lunes en Armstrong del acto por el D\u00eda de la Industria, donde remarc\u00f3 que este sector, junto a la ciencia y la tecnolog\u00eda, hacen de Santa Fe \u201cel coraz\u00f3n productivo de la Argentina\u201d.<\/em> <\/h2>\n\n\n\n<figure class=\"wp-block-image size-large\"><img loading=\"lazy\" decoding=\"async\" width=\"447\" height=\"262\" src=\"http:\/\/armstrongyregion.com.ar\/diario\/wp-content\/uploads\/2021\/08\/crucianelli-perotti-2-.jpg\" alt=\"\" class=\"wp-image-31636\" srcset=\"https:\/\/armstrongyregion.com.ar\/diario\/wp-content\/uploads\/2021\/08\/crucianelli-perotti-2-.jpg 447w, https:\/\/armstrongyregion.com.ar\/diario\/wp-content\/uploads\/2021\/08\/crucianelli-perotti-2--300x176.jpg 300w\" sizes=\"auto, (max-width: 447px) 100vw, 447px\" \/><\/figure>\n\n\n\n<p>El gobernador Omar Perotti particip\u00f3 este lunes, en la localidad de Armstrong, del encuentro organizado por la Federaci\u00f3n Industrial de Santa Fe (Fisfe), con motivo del D\u00eda de la Industria.<\/p>\n\n\n\n<p>\u00abHay una clara decisi\u00f3n pol\u00edtica de un proyecto nacional con industria nacional\u00bb, asegur\u00f3 el mandatario, e hizo menci\u00f3n a los efectos de la pandemia y la importancia de la industria local a la hora de confeccionar y producir los elementos que se necesitaban para afrontar la crisis sanitaria.<\/p>\n\n\n\n<figure class=\"wp-block-image size-large\"><img loading=\"lazy\" decoding=\"async\" width=\"640\" height=\"405\" src=\"http:\/\/armstrongyregion.com.ar\/diario\/wp-content\/uploads\/2021\/08\/crucianelli-perotti-3-.jpg\" alt=\"\" class=\"wp-image-31637\" srcset=\"https:\/\/armstrongyregion.com.ar\/diario\/wp-content\/uploads\/2021\/08\/crucianelli-perotti-3-.jpg 640w, https:\/\/armstrongyregion.com.ar\/diario\/wp-content\/uploads\/2021\/08\/crucianelli-perotti-3--300x190.jpg 300w\" sizes=\"auto, (max-width: 640px) 100vw, 640px\" \/><\/figure>\n\n\n\n<p>Perotti dijo que en Argentina existe \u201cel cimiento de una fuerte vocaci\u00f3n industrial y las bases de un sistema cient\u00edfico-tecnol\u00f3gico que nos brinda, a los argentinos, uno de nuestros mayores activos\u201d.<\/p>\n\n\n\n<p>\u201cLa pasi\u00f3n y la decisi\u00f3n que ponen nuestros industriales defiende el lugar (donde se radican), y detr\u00e1s de esa pasi\u00f3n se genera la vida de nuestros pueblos y el arraigo, por lo cual la necesidad de la estructuraci\u00f3n de una industria con alto contenido federal y un gobierno acompa\u00f1ando, es prioritario para una Argentina que necesita equilibrarse poblacionalmente e integrarse territorialmente\u201d, indic\u00f3 el gobernador.<\/p>\n\n\n\n<p>Y agreg\u00f3: \u201cLa vacuna es una esperanza. Y generar oportunidades para todos es la otra esperanza. Todo nuestro sector agroalimentario y agroindustrial, potenciado con la ciencia y la tecnolog\u00eda, nos est\u00e1 dando alto valor y capacidad de competir de igual a igual. Esto contagia y entusiasma\u201d, sostuvo Perotti.<\/p>\n\n\n\n<p>En ese sentido, asegur\u00f3 que \u201cel Estado tiene que dar certezas, con su presencia en momentos duros, y acompa\u00f1ar al que produce, invierte y genera empleo, y all\u00ed estuvo la asistencia nacional en el inicio de la pandemia y sigue estando\u201d.<\/p>\n\n\n\n<p>M\u00e1s adelante expres\u00f3 que \u201ctenemos que seguir alentando a que nuestros actores productivos, todos los d\u00edas, generen m\u00e1s. Lo que Santa Fe recibe lo potencia y lo devuelve multiplicado, y a eso lo vemos en cada empresa y comercio como dinamizador de actividad\u201d.<\/p>\n\n\n\n<p>Adem\u00e1s, Perotti mencion\u00f3 las caracter\u00edsticas del programa Billetera Santa Fe, que \u201cdinamiza la econom\u00eda y ayuda a recuperar la actividad\u201d. Tambi\u00e9n, a\u00f1adi\u00f3 que \u201ccreo profundamente en este proceso, en el trabajo, en el que invierte para dar trabajo. Y all\u00ed es donde el Estado tiene que acompa\u00f1ar con infraestructura y el financiamiento necesario. Ya se est\u00e1n dando se\u00f1ales en ese sentido\u201d, dijo.<\/p>\n\n\n\n<p>\u201cVaya si tenemos historia y derechos adquiridos para que la maquinaria agr\u00edcola tenga su acompa\u00f1amiento, para cuidar este mercado interno que no s\u00f3lo tiene campo para trabajar, sino la inteligencia y la decisi\u00f3n de llevarla adelante. Demuestra que tiene todas las condiciones para pelearla de igual a igual, para ser un exportador de esta producci\u00f3n y uno de los mejores del mundo\u201d, afirm\u00f3 el gobernador de la provincia.<\/p>\n\n\n\n<p>Finalmente, Perotti se\u00f1al\u00f3 que este sector, junto a la ciencia y la tecnolog\u00eda, hacen de \u201cesta provincia el coraz\u00f3n productivo de la Argentina\u201d. Y subray\u00f3 que \u201cla conectividad es uno de los desaf\u00edos m\u00e1s importantes para dar un salto de competitividad en la provincia. Creo profundamente en una provincia que acepta las diferencias, pero no las desigualdades\u201d.<\/p>\n\n\n\n<p><strong>RECOMPOSICI\u00d3N Y CRECIMIENTO<\/strong><\/p>\n\n\n\n<p>Por su parte, el presidente de la Uni\u00f3n Industrial Argentina (UIA), Daniel Funes de Rioja, expres\u00f3 que \u201cnos vamos nutridos de una nueva fe, porque podemos construir un proyecto de Argentina con desarrollo sustentable\u201d.<\/p>\n\n\n\n<p>\u201cLa UIA quiere di\u00e1logo y concertaci\u00f3n para un futuro argentino optimista y constructivo. Y lo podemos hacer desde la industria, porque la industria es trabajo formal. Queremos un pa\u00eds productivista\u201d, propuso Funes de Rioja.<\/p>\n\n\n\n<p>A su turno, el titular de Fisfe, V\u00edctor Sarmiento, dijo que \u201ctodos los d\u00edas\u201d mantiene di\u00e1logo con cada una de las \u00e1reas del gobierno de Santa Fe. \u201cTenemos como premisa clara el valor de la articulaci\u00f3n con el gobierno provincial\u201d, remarc\u00f3.<\/p>\n\n\n\n<p>\u201cSanta Fe es la provincia que viene liderando la recomposici\u00f3n de crecimiento, tanto industrial como de mano de obra\u201d, inform\u00f3 Sarmiento, quien pidi\u00f3 estar \u201corgullosos de que Santa Fe aporta el 22 por ciento del valor de trabajo recuperado; so\u00f1amos con una Argentina grande e inclusiva; y con una provincia de Santa Fe que cada vez incluya m\u00e1s\u201d.<\/p>\n\n\n\n<p>En tanto, el secretario de Industria, Econom\u00eda del Conocimiento y Gesti\u00f3n Comercial Externa de la Naci\u00f3n, Ariel Schale, enumer\u00f3 algunas de las acciones ejecutadas por la administraci\u00f3n central para \u201cseguir consolidando una Argentina industrial\u201d.<\/p>\n\n\n\n<p>\u201cVamos a trabajar defendi\u00e9ndolos con la convicci\u00f3n de que la Argentina que viene es la Argentina de la industria nacional\u201d, indic\u00f3 Schale.<\/p>\n\n\n\n<p><strong>RECORRIDA Y DI\u00c1LOGO CON EMPRESARIOS<\/strong><\/p>\n\n\n\n<p>Previamente, en la ciudad de Las Parejas, el gobernador Omar Perotti, junto a los funcionarios nacionales y las autoridades de Fisfe, recorrieron la f\u00e1brica de m\u00e1quinas agr\u00edcolas y remolques Omb\u00fa SA, y en el Sportivo Atl\u00e9tico Club de Las Parejas participaron de una reuni\u00f3n de trabajo.<\/p>\n\n\n\n<p>En ese marco, Perotti se\u00f1al\u00f3 que \u201cel sector industrial fue de los primeros que se sum\u00f3 a los esenciales y claramente aprovech\u00f3 esa oportunidad en el sostenimiento de empleo y en el crecimiento posterior, virtuoso porque hay tecnolog\u00eda, nuevos productos y eso ha entusiasmado y ha generado, acompa\u00f1ado por una instancia de inversi\u00f3n del sector agr\u00edcola, a un movimiento realmente muy importante\u201d.<\/p>\n\n\n\n<p>\u201cEl sector metalmec\u00e1nico claramente ha generado uno de los mayores movimientos de recuperaci\u00f3n, que nos pone orgullosamente a la provincia al tope de la recuperaci\u00f3n del nivel de actividad, de inversi\u00f3n y de empleo registrado\u201d, repas\u00f3 el gobernador de la provincia.<\/p>\n\n\n\n<p>En el evento, que se desarroll\u00f3 en los talleres metal\u00fargicos Crucianelli SA, tambi\u00e9n participaron el ministro de la Producci\u00f3n, Ciencia y Tecnolog\u00eda, Daniel Costamagna; el secretario de Trabajo de la Naci\u00f3n, Marcelo Bellotti; los intendentes de Armstrong, Pablo Verdecchia, y de Las Parejas, Horacio Compagnucci; y el presidente del Centro Comercial, Industrial y Rural de Armstrong (Ccira), Claudio Del Vechio, entre otros.<\/p>\n","protected":false},"excerpt":{"rendered":"<p>El gobernador de la provincia particip\u00f3 este lunes en Armstrong del acto por el D\u00eda de la Industria, donde remarc\u00f3 que este sector, junto a la ciencia y la tecnolog\u00eda, hacen de Santa Fe \u201cel coraz\u00f3n productivo de la Argentina\u201d. El gobernador Omar Perotti particip\u00f3 este lunes, en la localidad de Armstrong, del encuentro organizado <a href=\"https:\/\/armstrongyregion.com.ar\/diario\/armstrong-hay-una-clara-decision-politica-de-un-proyecto-con-industria-nacional-expreso-perotti\/\" title=\"Read more\" >&#8230;<\/a><\/p>\n","protected":false},"author":1,"featured_media":31635,"comment_status":"open","ping_status":"open","sticky":false,"template":"","format":"image","meta":{"_jetpack_memberships_contains_paid_content":false,"footnotes":"","jetpack_publicize_message":"","jetpack_publicize_feature_enabled":true,"jetpack_social_post_already_shared":true,"jetpack_social_options":{"image_generator_settings":{"template":"highway","default_image_id":0,"enabled":false},"version":2}},"categories":[8,1,2,7,3],"tags":[],"class_list":["post-31634","post","type-post","status-publish","format-image","has-post-thumbnail","hentry","category-deliberando","category-diario-armstrong","category-locales","category-politica","category-region","post_format-post-format-image"],"jetpack_publicize_connections":[],"jetpack_featured_media_url":"https:\/\/armstrongyregion.com.ar\/diario\/wp-content\/uploads\/2021\/08\/crucianelli-perotti.jpg","jetpack_shortlink":"https:\/\/wp.me\/p62QDO-8ee","jetpack_sharing_enabled":true,"amp_enabled":true,"_links":{"self":[{"href":"https:\/\/armstrongyregion.com.ar\/diario\/wp-json\/wp\/v2\/posts\/31634","targetHints":{"allow":["GET"]}}],"collection":[{"href":"https:\/\/armstrongyregion.com.ar\/diario\/wp-json\/wp\/v2\/posts"}],"about":[{"href":"https:\/\/armstrongyregion.com.ar\/diario\/wp-json\/wp\/v2\/types\/post"}],"author":[{"embeddable":true,"href":"https:\/\/armstrongyregion.com.ar\/diario\/wp-json\/wp\/v2\/users\/1"}],"replies":[{"embeddable":true,"href":"https:\/\/armstrongyregion.com.ar\/diario\/wp-json\/wp\/v2\/comments?post=31634"}],"version-history":[{"count":1,"href":"https:\/\/armstrongyregion.com.ar\/diario\/wp-json\/wp\/v2\/posts\/31634\/revisions"}],"predecessor-version":[{"id":31638,"href":"https:\/\/armstrongyregion.com.ar\/diario\/wp-json\/wp\/v2\/posts\/31634\/revisions\/31638"}],"wp:featuredmedia":[{"embeddable":true,"href":"https:\/\/armstrongyregion.com.ar\/diario\/wp-json\/wp\/v2\/media\/31635"}],"wp:attachment":[{"href":"https:\/\/armstrongyregion.com.ar\/diario\/wp-json\/wp\/v2\/media?parent=31634"}],"wp:term":[{"taxonomy":"category","embeddable":true,"href":"https:\/\/armstrongyregion.com.ar\/diario\/wp-json\/wp\/v2\/categories?post=31634"},{"taxonomy":"post_tag","embeddable":true,"href":"https:\/\/armstrongyregion.com.ar\/diario\/wp-json\/wp\/v2\/tags?post=31634"}],"curies":[{"name":"wp","href":"https:\/\/api.w.org\/{rel}","templated":true}]}}