{"id":31630,"date":"2021-08-31T01:27:04","date_gmt":"2021-08-31T01:27:04","guid":{"rendered":"https:\/\/armstrongyregion.com.ar\/diario\/?p=31630"},"modified":"2021-08-31T01:27:32","modified_gmt":"2021-08-31T01:27:32","slug":"la-capital-nacional-de-la-pyme-agroindustrial-conmemoro-el-dia-de-la-industria","status":"publish","type":"post","link":"https:\/\/armstrongyregion.com.ar\/diario\/la-capital-nacional-de-la-pyme-agroindustrial-conmemoro-el-dia-de-la-industria\/","title":{"rendered":"La Capital Nacional de la PyME Agroindustrial conmemor\u00f3 el D\u00eda de la Industria."},"content":{"rendered":"\n<figure class=\"wp-block-image size-large\"><img loading=\"lazy\" decoding=\"async\" width=\"608\" height=\"320\" src=\"http:\/\/armstrongyregion.com.ar\/diario\/wp-content\/uploads\/2021\/08\/industria-1-1280x640-1.jpg\" alt=\"\" class=\"wp-image-31631\" srcset=\"https:\/\/armstrongyregion.com.ar\/diario\/wp-content\/uploads\/2021\/08\/industria-1-1280x640-1.jpg 608w, https:\/\/armstrongyregion.com.ar\/diario\/wp-content\/uploads\/2021\/08\/industria-1-1280x640-1-300x158.jpg 300w\" sizes=\"auto, (max-width: 608px) 100vw, 608px\" \/><\/figure>\n\n\n\n<p><em><strong>En el marco de la celebraci\u00f3n del D\u00eda de la Industria, el Intendente Municipal Horacio Compagnucci encabezo, tras la visita del Gobernador Omar Perotti y el secretario de Industria, Econom\u00eda del Conocimiento y Gesti\u00f3n Comercial Externa Ariel Schale, una ronda de trabajo junto a industriales de toda la regi\u00f3n.<\/strong><\/em><\/p>\n\n\n\n<div class=\"wp-block-image\"><figure class=\"alignleft\"><a href=\"https:\/\/www.radiolasparejas.com.ar\/wp-content\/uploads\/2021\/08\/industria-2.jpg\"><img decoding=\"async\" src=\"https:\/\/www.radiolasparejas.com.ar\/wp-content\/uploads\/2021\/08\/industria-2-300x200.jpg\" alt=\"\" class=\"wp-image-34180\"\/><\/a><\/figure><\/div>\n\n\n\n<p>En horas del mediod\u00eda las autoridades estuvieron presente en las instalaciones de Sportivo donde varias de ellas, incluido el Gobernador Omar Perotti, se dirigieron haciendo referencia a la situaci\u00f3n actual de la Industria, para posteriormente y previo a una conferencia de prensa servirse un lunch a los presentes.<\/p>\n\n\n\n<div class=\"wp-block-image\"><figure class=\"alignleft\"><a href=\"https:\/\/www.radiolasparejas.com.ar\/wp-content\/uploads\/2021\/08\/industria-3.jpg\"><img decoding=\"async\" src=\"https:\/\/www.radiolasparejas.com.ar\/wp-content\/uploads\/2021\/08\/industria-3-300x200.jpg\" alt=\"\" class=\"wp-image-34181\"\/><\/a><\/figure><\/div>\n\n\n\n<p>En Intendente Compagnucci dijo que hoy en Las Parejas se est\u00e1 ampliando el \u00e1rea industrial por m\u00e1s de 30% por la iniciativa del sector p\u00fablico-privado, \u201cy eso no es casualidad: esta ampliaci\u00f3n tiene que ver con el proceso productivo que se est\u00e1 viviendo en este momento. Siempre decimos que las cosas no&nbsp;suceden por casualidad sino por causalidades, porque cuando hay una decisi\u00f3n de sostener y asistir a nuestra industria nacional eso posibilita que hoy, en el D\u00eda de la Industria, la ciudad de Las Parejas est\u00e1 ampliando su parque industrial por cuarta vez en casi 20 a\u00f1os, con 40 lotes, con 22 empresas, que tomaron la decisi\u00f3n de seguir reinvirtiendo\u201d.<\/p>\n\n\n\n<div class=\"wp-block-image\"><figure class=\"alignleft\"><a href=\"https:\/\/www.radiolasparejas.com.ar\/wp-content\/uploads\/2021\/08\/industria-4.jpg\"><img decoding=\"async\" src=\"https:\/\/www.radiolasparejas.com.ar\/wp-content\/uploads\/2021\/08\/industria-4-300x200.jpg\" alt=\"\" class=\"wp-image-34182\"\/><\/a><\/figure><\/div>\n\n\n\n<p>Adem\u00e1s, participaron el Secretario de la Peque\u00f1a y Mediana Empresa y los Emprendedores, Mg. Guillermo Merediz, Daniel Costamagna Ministro de Producci\u00f3n de Santa Fe, Marcelo Belotti Secretario de Trabajo de Naci\u00f3n, la Subsecretaria\u00a0de Industria, Lic. Julieta Loustau, Directora de Financiamiento y Competitividad PyME, Lic. Laura Tuero, el Presidente del Centro Industrial de Las Parejas Mario Riva, el Presidente de Fisfe V\u00edctor Sarmiento, el Jefe de la Regi\u00f3n Litoral de Anses Diego Mansilla, la Senadora Nacional Mar\u00eda de Los \u00c1ngeles Sacnun, Jos\u00e9 Ignacio de Mendiguren Presidente del BICE \u2013 Banco de Inversi\u00f3n y Comercio Exterior, Gabriel Gonz\u00e1lez Presidente de Garantizar SGR , Daniel Funes de Rioja Presidente Uni\u00f3n Industrial Argentina, Integrantes de C\u00e1maras, Funcionarios Nacionales y Provinciales, integrantes de UOM Las Parejas , concejales y miembros del gabinete municipal.<\/p>\n\n\n\n<p>Fuente: Radio Las Parejas-<\/p>\n","protected":false},"excerpt":{"rendered":"<p>En el marco de la celebraci\u00f3n del D\u00eda de la Industria, el Intendente Municipal Horacio Compagnucci encabezo, tras la visita del Gobernador Omar Perotti y el secretario de Industria, Econom\u00eda del Conocimiento y Gesti\u00f3n Comercial Externa Ariel Schale, una ronda de trabajo junto a industriales de toda la regi\u00f3n. En horas del mediod\u00eda las autoridades <a href=\"https:\/\/armstrongyregion.com.ar\/diario\/la-capital-nacional-de-la-pyme-agroindustrial-conmemoro-el-dia-de-la-industria\/\" title=\"Read more\" >&#8230;<\/a><\/p>\n","protected":false},"author":1,"featured_media":31631,"comment_status":"open","ping_status":"open","sticky":false,"template":"","format":"image","meta":{"_jetpack_memberships_contains_paid_content":false,"footnotes":"","jetpack_publicize_message":"","jetpack_publicize_feature_enabled":true,"jetpack_social_post_already_shared":true,"jetpack_social_options":{"image_generator_settings":{"template":"highway","default_image_id":0,"enabled":false},"version":2}},"categories":[8,1,2,7,3],"tags":[],"class_list":["post-31630","post","type-post","status-publish","format-image","has-post-thumbnail","hentry","category-deliberando","category-diario-armstrong","category-locales","category-politica","category-region","post_format-post-format-image"],"jetpack_publicize_connections":[],"jetpack_featured_media_url":"https:\/\/armstrongyregion.com.ar\/diario\/wp-content\/uploads\/2021\/08\/industria-1-1280x640-1.jpg","jetpack_shortlink":"https:\/\/wp.me\/p62QDO-8ea","jetpack_sharing_enabled":true,"amp_enabled":true,"_links":{"self":[{"href":"https:\/\/armstrongyregion.com.ar\/diario\/wp-json\/wp\/v2\/posts\/31630","targetHints":{"allow":["GET"]}}],"collection":[{"href":"https:\/\/armstrongyregion.com.ar\/diario\/wp-json\/wp\/v2\/posts"}],"about":[{"href":"https:\/\/armstrongyregion.com.ar\/diario\/wp-json\/wp\/v2\/types\/post"}],"author":[{"embeddable":true,"href":"https:\/\/armstrongyregion.com.ar\/diario\/wp-json\/wp\/v2\/users\/1"}],"replies":[{"embeddable":true,"href":"https:\/\/armstrongyregion.com.ar\/diario\/wp-json\/wp\/v2\/comments?post=31630"}],"version-history":[{"count":2,"href":"https:\/\/armstrongyregion.com.ar\/diario\/wp-json\/wp\/v2\/posts\/31630\/revisions"}],"predecessor-version":[{"id":31633,"href":"https:\/\/armstrongyregion.com.ar\/diario\/wp-json\/wp\/v2\/posts\/31630\/revisions\/31633"}],"wp:featuredmedia":[{"embeddable":true,"href":"https:\/\/armstrongyregion.com.ar\/diario\/wp-json\/wp\/v2\/media\/31631"}],"wp:attachment":[{"href":"https:\/\/armstrongyregion.com.ar\/diario\/wp-json\/wp\/v2\/media?parent=31630"}],"wp:term":[{"taxonomy":"category","embeddable":true,"href":"https:\/\/armstrongyregion.com.ar\/diario\/wp-json\/wp\/v2\/categories?post=31630"},{"taxonomy":"post_tag","embeddable":true,"href":"https:\/\/armstrongyregion.com.ar\/diario\/wp-json\/wp\/v2\/tags?post=31630"}],"curies":[{"name":"wp","href":"https:\/\/api.w.org\/{rel}","templated":true}]}}