{"id":31626,"date":"2021-08-31T00:54:47","date_gmt":"2021-08-31T00:54:47","guid":{"rendered":"https:\/\/armstrongyregion.com.ar\/diario\/?p=31626"},"modified":"2021-08-31T00:54:49","modified_gmt":"2021-08-31T00:54:49","slug":"30-de-agosto-dia-internacional-del-detenido-desaparecido","status":"publish","type":"post","link":"https:\/\/armstrongyregion.com.ar\/diario\/30-de-agosto-dia-internacional-del-detenido-desaparecido\/","title":{"rendered":"30 de Agosto \u2013 D\u00eda Internacional del Detenido Desaparecido."},"content":{"rendered":"\n<figure class=\"wp-block-image size-large\"><img loading=\"lazy\" decoding=\"async\" width=\"400\" height=\"259\" src=\"http:\/\/armstrongyregion.com.ar\/diario\/wp-content\/uploads\/2021\/08\/desaparecidos-quelo.jpg\" alt=\"\" class=\"wp-image-31627\" srcset=\"https:\/\/armstrongyregion.com.ar\/diario\/wp-content\/uploads\/2021\/08\/desaparecidos-quelo.jpg 400w, https:\/\/armstrongyregion.com.ar\/diario\/wp-content\/uploads\/2021\/08\/desaparecidos-quelo-300x194.jpg 300w\" sizes=\"auto, (max-width: 400px) 100vw, 400px\" \/><\/figure>\n\n\n\n<h2 class=\"wp-block-heading\"> Arder\u00e1 la Memoria, hasta que todo sea como lo so\u00f1amos.<\/h2>\n\n\n\n<p> La desaparici\u00f3n de personas fue la forma represiva m\u00e1s perversa que el poder implement\u00f3 en nuestro pa\u00eds, siendo los antecedentes m\u00e1s notables Juan Ingalinella en 1954, Felipe Vallese en 1962 y Angel Brandazza en 1972.\u00a0 Sin embargo, durante la dictadura c\u00edvico-militar-clerical es que esta siniestra pr\u00e1ctica fue\u00a0 aplicada como forma constante de detenci\u00f3n y tortura.<\/p>\n\n\n\n<figure class=\"wp-block-image size-large\"><img loading=\"lazy\" decoding=\"async\" width=\"330\" height=\"185\" src=\"http:\/\/armstrongyregion.com.ar\/diario\/wp-content\/uploads\/2021\/08\/desaparecidos-quelo-2.jpg\" alt=\"\" class=\"wp-image-31628\" srcset=\"https:\/\/armstrongyregion.com.ar\/diario\/wp-content\/uploads\/2021\/08\/desaparecidos-quelo-2.jpg 330w, https:\/\/armstrongyregion.com.ar\/diario\/wp-content\/uploads\/2021\/08\/desaparecidos-quelo-2-300x168.jpg 300w\" sizes=\"auto, (max-width: 330px) 100vw, 330px\" \/><\/figure>\n\n\n\n<p><br>En 2002 la Corte Penal Internacional, a instancias de la lucha de FEDEFAM,\u00a0 establece \u201ccuando como parte de un ataque generalizado o sistem\u00e1tico dirigido a cualquier poblaci\u00f3n civil, se cometa una \u00abdesaparici\u00f3n forzada\u00bb, \u00e9sta se calificar\u00e1 como un crimen contra la humanidad y, por tanto, no prescribir\u00e1. Se dar\u00e1 a las familias de las v\u00edctimas el derecho a obtener reparaci\u00f3n y a exigir la verdad sobre la desaparici\u00f3n de sus seres queridos\u201d.\u00a0Las autoridades de los pa\u00edses que intervienen en la ONU tardaron 26 a\u00f1os \u2013si tomamos el inicio de la dictadura como comienzo del genocidio- en reconocerlo, en dar, de alguna manera, una herramienta legal que ayude a familiares, compa\u00f1eros y amigos a buscarlos, a sacarlos de la invisibilidad que los sumergieron, pretendiendo de alguna manera que\u00a0 no hubieran existido.\u00a0El derecho al reconocimiento de la personalidad jur\u00eddica; a la libertad y seguridad de la persona; a no ser sometido a torturas ni a otros tratos o penas crueles, inhumanos o degradantes; a la vida, a una identidad;\u00a0 a un juicio imparcial y a las debidas garant\u00edas judiciales, fueron algunos de los derechos reconocidos internacionalmente.\u00a0\u00a0Sin embargo, los organismos de Derechos Humanos,\u00a0 trabajamos tenaz y sostenidamente, fundamentalmente, sobre uno de esos derechos conculcados: la identidad. El desaf\u00edo fue darles identidad y entidad. No se hab\u00edan desvanecido en el aire como dec\u00eda el dictador, ni estaban en playas lejanas como publicaban obscenos periodistas que colaboraban con la dictadura. El desaf\u00edo, fue durante a\u00f1os que la sociedad toda asumiera que los \u00abdesaparecidos\u00bb eran militantes pol\u00edticos comprometidos con su tiempo, que hab\u00edan elegido un partido, que se involucraban en la vecinal de su barrio, en el gremio que pertenec\u00edan, en los centros de estudiantes de la escuela o facultad.\u00a0 Hombres y mujeres capaces de luchar hasta las \u00faltimas consecuencias por lo que pensaban, por lo que cre\u00edan.\u00a0Hombres y mujeres que adem\u00e1s de creer en que era posible la construcci\u00f3n de una sociedad mejor, justa y solidaria, eran trabajadores, estudiantes, emprendedores. Que estaban enamorados, que ten\u00edan hijos, que constru\u00edan futuro.Este 30 de agosto, queremos plasmar una vez m\u00e1s el compromiso de mantener viva la Memoria de quienes dieron la vida en el camino de la liberaci\u00f3n nacional; defender la Verdad de\u00a0 lo ocurrido en los a\u00f1os m\u00e1s oscuros de nuestra historia reciente y exigir Justicia para quienes soportaron las formas m\u00e1s aciagas de la represi\u00f3n.<br>No Olvidamos. No Perdonamos. No nos reconciliamos.<br>30.000 compa\u00f1eros desaparecidos, PRESENTES!!!<br>Familiares de Detenidos y Desaparecidos por Razones Pol\u00edticas \u2013 Rosario Asociaci\u00f3n Anah\u00ed \u2013 Filial Rosario Colectivo Nacional de Ex Pres@s Pol\u00edtic@s \u2013 Rosario Adhieren Ronda de Madres de Plaza 25 de Mayo Documenta Baigorria MEDH Liga Argentina por los Derechos Humanos Familiares de Desaparecidos y Detenidos por Razones Pol\u00edticas \u2013 Santa Fe\u00a0UMANO DDHH CASILDA- Foro Contra la Impunidad y la Justicia Santa Fe Asociaci\u00f3n DDHH Ca\u00f1ada de Gomez- \u00c1rea de Derechos Humanos de la U.N.R. Familiares de Desaparecidos y Detenidos por Razones Pol\u00edticas \u2013 Villa Gdor. Galvez Yoly Medina\u00a0Taller \u00bb Hab\u00eda una vez&#8230;\u00bb Rosario Comisi\u00f3n Directiva del Museo de la Memoria Rosario\u00a0Frente Unidad del Colegio- Colegio de Psic\u00f3logxs Red de Psicolog\u00eda Nuestramericana Secretaria de DDHH de la Facultad de Psicolog\u00eda Colegio de Psic\u00f3logxs de la Provincia De Santa Fe 2a Circ.Asociaci\u00f3n Mutual de Psic\u00f3logxs de la 2a Cir. De la Provincia de Santa FeLa Colectiva Psi. Agrupaci\u00f3n de Psic\u00f3logxs Partido Comunista de Santa Fe Movimiento Organizaciones Sociales Progresistas Comisi\u00f3n Gremial -Centro Cultural de la Toma. Rosario. ATE Rosario Amsafe Provincial CTA de los trabajadores Regional Rosario Acci\u00f3n Popular\u00a0Corriente Peronista Descamisadxs Agrupaci\u00f3n Unidad Alicia Eguren<\/p>\n\n\n\n<p>Elsa Pav\u00f3n. Presidenta de Asociaci\u00f3n Anah\u00ed Marco Teruggi. Periodista y Sociologo Mirta Acu\u00f1a de Baravalle. Cofundadora de Madres y Abuelas de Plaza de Mayo Oscar Pellegrini\u00a0 Coordinador de Salud, Prog. Protecci\u00f3n a Testigos y Querellantes.\u00a0Dra. Jessica Pellegrini \u2013 Abogada de Familiares Rosario y APDH \u2013 Concejala de Ciudad Futura Victorio Paulon. Secretario DDHH . CTA Sandra Silvetti Secretaria\u00a0 Administrativa ATE Rosario Norma L\u00f3pez- Concejala Frente de Todos Rosario Dra. Matilde Bruera. Diputada Provincial Dra. Gabriela Durruty abogada de Familiares de Desaparecidos por Razones Pol\u00edticas \u2013 Rosario y APDH Familiares de Mar\u00eda Sol P\u00e9rez y Pucho Ameri Fernando Razzeti Carlos Novillo Dr. Vildor Garavelli &#8211; DNI 11038965Sim\u00f3n Casta\u00f1eira, Partido Intransigente Nire Rold\u00e1n \u2013 Partido Intransigente Diego Ponce de Le\u00f3n<br><\/p>\n","protected":false},"excerpt":{"rendered":"<p>Arder\u00e1 la Memoria, hasta que todo sea como lo so\u00f1amos. La desaparici\u00f3n de personas fue la forma represiva m\u00e1s perversa que el poder implement\u00f3 en nuestro pa\u00eds, siendo los antecedentes m\u00e1s notables Juan Ingalinella en 1954, Felipe Vallese en 1962 y Angel Brandazza en 1972.\u00a0 Sin embargo, durante la dictadura c\u00edvico-militar-clerical es que esta siniestra <a href=\"https:\/\/armstrongyregion.com.ar\/diario\/30-de-agosto-dia-internacional-del-detenido-desaparecido\/\" title=\"Read more\" >&#8230;<\/a><\/p>\n","protected":false},"author":1,"featured_media":31627,"comment_status":"open","ping_status":"open","sticky":false,"template":"","format":"image","meta":{"_jetpack_memberships_contains_paid_content":false,"footnotes":"","jetpack_publicize_message":"","jetpack_publicize_feature_enabled":true,"jetpack_social_post_already_shared":true,"jetpack_social_options":{"image_generator_settings":{"template":"highway","default_image_id":0,"enabled":false},"version":2}},"categories":[6,8,1,2,7,3],"tags":[],"class_list":["post-31626","post","type-post","status-publish","format-image","has-post-thumbnail","hentry","category-cultura-entretenimiento","category-deliberando","category-diario-armstrong","category-locales","category-politica","category-region","post_format-post-format-image"],"jetpack_publicize_connections":[],"jetpack_featured_media_url":"https:\/\/armstrongyregion.com.ar\/diario\/wp-content\/uploads\/2021\/08\/desaparecidos-quelo.jpg","jetpack_shortlink":"https:\/\/wp.me\/p62QDO-8e6","jetpack_sharing_enabled":true,"amp_enabled":true,"_links":{"self":[{"href":"https:\/\/armstrongyregion.com.ar\/diario\/wp-json\/wp\/v2\/posts\/31626","targetHints":{"allow":["GET"]}}],"collection":[{"href":"https:\/\/armstrongyregion.com.ar\/diario\/wp-json\/wp\/v2\/posts"}],"about":[{"href":"https:\/\/armstrongyregion.com.ar\/diario\/wp-json\/wp\/v2\/types\/post"}],"author":[{"embeddable":true,"href":"https:\/\/armstrongyregion.com.ar\/diario\/wp-json\/wp\/v2\/users\/1"}],"replies":[{"embeddable":true,"href":"https:\/\/armstrongyregion.com.ar\/diario\/wp-json\/wp\/v2\/comments?post=31626"}],"version-history":[{"count":1,"href":"https:\/\/armstrongyregion.com.ar\/diario\/wp-json\/wp\/v2\/posts\/31626\/revisions"}],"predecessor-version":[{"id":31629,"href":"https:\/\/armstrongyregion.com.ar\/diario\/wp-json\/wp\/v2\/posts\/31626\/revisions\/31629"}],"wp:featuredmedia":[{"embeddable":true,"href":"https:\/\/armstrongyregion.com.ar\/diario\/wp-json\/wp\/v2\/media\/31627"}],"wp:attachment":[{"href":"https:\/\/armstrongyregion.com.ar\/diario\/wp-json\/wp\/v2\/media?parent=31626"}],"wp:term":[{"taxonomy":"category","embeddable":true,"href":"https:\/\/armstrongyregion.com.ar\/diario\/wp-json\/wp\/v2\/categories?post=31626"},{"taxonomy":"post_tag","embeddable":true,"href":"https:\/\/armstrongyregion.com.ar\/diario\/wp-json\/wp\/v2\/tags?post=31626"}],"curies":[{"name":"wp","href":"https:\/\/api.w.org\/{rel}","templated":true}]}}