{"id":31601,"date":"2021-08-28T17:13:38","date_gmt":"2021-08-28T17:13:38","guid":{"rendered":"https:\/\/armstrongyregion.com.ar\/diario\/?p=31601"},"modified":"2021-08-28T17:13:40","modified_gmt":"2021-08-28T17:13:40","slug":"canada-de-gomez-clerici-y-casalegno-habilitaron-la-feria-del-libro-2021","status":"publish","type":"post","link":"https:\/\/armstrongyregion.com.ar\/diario\/canada-de-gomez-clerici-y-casalegno-habilitaron-la-feria-del-libro-2021\/","title":{"rendered":"Ca\u00f1ada de G\u00f3mez. Cl\u00e9rici y Casalegno habilitaron la Feria del Libro 2021."},"content":{"rendered":"\n<figure class=\"wp-block-image size-large\"><img loading=\"lazy\" decoding=\"async\" width=\"320\" height=\"214\" src=\"http:\/\/armstrongyregion.com.ar\/diario\/wp-content\/uploads\/2021\/08\/WhatsApp-Image-2021-08-27-at-10.19.07.jpg\" alt=\"\" class=\"wp-image-31602\" srcset=\"https:\/\/armstrongyregion.com.ar\/diario\/wp-content\/uploads\/2021\/08\/WhatsApp-Image-2021-08-27-at-10.19.07.jpg 320w, https:\/\/armstrongyregion.com.ar\/diario\/wp-content\/uploads\/2021\/08\/WhatsApp-Image-2021-08-27-at-10.19.07-300x201.jpg 300w\" sizes=\"auto, (max-width: 320px) 100vw, 320px\" \/><\/figure>\n\n\n\n<p>Bibliotecas populares, librer\u00edas y escritores acompa\u00f1an la propuesta. Durante cuatro d\u00edas el municipio ofrece m\u00faltiples actividades culturales y presentaciones de libros por sus autores.<\/p>\n\n\n\n<p>La intendenta Stella Cl\u00e9rici y el presidente del Concejo Marcelo habilitaron en la tarde del jueves la Feria del Libro 2021 que tiene lugar hasta el domingo 29 de agosto. La iniciativa organizada por la gesti\u00f3n municipal cuenta con la participaci\u00f3n de las bibliotecas populares, librer\u00edas y escritores de la ciudad.<\/p>\n\n\n\n<p>Las actividades de los otros tres d\u00edas de feria son:<\/p>\n\n\n\n<p>VIERNES 27<\/p>\n\n\n\n<p>10:00 horas &#8211;&nbsp; Charla \u201cPlan nacional de lectura de la provincia de Santa Fe\u201d. El derecho a la lectura. A cargo de la Subsecretaria de Educaci\u00f3n Primaria de la Provincia de Santa Fe, Prof. Nanci Alario, la prof. Adriana Alvira y la prof. Carina Suppo.<\/p>\n\n\n\n<p>14:00 horas &#8211; \u201cCartas infinitas\u2026 explorando propuestas de mediaci\u00f3n de lecturas en las aulas\u201d. Taller destinado a futuros\/as mediadores\/as de lecturas (Taller virtual)<\/p>\n\n\n\n<p>Modera: Coord. Pedag\u00f3gica de la Regi\u00f3n V de Educaci\u00f3n, Prof. Mariana Capriotti.<\/p>\n\n\n\n<p>Participa la Subsecretar\u00eda de Educaci\u00f3n Primaria de la Provincia de Santa Fe, Prof. Nanci Alario.<\/p>\n\n\n\n<p>15:30 horas &#8211; Presentaci\u00f3n del humorista gr\u00e1fico, escritor y dramaturgo Emilio Ferrero (realizaci\u00f3n de murales en vivo).<\/p>\n\n\n\n<p>17:00 horas &#8211; Presentaci\u00f3n libro \u201cSexteame, amor y sexo en la era de las mujeres deseantes\u201d a cargo de su autora Luciana Peker (acompa\u00f1a \u00c1rea Mujer).<\/p>\n\n\n\n<p>19:00 horas &#8211; Presentaci\u00f3n libro \u201cMujeres resilientes\u201d a cargo del escritor y periodista Alejandro Gorenstein.<\/p>\n\n\n\n<p>20:00 horas &#8211;&nbsp; Ca\u00f1ada escribe a cargo de autores ca\u00f1adenses. Presentaci\u00f3n online con la escritora ca\u00f1adense Mar\u00eda Elena Napione Berge.<\/p>\n\n\n\n<p>S\u00c1BADO 28<\/p>\n\n\n\n<p>10.30 horas \u2013 Presentaci\u00f3n del libro \u00bfCu\u00e1nto tiempo es un tiempito?. A cargo de su autor, Dr. Marcelo Molina, Juez de C\u00e1mara.<\/p>\n\n\n\n<p>14:30 horas &#8211; Taller de compostaje a cargo de Mario Parodi y Gabriela Sabbatini.<\/p>\n\n\n\n<p>15:30 horas \u2013 Presentaci\u00f3n libros de textos para primer ciclo \u201cCuriosos exploradores\u201d a cargo de las autoras ca\u00f1adenses prof. Vanina Gastaldi y Carina Abatedaga.<\/p>\n\n\n\n<p>16 horas \u2013 Mural libre \u201cDiversidad\u201d en el \u00c1rea Mujer. Realizaci\u00f3n en vivo a cargo del historietista Bruno Mc Mint.<\/p>\n\n\n\n<p>16:30 horas \u2013 Charla \u201cEl deporte y el arte desde una mirada inclusiva\u201d a cargo del escritor y ex futbolista Kurt Lutman.<\/p>\n\n\n\n<p>17:30 horas &#8211; Clase demostrativa de pasteler\u00eda. A cargo del pastelero y ganador de Bake Off Argentina Dami\u00e1n Basile.<\/p>\n\n\n\n<p>19:00 horas &#8211; Presentaci\u00f3n libro \u201cLa lengua universal\u201d, fans de los Rolling Stones alrededor del mundo. Charla con su autor Juan Cruz Revello.<\/p>\n\n\n\n<p>DOMINGO 29<\/p>\n\n\n\n<p>15:00 horas \u2013 Presentaci\u00f3n libro \u201cCharly Garc\u00eda y el cine\u201d, el cimiento creativo del artista. A cargo del escritor Sergio Fuster. Participan Rub\u00e9n Carrera y Luis Giorgis.<\/p>\n\n\n\n<p>16.30 hs \u201cCuentos sobre el diablo, la muerte y dem\u00e1s demonios\u201d. Charla exposici\u00f3n de ilustraciones originales a cargo del historietista Bruno Mc Mint.<\/p>\n\n\n\n<p>17:00 horas \u2013 \u201cPapitaller de creatividad\u201d por Rapicuentos. A cargo de su autor Alejandro Ysiar&nbsp;<\/p>\n\n\n\n<p>18:30 horas &#8211; Presentaci\u00f3n libro \u201cUniendo fisuras, signos y la consagraci\u00f3n continental de Soda Stereo.\u201d Charla con su autor Diego Giordano.<br><\/p>\n","protected":false},"excerpt":{"rendered":"<p>Bibliotecas populares, librer\u00edas y escritores acompa\u00f1an la propuesta. Durante cuatro d\u00edas el municipio ofrece m\u00faltiples actividades culturales y presentaciones de libros por sus autores. La intendenta Stella Cl\u00e9rici y el presidente del Concejo Marcelo habilitaron en la tarde del jueves la Feria del Libro 2021 que tiene lugar hasta el domingo 29 de agosto. La <a href=\"https:\/\/armstrongyregion.com.ar\/diario\/canada-de-gomez-clerici-y-casalegno-habilitaron-la-feria-del-libro-2021\/\" title=\"Read more\" >&#8230;<\/a><\/p>\n","protected":false},"author":1,"featured_media":31602,"comment_status":"open","ping_status":"open","sticky":false,"template":"","format":"image","meta":{"_jetpack_memberships_contains_paid_content":false,"footnotes":"","jetpack_publicize_message":"","jetpack_publicize_feature_enabled":true,"jetpack_social_post_already_shared":true,"jetpack_social_options":{"image_generator_settings":{"template":"highway","default_image_id":0,"enabled":false},"version":2}},"categories":[6,8,1,7,3],"tags":[],"class_list":["post-31601","post","type-post","status-publish","format-image","has-post-thumbnail","hentry","category-cultura-entretenimiento","category-deliberando","category-diario-armstrong","category-politica","category-region","post_format-post-format-image"],"jetpack_publicize_connections":[],"jetpack_featured_media_url":"https:\/\/armstrongyregion.com.ar\/diario\/wp-content\/uploads\/2021\/08\/WhatsApp-Image-2021-08-27-at-10.19.07.jpg","jetpack_shortlink":"https:\/\/wp.me\/p62QDO-8dH","jetpack_sharing_enabled":true,"amp_enabled":true,"_links":{"self":[{"href":"https:\/\/armstrongyregion.com.ar\/diario\/wp-json\/wp\/v2\/posts\/31601","targetHints":{"allow":["GET"]}}],"collection":[{"href":"https:\/\/armstrongyregion.com.ar\/diario\/wp-json\/wp\/v2\/posts"}],"about":[{"href":"https:\/\/armstrongyregion.com.ar\/diario\/wp-json\/wp\/v2\/types\/post"}],"author":[{"embeddable":true,"href":"https:\/\/armstrongyregion.com.ar\/diario\/wp-json\/wp\/v2\/users\/1"}],"replies":[{"embeddable":true,"href":"https:\/\/armstrongyregion.com.ar\/diario\/wp-json\/wp\/v2\/comments?post=31601"}],"version-history":[{"count":1,"href":"https:\/\/armstrongyregion.com.ar\/diario\/wp-json\/wp\/v2\/posts\/31601\/revisions"}],"predecessor-version":[{"id":31603,"href":"https:\/\/armstrongyregion.com.ar\/diario\/wp-json\/wp\/v2\/posts\/31601\/revisions\/31603"}],"wp:featuredmedia":[{"embeddable":true,"href":"https:\/\/armstrongyregion.com.ar\/diario\/wp-json\/wp\/v2\/media\/31602"}],"wp:attachment":[{"href":"https:\/\/armstrongyregion.com.ar\/diario\/wp-json\/wp\/v2\/media?parent=31601"}],"wp:term":[{"taxonomy":"category","embeddable":true,"href":"https:\/\/armstrongyregion.com.ar\/diario\/wp-json\/wp\/v2\/categories?post=31601"},{"taxonomy":"post_tag","embeddable":true,"href":"https:\/\/armstrongyregion.com.ar\/diario\/wp-json\/wp\/v2\/tags?post=31601"}],"curies":[{"name":"wp","href":"https:\/\/api.w.org\/{rel}","templated":true}]}}