{"id":31565,"date":"2021-08-24T10:24:20","date_gmt":"2021-08-24T10:24:20","guid":{"rendered":"https:\/\/armstrongyregion.com.ar\/diario\/?p=31565"},"modified":"2021-08-24T10:24:23","modified_gmt":"2021-08-24T10:24:23","slug":"el-modelo-k-no-va-mas-pagamos-cada-vez-mas-impuestos-pero-duplicamos-la-pobreza","status":"publish","type":"post","link":"https:\/\/armstrongyregion.com.ar\/diario\/el-modelo-k-no-va-mas-pagamos-cada-vez-mas-impuestos-pero-duplicamos-la-pobreza\/","title":{"rendered":"\u00abEl modelo K no va m\u00e1s, pagamos cada vez m\u00e1s impuestos pero duplicamos la pobreza\u00bb."},"content":{"rendered":"\n<figure class=\"wp-block-image size-large\"><img loading=\"lazy\" decoding=\"async\" width=\"400\" height=\"300\" src=\"http:\/\/armstrongyregion.com.ar\/diario\/wp-content\/uploads\/2021\/08\/Dip.-Maximiliano-Pullaro.jpg\" alt=\"\" class=\"wp-image-31566\" srcset=\"https:\/\/armstrongyregion.com.ar\/diario\/wp-content\/uploads\/2021\/08\/Dip.-Maximiliano-Pullaro.jpg 400w, https:\/\/armstrongyregion.com.ar\/diario\/wp-content\/uploads\/2021\/08\/Dip.-Maximiliano-Pullaro-300x225.jpg 300w\" sizes=\"auto, (max-width: 400px) 100vw, 400px\" \/><\/figure>\n\n\n\n<p><em>Maximiliano Pullaro, precandidato a Senador Nacional por Evoluci\u00f3n dentro de Juntos por el Cambio, sostiene un ritmo de recorridas por el territorio provincial que llama la atenci\u00f3n. \u201cSomos una fuerza con una gran representaci\u00f3n territorial pero no alcanza con ganar en Santa Fe\u201d dijo el jefe de los diputados provinciales del radicalismo, y aclar\u00f3: \u201cpara derrotar al kirchnerismo hay que ganarles en todos lados, con un proyecto pol\u00edtico nacional de cara al 2023.\u201d<\/em><\/p>\n\n\n\n<p>Aunque el exministro no esquiva hablar sobre seguridad y afirma que desde que termin\u00f3 su mandato en 2019 \u201ctodos los indicadores empeoraron\u201d, Pullaro remarca que \u201ca nivel nacional el modelo del kirchnerismo no va m\u00e1s, pagamos cada vez m\u00e1s impuestos pero duplicamos la pobreza porque los recursos que se generan en el pa\u00eds se concentran en el conurbano bonaerense con planes sociales y subsidios, en detrimento del interior y de la provincia de Santa Fe.\u201d<\/p>\n\n\n\n<p><strong>UN PROYECTO NACIONAL PARA TRES REFORMAS EN AGENDA<\/strong><\/p>\n\n\n\n<p>En el mismo sentido, Pullaro explica su propuesta para trabajar en una triple reforma impositiva, laboral y sindical. \u201cEn los \u00faltimos 20 a\u00f1os aument\u00f3 la carga tributaria en un 70% pero tenemos m\u00e1s del doble de pobres, por eso necesitamos una reforma laboral que garantice los derechos de los trabajadores y tambi\u00e9n de los empresarios para crecer y desarrollar sus emprendimientos y, por supuesto, poner en agenda pol\u00edtica una reforma sindical para terminar con las mafias extorsivas\u201d, dijo y aclar\u00f3 que \u201cpara hacer esas reformas no alcanza con ganarle al kirchnerismo, necesitamos construir una nueva alternativa de poder que gobierne bien la Rep\u00fablica Argentina.\u201d<\/p>\n\n\n\n<p>El hoy diputado provincial radical encabeza la dupla a precandidato al Senado Nacional junto a Carolina Piedrabuena. Llevan como senadores suplentes al senador provincial Felipe Michlig y a la presidenta comunal de Carlos Pellegrini Marina Bordigoni. La lista de diputados nacionales la encabeza Gabriel Chumpitaz seguido por Victoria Tejeda, Rodrigo Borla, Melina Giorgi y Laura Spina. Todos ellos conforman la lista Evoluci\u00f3n que compiten en la interna de Juntos por el Cambio en el espacio que lidera a nivel nacional Mart\u00edn Lousteau.<br><\/p>\n","protected":false},"excerpt":{"rendered":"<p>Maximiliano Pullaro, precandidato a Senador Nacional por Evoluci\u00f3n dentro de Juntos por el Cambio, sostiene un ritmo de recorridas por el territorio provincial que llama la atenci\u00f3n. \u201cSomos una fuerza con una gran representaci\u00f3n territorial pero no alcanza con ganar en Santa Fe\u201d dijo el jefe de los diputados provinciales del radicalismo, y aclar\u00f3: \u201cpara <a href=\"https:\/\/armstrongyregion.com.ar\/diario\/el-modelo-k-no-va-mas-pagamos-cada-vez-mas-impuestos-pero-duplicamos-la-pobreza\/\" title=\"Read more\" >&#8230;<\/a><\/p>\n","protected":false},"author":1,"featured_media":31566,"comment_status":"open","ping_status":"open","sticky":false,"template":"","format":"image","meta":{"_jetpack_memberships_contains_paid_content":false,"footnotes":"","jetpack_publicize_message":"","jetpack_publicize_feature_enabled":true,"jetpack_social_post_already_shared":true,"jetpack_social_options":{"image_generator_settings":{"template":"highway","default_image_id":0,"enabled":false},"version":2}},"categories":[8,1,2,7,3],"tags":[],"class_list":["post-31565","post","type-post","status-publish","format-image","has-post-thumbnail","hentry","category-deliberando","category-diario-armstrong","category-locales","category-politica","category-region","post_format-post-format-image"],"jetpack_publicize_connections":[],"jetpack_featured_media_url":"https:\/\/armstrongyregion.com.ar\/diario\/wp-content\/uploads\/2021\/08\/Dip.-Maximiliano-Pullaro.jpg","jetpack_shortlink":"https:\/\/wp.me\/p62QDO-8d7","jetpack_sharing_enabled":true,"amp_enabled":true,"_links":{"self":[{"href":"https:\/\/armstrongyregion.com.ar\/diario\/wp-json\/wp\/v2\/posts\/31565","targetHints":{"allow":["GET"]}}],"collection":[{"href":"https:\/\/armstrongyregion.com.ar\/diario\/wp-json\/wp\/v2\/posts"}],"about":[{"href":"https:\/\/armstrongyregion.com.ar\/diario\/wp-json\/wp\/v2\/types\/post"}],"author":[{"embeddable":true,"href":"https:\/\/armstrongyregion.com.ar\/diario\/wp-json\/wp\/v2\/users\/1"}],"replies":[{"embeddable":true,"href":"https:\/\/armstrongyregion.com.ar\/diario\/wp-json\/wp\/v2\/comments?post=31565"}],"version-history":[{"count":1,"href":"https:\/\/armstrongyregion.com.ar\/diario\/wp-json\/wp\/v2\/posts\/31565\/revisions"}],"predecessor-version":[{"id":31567,"href":"https:\/\/armstrongyregion.com.ar\/diario\/wp-json\/wp\/v2\/posts\/31565\/revisions\/31567"}],"wp:featuredmedia":[{"embeddable":true,"href":"https:\/\/armstrongyregion.com.ar\/diario\/wp-json\/wp\/v2\/media\/31566"}],"wp:attachment":[{"href":"https:\/\/armstrongyregion.com.ar\/diario\/wp-json\/wp\/v2\/media?parent=31565"}],"wp:term":[{"taxonomy":"category","embeddable":true,"href":"https:\/\/armstrongyregion.com.ar\/diario\/wp-json\/wp\/v2\/categories?post=31565"},{"taxonomy":"post_tag","embeddable":true,"href":"https:\/\/armstrongyregion.com.ar\/diario\/wp-json\/wp\/v2\/tags?post=31565"}],"curies":[{"name":"wp","href":"https:\/\/api.w.org\/{rel}","templated":true}]}}