{"id":31529,"date":"2021-08-22T03:23:08","date_gmt":"2021-08-22T03:23:08","guid":{"rendered":"https:\/\/armstrongyregion.com.ar\/diario\/?p=31529"},"modified":"2021-08-22T03:23:12","modified_gmt":"2021-08-22T03:23:12","slug":"actuamos-rapido-y-de-forma-eficiente-para-poder-proveer-agua-de-calidad","status":"publish","type":"post","link":"https:\/\/armstrongyregion.com.ar\/diario\/actuamos-rapido-y-de-forma-eficiente-para-poder-proveer-agua-de-calidad\/","title":{"rendered":"\u00abActuamos r\u00e1pido y de forma eficiente para poder proveer agua de calidad\u00bb."},"content":{"rendered":"\n<figure class=\"wp-block-image size-large\"><img loading=\"lazy\" decoding=\"async\" width=\"513\" height=\"320\" src=\"http:\/\/armstrongyregion.com.ar\/diario\/wp-content\/uploads\/2021\/06\/Javier-Meyer-Junio-15-.jpg\" alt=\"\" class=\"wp-image-30671\" srcset=\"https:\/\/armstrongyregion.com.ar\/diario\/wp-content\/uploads\/2021\/06\/Javier-Meyer-Junio-15-.jpg 513w, https:\/\/armstrongyregion.com.ar\/diario\/wp-content\/uploads\/2021\/06\/Javier-Meyer-Junio-15--300x187.jpg 300w\" sizes=\"auto, (max-width: 513px) 100vw, 513px\" \/><\/figure>\n\n\n\n<h2 class=\"wp-block-heading\"> As\u00ed se refiri\u00f3 el Intendente Meyer respecto a la instalaci\u00f3n de una planta de \u00f3smosis inversa. Adem\u00e1s coment\u00f3 sobre pavimento urbano y otras obras. <\/h2>\n\n\n\n<p><strong>Algunos conceptos del Intendente de Las Rosas, Javier Meyer.<\/strong><\/p>\n\n\n\n<p><\/p>\n\n\n\n<figure class=\"wp-block-audio\"><audio controls src=\"blob:https:\/\/armstrongyregion.com.ar\/eacd8896-2b49-4a38-8173-e6c248dc2253\"><\/audio><figcaption>Javier Meyer Intendente de Las Rosas. Por Renacer-<\/figcaption><\/figure>\n\n\n\n<p><strong>Agua tratada con \u00f3smosis inversa.<\/strong>&nbsp;<em>\u00abSe trat\u00f3 de una inversi\u00f3n extraordinaria, no por el monto sino por la utilidad que nos da a todos los rosenses. Debo destacar el cumplimiento del proveedor y de todo nuestro equipo de trabajo, ya que en dos d\u00edas logramos tener una planta de \u00f3smosis inversa instalada y ya con servicio hacia la comunidad. Hoy entonces se puede retirar agua de primera calidad, d\u00e1ndole soluci\u00f3n a un tema que nos excede como es este caso alta salinidad del agua es provista por el Acueducto, lo que la hab\u00eda tornado con mal sabor, y con riesgo de afectar a personas hipertensas, entre otros.\u00bb<\/em><\/p>\n\n\n\n<figure class=\"wp-block-image\"><img decoding=\"async\" src=\"http:\/\/lasrosasdigital.com.ar\/download\/multimedia.normal.a4c66d4596d7410e.706c616e746120616775615f6e6f726d616c2e77656270.webp\" alt=\"planta agua\"\/><\/figure>\n\n\n\n<p><strong>Pavimento urbano.<\/strong>&nbsp;<em>\u00abSe termin\u00f3 ya de colocar la segunda mano de hormig\u00f3n&nbsp; para culminar este proyecto de cuatro cuadras de pavimento sobre calle Ituzaing\u00f3 -entre calles Gral. L\u00f3pez y Coronda-, llegando as\u00ed con una importante mejora a la zona norte de la ciudad, en las adyacencias del Club Atl\u00e9tico Williams Kemmis. Adem\u00e1s, se esta finalizando la bocacalle en el cruce de calles Salta y Rivadavia, culminando as\u00ed la obra integral con pavimento y luminaria led, por esta \u00faltima arteria.\u00bb<\/em><\/p>\n\n\n\n<p><strong>Cloacas.<\/strong>&nbsp;<em>\u00abLa red cloacal sigue adelante, por ahora estamos por Av. Monse\u00f1or Diez -entre San Lorenzo y Maip\u00fa; y en Av. Dickinson al 200 -mano oeste.\u00bb<\/em><\/p>\n\n\n\n<p><strong>Festividad de Santa Rosa.&nbsp;<em>\u00ab<\/em><\/strong><em>Ya estamos trabajando para la celebraci\u00f3n de Santa Rosa de Lima y en conjuntamente la conmemoraci\u00f3n de 54\u00b0 aniversario de la elevaci\u00f3n de Las Rosas al rango de ciudad. Los festejos se har\u00e1n en el predio del Complejo Cultural, donde habr\u00e1 distintas actividades que permitir\u00e1n a los rosenses y sus familias asistir y participar manteniendo los protocolos respectivos\u00bb.&nbsp;<\/em><\/p>\n\n\n\n<p><strong>Vacunaci\u00f3n y castraci\u00f3n de mascotas.&nbsp;&nbsp;<em>\u00ab<\/em><\/strong><em>Se ha ampliado mucho el cupo para hacer as\u00ed una campa\u00f1a intensiva de control de la cantidad de animales sueltos, sobre todo caninos y felinos que est\u00e1n en sin due\u00f1o. Agradezco la la gran cantidad de gente que colabora sacando turnos y acercando sus mascotas para que sean intervenidas. Sin toda esta participaci\u00f3n de la sociedad, de manera desinteresada, no se podr\u00edan lograr los objetivos ni tener estos niveles de castraciones.\u00bb<\/em>&nbsp;<\/p>\n\n\n\n<figure class=\"wp-block-image\"><img decoding=\"async\" src=\"http:\/\/lasrosasdigital.com.ar\/download\/multimedia.normal.8daed7c1ddeb0a3f.63617374726163696f6e65735f6e6f726d616c2e77656270.webp\" alt=\"castraciones\"\/><\/figure>\n\n\n\n<figure class=\"wp-block-image\"><img decoding=\"async\" src=\"http:\/\/lasrosasdigital.com.ar\/download\/multimedia.normal.bfae86a76c4df6fb.766163756e6163696f6e20616e7469727261626963615f6e6f726d616c2e77656270.webp\" alt=\"vacunacion antirrabica\"\/><figcaption>Fuente: Las Rosas Digital.<\/figcaption><\/figure>\n","protected":false},"excerpt":{"rendered":"<p>As\u00ed se refiri\u00f3 el Intendente Meyer respecto a la instalaci\u00f3n de una planta de \u00f3smosis inversa. Adem\u00e1s coment\u00f3 sobre pavimento urbano y otras obras. Algunos conceptos del Intendente de Las Rosas, Javier Meyer. Agua tratada con \u00f3smosis inversa.&nbsp;\u00abSe trat\u00f3 de una inversi\u00f3n extraordinaria, no por el monto sino por la utilidad que nos da a <a href=\"https:\/\/armstrongyregion.com.ar\/diario\/actuamos-rapido-y-de-forma-eficiente-para-poder-proveer-agua-de-calidad\/\" title=\"Read more\" >&#8230;<\/a><\/p>\n","protected":false},"author":1,"featured_media":30671,"comment_status":"open","ping_status":"open","sticky":false,"template":"","format":"image","meta":{"_jetpack_memberships_contains_paid_content":false,"footnotes":"","jetpack_publicize_message":"","jetpack_publicize_feature_enabled":true,"jetpack_social_post_already_shared":true,"jetpack_social_options":{"image_generator_settings":{"template":"highway","default_image_id":0,"enabled":false},"version":2}},"categories":[8,1,7,3],"tags":[],"class_list":["post-31529","post","type-post","status-publish","format-image","has-post-thumbnail","hentry","category-deliberando","category-diario-armstrong","category-politica","category-region","post_format-post-format-image"],"jetpack_publicize_connections":[],"jetpack_featured_media_url":"https:\/\/armstrongyregion.com.ar\/diario\/wp-content\/uploads\/2021\/06\/Javier-Meyer-Junio-15-.jpg","jetpack_shortlink":"https:\/\/wp.me\/p62QDO-8cx","jetpack_sharing_enabled":true,"amp_enabled":true,"_links":{"self":[{"href":"https:\/\/armstrongyregion.com.ar\/diario\/wp-json\/wp\/v2\/posts\/31529","targetHints":{"allow":["GET"]}}],"collection":[{"href":"https:\/\/armstrongyregion.com.ar\/diario\/wp-json\/wp\/v2\/posts"}],"about":[{"href":"https:\/\/armstrongyregion.com.ar\/diario\/wp-json\/wp\/v2\/types\/post"}],"author":[{"embeddable":true,"href":"https:\/\/armstrongyregion.com.ar\/diario\/wp-json\/wp\/v2\/users\/1"}],"replies":[{"embeddable":true,"href":"https:\/\/armstrongyregion.com.ar\/diario\/wp-json\/wp\/v2\/comments?post=31529"}],"version-history":[{"count":2,"href":"https:\/\/armstrongyregion.com.ar\/diario\/wp-json\/wp\/v2\/posts\/31529\/revisions"}],"predecessor-version":[{"id":31532,"href":"https:\/\/armstrongyregion.com.ar\/diario\/wp-json\/wp\/v2\/posts\/31529\/revisions\/31532"}],"wp:featuredmedia":[{"embeddable":true,"href":"https:\/\/armstrongyregion.com.ar\/diario\/wp-json\/wp\/v2\/media\/30671"}],"wp:attachment":[{"href":"https:\/\/armstrongyregion.com.ar\/diario\/wp-json\/wp\/v2\/media?parent=31529"}],"wp:term":[{"taxonomy":"category","embeddable":true,"href":"https:\/\/armstrongyregion.com.ar\/diario\/wp-json\/wp\/v2\/categories?post=31529"},{"taxonomy":"post_tag","embeddable":true,"href":"https:\/\/armstrongyregion.com.ar\/diario\/wp-json\/wp\/v2\/tags?post=31529"}],"curies":[{"name":"wp","href":"https:\/\/api.w.org\/{rel}","templated":true}]}}