{"id":31488,"date":"2021-08-19T01:06:45","date_gmt":"2021-08-19T01:06:45","guid":{"rendered":"https:\/\/armstrongyregion.com.ar\/diario\/?p=31488"},"modified":"2021-08-19T01:06:48","modified_gmt":"2021-08-19T01:06:48","slug":"situacion-epidemiologica-de-armstrong-dia-18-de-agosto","status":"publish","type":"post","link":"https:\/\/armstrongyregion.com.ar\/diario\/situacion-epidemiologica-de-armstrong-dia-18-de-agosto\/","title":{"rendered":"Situaci\u00f3n Epidemiol\u00f3gica de Armstrong. D\u00eda 18 de Agosto."},"content":{"rendered":"\n<figure class=\"wp-block-image size-large\"><img loading=\"lazy\" decoding=\"async\" width=\"510\" height=\"512\" src=\"http:\/\/armstrongyregion.com.ar\/diario\/wp-content\/uploads\/2021\/08\/situaci\u00f3n-Epidemiologica-1-.jpg\" alt=\"\" class=\"wp-image-31489\" srcset=\"https:\/\/armstrongyregion.com.ar\/diario\/wp-content\/uploads\/2021\/08\/situaci\u00f3n-Epidemiologica-1-.jpg 510w, https:\/\/armstrongyregion.com.ar\/diario\/wp-content\/uploads\/2021\/08\/situaci\u00f3n-Epidemiologica-1--300x300.jpg 300w, https:\/\/armstrongyregion.com.ar\/diario\/wp-content\/uploads\/2021\/08\/situaci\u00f3n-Epidemiologica-1--150x150.jpg 150w\" sizes=\"auto, (max-width: 510px) 100vw, 510px\" \/><\/figure>\n\n\n\n<p>\n\nInformamos 3 nuevos casos positivos,  y 1 alta. Hisopados pendientes, 0 del \u00e1mbito privado y 9 del sistema p\u00fablico. Recordamos que ante la aparici\u00f3n de s\u00edntomas autoaislarse y consultar a su m\u00e9dico o llamar al SAMCO 462111.\n\n<\/p>\n","protected":false},"excerpt":{"rendered":"<p>Informamos 3 nuevos casos positivos, y 1 alta. Hisopados pendientes, 0 del \u00e1mbito privado y 9 del sistema p\u00fablico. Recordamos que ante la aparici\u00f3n de s\u00edntomas autoaislarse y consultar a su m\u00e9dico o llamar al SAMCO 462111.<\/p>\n","protected":false},"author":1,"featured_media":31489,"comment_status":"open","ping_status":"open","sticky":false,"template":"","format":"image","meta":{"_jetpack_memberships_contains_paid_content":false,"footnotes":"","jetpack_publicize_message":"","jetpack_publicize_feature_enabled":true,"jetpack_social_post_already_shared":true,"jetpack_social_options":{"image_generator_settings":{"template":"highway","default_image_id":0,"enabled":false},"version":2}},"categories":[8,1,2,7,3],"tags":[],"class_list":["post-31488","post","type-post","status-publish","format-image","has-post-thumbnail","hentry","category-deliberando","category-diario-armstrong","category-locales","category-politica","category-region","post_format-post-format-image"],"jetpack_publicize_connections":[],"jetpack_featured_media_url":"https:\/\/armstrongyregion.com.ar\/diario\/wp-content\/uploads\/2021\/08\/situaci\u00f3n-Epidemiologica-1-.jpg","jetpack_shortlink":"https:\/\/wp.me\/p62QDO-8bS","jetpack_sharing_enabled":true,"amp_enabled":true,"_links":{"self":[{"href":"https:\/\/armstrongyregion.com.ar\/diario\/wp-json\/wp\/v2\/posts\/31488","targetHints":{"allow":["GET"]}}],"collection":[{"href":"https:\/\/armstrongyregion.com.ar\/diario\/wp-json\/wp\/v2\/posts"}],"about":[{"href":"https:\/\/armstrongyregion.com.ar\/diario\/wp-json\/wp\/v2\/types\/post"}],"author":[{"embeddable":true,"href":"https:\/\/armstrongyregion.com.ar\/diario\/wp-json\/wp\/v2\/users\/1"}],"replies":[{"embeddable":true,"href":"https:\/\/armstrongyregion.com.ar\/diario\/wp-json\/wp\/v2\/comments?post=31488"}],"version-history":[{"count":1,"href":"https:\/\/armstrongyregion.com.ar\/diario\/wp-json\/wp\/v2\/posts\/31488\/revisions"}],"predecessor-version":[{"id":31490,"href":"https:\/\/armstrongyregion.com.ar\/diario\/wp-json\/wp\/v2\/posts\/31488\/revisions\/31490"}],"wp:featuredmedia":[{"embeddable":true,"href":"https:\/\/armstrongyregion.com.ar\/diario\/wp-json\/wp\/v2\/media\/31489"}],"wp:attachment":[{"href":"https:\/\/armstrongyregion.com.ar\/diario\/wp-json\/wp\/v2\/media?parent=31488"}],"wp:term":[{"taxonomy":"category","embeddable":true,"href":"https:\/\/armstrongyregion.com.ar\/diario\/wp-json\/wp\/v2\/categories?post=31488"},{"taxonomy":"post_tag","embeddable":true,"href":"https:\/\/armstrongyregion.com.ar\/diario\/wp-json\/wp\/v2\/tags?post=31488"}],"curies":[{"name":"wp","href":"https:\/\/api.w.org\/{rel}","templated":true}]}}