{"id":31485,"date":"2021-08-18T17:05:13","date_gmt":"2021-08-18T17:05:13","guid":{"rendered":"https:\/\/armstrongyregion.com.ar\/diario\/?p=31485"},"modified":"2021-08-18T17:05:15","modified_gmt":"2021-08-18T17:05:15","slug":"la-presencialidad-toma-fuerzas-en-todas-las-escuelas-santafesinas","status":"publish","type":"post","link":"https:\/\/armstrongyregion.com.ar\/diario\/la-presencialidad-toma-fuerzas-en-todas-las-escuelas-santafesinas\/","title":{"rendered":"La presencialidad toma fuerzas en todas las escuelas santafesinas."},"content":{"rendered":"\n<figure class=\"wp-block-image size-large\"><img loading=\"lazy\" decoding=\"async\" width=\"768\" height=\"432\" src=\"http:\/\/armstrongyregion.com.ar\/diario\/wp-content\/uploads\/2018\/08\/ariel-sola-.jpg\" alt=\"\" class=\"wp-image-18463\" srcset=\"https:\/\/armstrongyregion.com.ar\/diario\/wp-content\/uploads\/2018\/08\/ariel-sola-.jpg 768w, https:\/\/armstrongyregion.com.ar\/diario\/wp-content\/uploads\/2018\/08\/ariel-sola--300x169.jpg 300w\" sizes=\"auto, (max-width: 768px) 100vw, 768px\" \/><\/figure>\n\n\n\n<h2 class=\"wp-block-heading\"> Desde Amsafe Belgrano, Ariel Sola se mostr\u00f3 optimista con la presencialidad en las aulas, y la posibilidad de sumar horas en las escuelas. <\/h2>\n\n\n\n<figure class=\"wp-block-audio\"><audio controls src=\"http:\/\/armstrongyregion.com.ar\/diario\/wp-content\/uploads\/2021\/08\/multimedia.audio_.b2414682f8640b15.617564696f206d6f6e6f2e6d7033.mp3\"><\/audio><figcaption>Ariel Sola- Delegado de AMSAFE Belgrano-<\/figcaption><\/figure>\n\n\n\n<p><\/p>\n\n\n\n<p>\u00abLa vacunaci\u00f3n ayudo mucho en lo que es bajar el \u00edndice de contagio en la poblaci\u00f3n, y la gravedad de aquellos que se contagian en no ocupar camas criticas, los protocolos que se llevan adelante en las escuelas, nos hace avanzar e incorporar horas de clases, contentos por esto.<\/p>\n\n\n\n<p>La idea es no retroceder en lo que se avanzo hasta ahora\u00bb.<\/p>\n\n\n\n<p><strong>PARITARIA DOCENTE<\/strong><\/p>\n\n\n\n<p>\u00abJustamente es un pedido debido al proceso inflacionario que supero las expectativas planteadas, si bien la paritaria esta abierta, creo que es conveniente adelantar esta ultima cuota que tenemos para cobrar entre octubre y septiembre, para no quedar desbalanceado con el la inflaci\u00f3n, por ahora no tenemos respuestas y estamos a la espera para tratar estos temas\u00bb, expreso Sola.<\/p>\n\n\n\n<p><strong>FESTEJOS D\u00cdA DEL MAESTRO<\/strong><\/p>\n\n\n\n<figure class=\"wp-block-image\"><img decoding=\"async\" src=\"http:\/\/renacerfm.com.ar\/download\/multimedia.normal.a1f51a0d0e28f588.3232343733343733315f343133333136383038303037303830355f31383832305f6e6f726d616c2e6a7067.jpg\" alt=\"224734731_4133168080070805_1882096554650030291_n\"\/><\/figure>\n\n\n\n<h2 class=\"wp-block-heading\"><\/h2>\n\n\n\n<p>Fuente: Renacer Regional.<\/p>\n","protected":false},"excerpt":{"rendered":"<p>Desde Amsafe Belgrano, Ariel Sola se mostr\u00f3 optimista con la presencialidad en las aulas, y la posibilidad de sumar horas en las escuelas. \u00abLa vacunaci\u00f3n ayudo mucho en lo que es bajar el \u00edndice de contagio en la poblaci\u00f3n, y la gravedad de aquellos que se contagian en no ocupar camas criticas, los protocolos que <a href=\"https:\/\/armstrongyregion.com.ar\/diario\/la-presencialidad-toma-fuerzas-en-todas-las-escuelas-santafesinas\/\" title=\"Read more\" >&#8230;<\/a><\/p>\n","protected":false},"author":1,"featured_media":18463,"comment_status":"open","ping_status":"open","sticky":false,"template":"","format":"image","meta":{"_jetpack_memberships_contains_paid_content":false,"footnotes":"","jetpack_publicize_message":"","jetpack_publicize_feature_enabled":true,"jetpack_social_post_already_shared":true,"jetpack_social_options":{"image_generator_settings":{"template":"highway","default_image_id":0,"enabled":false},"version":2}},"categories":[6,8,1,2,7,3],"tags":[],"class_list":["post-31485","post","type-post","status-publish","format-image","has-post-thumbnail","hentry","category-cultura-entretenimiento","category-deliberando","category-diario-armstrong","category-locales","category-politica","category-region","post_format-post-format-image"],"jetpack_publicize_connections":[],"jetpack_featured_media_url":"https:\/\/armstrongyregion.com.ar\/diario\/wp-content\/uploads\/2018\/08\/ariel-sola-.jpg","jetpack_shortlink":"https:\/\/wp.me\/p62QDO-8bP","jetpack_sharing_enabled":true,"amp_enabled":true,"_links":{"self":[{"href":"https:\/\/armstrongyregion.com.ar\/diario\/wp-json\/wp\/v2\/posts\/31485","targetHints":{"allow":["GET"]}}],"collection":[{"href":"https:\/\/armstrongyregion.com.ar\/diario\/wp-json\/wp\/v2\/posts"}],"about":[{"href":"https:\/\/armstrongyregion.com.ar\/diario\/wp-json\/wp\/v2\/types\/post"}],"author":[{"embeddable":true,"href":"https:\/\/armstrongyregion.com.ar\/diario\/wp-json\/wp\/v2\/users\/1"}],"replies":[{"embeddable":true,"href":"https:\/\/armstrongyregion.com.ar\/diario\/wp-json\/wp\/v2\/comments?post=31485"}],"version-history":[{"count":1,"href":"https:\/\/armstrongyregion.com.ar\/diario\/wp-json\/wp\/v2\/posts\/31485\/revisions"}],"predecessor-version":[{"id":31487,"href":"https:\/\/armstrongyregion.com.ar\/diario\/wp-json\/wp\/v2\/posts\/31485\/revisions\/31487"}],"wp:featuredmedia":[{"embeddable":true,"href":"https:\/\/armstrongyregion.com.ar\/diario\/wp-json\/wp\/v2\/media\/18463"}],"wp:attachment":[{"href":"https:\/\/armstrongyregion.com.ar\/diario\/wp-json\/wp\/v2\/media?parent=31485"}],"wp:term":[{"taxonomy":"category","embeddable":true,"href":"https:\/\/armstrongyregion.com.ar\/diario\/wp-json\/wp\/v2\/categories?post=31485"},{"taxonomy":"post_tag","embeddable":true,"href":"https:\/\/armstrongyregion.com.ar\/diario\/wp-json\/wp\/v2\/tags?post=31485"}],"curies":[{"name":"wp","href":"https:\/\/api.w.org\/{rel}","templated":true}]}}