{"id":31475,"date":"2021-08-18T01:23:28","date_gmt":"2021-08-18T01:23:28","guid":{"rendered":"https:\/\/armstrongyregion.com.ar\/diario\/?p=31475"},"modified":"2021-08-18T01:23:31","modified_gmt":"2021-08-18T01:23:31","slug":"adios-al-home-office-trabajadores-estatales-ya-tienen-fecha-para-volver-a-la-oficina","status":"publish","type":"post","link":"https:\/\/armstrongyregion.com.ar\/diario\/adios-al-home-office-trabajadores-estatales-ya-tienen-fecha-para-volver-a-la-oficina\/","title":{"rendered":"Adi\u00f3s al home office: trabajadores estatales ya tienen fecha para volver a la oficina."},"content":{"rendered":"\n<figure class=\"wp-block-image size-large\"><img loading=\"lazy\" decoding=\"async\" width=\"400\" height=\"225\" src=\"http:\/\/armstrongyregion.com.ar\/diario\/wp-content\/uploads\/2021\/08\/presencialidad.jpg_1756841869.jpg\" alt=\"\" class=\"wp-image-31476\" srcset=\"https:\/\/armstrongyregion.com.ar\/diario\/wp-content\/uploads\/2021\/08\/presencialidad.jpg_1756841869.jpg 400w, https:\/\/armstrongyregion.com.ar\/diario\/wp-content\/uploads\/2021\/08\/presencialidad.jpg_1756841869-300x169.jpg 300w\" sizes=\"auto, (max-width: 400px) 100vw, 400px\" \/><\/figure>\n\n\n\n<h2 class=\"wp-block-heading\"> Ser\u00e1 a partir del 1\u00b0 de septiembre. Qui\u00e9nes quedan exentos y qu\u00e9 pasa con los que decidieron no vacunarse.<\/h2>\n\n\n\n<h2 class=\"wp-block-heading\">  <strong>\u00abPresencialidad programada\u00bb<\/strong>: as\u00ed denomin\u00f3 el Gobierno la vuelta a las oficinas de forma presencial que se oficializ\u00f3 este martes en el Bolet\u00edn Oficial a trav\u00e9s de la Resoluci\u00f3n 91\/2021 que\u00a0<strong>aplica a todos los trabajadores de la gesti\u00f3n p\u00fablica.<\/strong> <\/h2>\n\n\n\n<p>A trav\u00e9s de la medida firmada por la secretaria de Gesti\u00f3n y Empleo P\u00fablico, Ana Gabriela Castellani, se estableci\u00f3 que&nbsp;<strong>\u00ablas y los agentes deber\u00e1n prestar servicios en modalidad presencial programada\u00bb&nbsp;<\/strong>seg\u00fan el \u00abProtocolo covid-19\u00bb establecido por cada organismo de la Administraci\u00f3n P\u00fablica Nacional.<\/p>\n\n\n\n<p><strong>Se podr\u00e1 convocar a quienes hayan recibido al menos una dosis de cualquiera de las vacunas&nbsp;<\/strong>que se aplican en todo el pa\u00eds \u2013Sinopharm, Sputnik V, Moderna o AstraZeneca\u2013&nbsp;hace 14 d\u00edas o m\u00e1s, \u00abindependientemente de la edad y la condici\u00f3n de riesgo\u00bb.<\/p>\n\n\n\n<p>Sin embargo, quedar\u00e1n&nbsp;<strong>exceptuados de esta medida los empleados con inmunodeficiencias (pacientes oncol\u00f3gicos, con HIV, transplantados\/as) y las embarazadas.<\/strong><\/p>\n\n\n\n<p>Seg\u00fan un comunicado publicado por la secretar\u00eda de Gesti\u00f3n y Empleo P\u00fablico, la medida se llevar\u00e1 a cabo\u00a0<strong>a partir del primero de septiembre<\/strong>\u00a0luego de la \u00abadecuaci\u00f3n del protocolo general a las especificidades de cada lugar de trabajo\u00bb.<\/p>\n\n\n\n<p>Rosario3.com<\/p>\n","protected":false},"excerpt":{"rendered":"<p>Ser\u00e1 a partir del 1\u00b0 de septiembre. Qui\u00e9nes quedan exentos y qu\u00e9 pasa con los que decidieron no vacunarse. \u00abPresencialidad programada\u00bb: as\u00ed denomin\u00f3 el Gobierno la vuelta a las oficinas de forma presencial que se oficializ\u00f3 este martes en el Bolet\u00edn Oficial a trav\u00e9s de la Resoluci\u00f3n 91\/2021 que\u00a0aplica a todos los trabajadores de la <a href=\"https:\/\/armstrongyregion.com.ar\/diario\/adios-al-home-office-trabajadores-estatales-ya-tienen-fecha-para-volver-a-la-oficina\/\" title=\"Read more\" >&#8230;<\/a><\/p>\n","protected":false},"author":1,"featured_media":31476,"comment_status":"open","ping_status":"open","sticky":false,"template":"","format":"image","meta":{"_jetpack_memberships_contains_paid_content":false,"footnotes":"","jetpack_publicize_message":"","jetpack_publicize_feature_enabled":true,"jetpack_social_post_already_shared":true,"jetpack_social_options":{"image_generator_settings":{"template":"highway","default_image_id":0,"enabled":false},"version":2}},"categories":[8,1,2,7,3],"tags":[],"class_list":["post-31475","post","type-post","status-publish","format-image","has-post-thumbnail","hentry","category-deliberando","category-diario-armstrong","category-locales","category-politica","category-region","post_format-post-format-image"],"jetpack_publicize_connections":[],"jetpack_featured_media_url":"https:\/\/armstrongyregion.com.ar\/diario\/wp-content\/uploads\/2021\/08\/presencialidad.jpg_1756841869.jpg","jetpack_shortlink":"https:\/\/wp.me\/p62QDO-8bF","jetpack_sharing_enabled":true,"amp_enabled":true,"_links":{"self":[{"href":"https:\/\/armstrongyregion.com.ar\/diario\/wp-json\/wp\/v2\/posts\/31475","targetHints":{"allow":["GET"]}}],"collection":[{"href":"https:\/\/armstrongyregion.com.ar\/diario\/wp-json\/wp\/v2\/posts"}],"about":[{"href":"https:\/\/armstrongyregion.com.ar\/diario\/wp-json\/wp\/v2\/types\/post"}],"author":[{"embeddable":true,"href":"https:\/\/armstrongyregion.com.ar\/diario\/wp-json\/wp\/v2\/users\/1"}],"replies":[{"embeddable":true,"href":"https:\/\/armstrongyregion.com.ar\/diario\/wp-json\/wp\/v2\/comments?post=31475"}],"version-history":[{"count":1,"href":"https:\/\/armstrongyregion.com.ar\/diario\/wp-json\/wp\/v2\/posts\/31475\/revisions"}],"predecessor-version":[{"id":31477,"href":"https:\/\/armstrongyregion.com.ar\/diario\/wp-json\/wp\/v2\/posts\/31475\/revisions\/31477"}],"wp:featuredmedia":[{"embeddable":true,"href":"https:\/\/armstrongyregion.com.ar\/diario\/wp-json\/wp\/v2\/media\/31476"}],"wp:attachment":[{"href":"https:\/\/armstrongyregion.com.ar\/diario\/wp-json\/wp\/v2\/media?parent=31475"}],"wp:term":[{"taxonomy":"category","embeddable":true,"href":"https:\/\/armstrongyregion.com.ar\/diario\/wp-json\/wp\/v2\/categories?post=31475"},{"taxonomy":"post_tag","embeddable":true,"href":"https:\/\/armstrongyregion.com.ar\/diario\/wp-json\/wp\/v2\/tags?post=31475"}],"curies":[{"name":"wp","href":"https:\/\/api.w.org\/{rel}","templated":true}]}}