{"id":31467,"date":"2021-08-17T02:40:34","date_gmt":"2021-08-17T02:40:34","guid":{"rendered":"https:\/\/armstrongyregion.com.ar\/diario\/?p=31467"},"modified":"2021-08-17T02:40:37","modified_gmt":"2021-08-17T02:40:37","slug":"murio-geronimo-bonavera-referente-de-la-ong-conciencia-vial","status":"publish","type":"post","link":"https:\/\/armstrongyregion.com.ar\/diario\/murio-geronimo-bonavera-referente-de-la-ong-conciencia-vial\/","title":{"rendered":"Muri\u00f3 Ger\u00f3nimo Bonavera, referente de la ONG Conciencia Vial."},"content":{"rendered":"\n<figure class=\"wp-block-image size-large\"><img loading=\"lazy\" decoding=\"async\" width=\"400\" height=\"225\" src=\"http:\/\/armstrongyregion.com.ar\/diario\/wp-content\/uploads\/2021\/08\/geronimo-bonavena.jpg\" alt=\"\" class=\"wp-image-31468\" srcset=\"https:\/\/armstrongyregion.com.ar\/diario\/wp-content\/uploads\/2021\/08\/geronimo-bonavena.jpg 400w, https:\/\/armstrongyregion.com.ar\/diario\/wp-content\/uploads\/2021\/08\/geronimo-bonavena-300x169.jpg 300w\" sizes=\"auto, (max-width: 400px) 100vw, 400px\" \/><figcaption> <br>Bonavera era referente de la conciencia vial.\u00a0 Facebook<\/figcaption><\/figure>\n\n\n\n<h2 class=\"wp-block-heading\"> Falleci\u00f3 este fin de semana, seg\u00fan confirm\u00f3 el gobierno provincial. En\u00a01995\u00a0 hab\u00eda perdido a su\u00a0hijo en un siniestro vial, fund\u00f3 una organizaci\u00f3n para la prevenci\u00f3n de la siniestralidad\u00a0y\u00a0fue asesor de la Secretar\u00eda de Transporte.<\/h2>\n\n\n\n<p> El referente de la ONG Conciencia Vial y ex asesor del gobierno provincial,<strong>\u00a0Ger\u00f3nimo Bonavera, falleci\u00f3<\/strong>\u00a0este domingo seg\u00fan inform\u00f3 la Agencia Provincial de Seguridad Vial. <\/p>\n\n\n\n<p>\u201c<strong>Lamentamos el fallecimiento de Ger\u00f3nimo Bonavera<\/strong>, fundador de Conciencia Vial y fuerte activista por la promoci\u00f3n de pol\u00edticas p\u00fablicas que permitan salvar vidas. Su trayectoria y aportes tienen un enorme valor para nuestra sociedad\u201d, indicaron desde la repartici\u00f3n provincial.<\/p>\n\n\n\n<p>Bonavera fue<strong>&nbsp;uno de los fundadores de la organizaci\u00f3n Conciencia Vial&nbsp;<\/strong>luego de la muerte de su hijo en un siniestro vial ocurrido en 1995 en Mendoza y Rodr\u00edguez, cuando un auto embisti\u00f3 la moto que conduc\u00eda.<\/p>\n\n\n\n<p>Adem\u00e1s, fue\u00a0<strong>asesor de la Secretar\u00eda de Transporte de la provincia\u00a0<\/strong>de Santa Fe como experto en Seguridad Vial y pol\u00edticas de prevenci\u00f3n.<\/p>\n\n\n\n<p>Rosario3.com<\/p>\n\n\n\n<p><br><\/p>\n\n\n\n<p><\/p>\n","protected":false},"excerpt":{"rendered":"<p>Falleci\u00f3 este fin de semana, seg\u00fan confirm\u00f3 el gobierno provincial. En\u00a01995\u00a0 hab\u00eda perdido a su\u00a0hijo en un siniestro vial, fund\u00f3 una organizaci\u00f3n para la prevenci\u00f3n de la siniestralidad\u00a0y\u00a0fue asesor de la Secretar\u00eda de Transporte. El referente de la ONG Conciencia Vial y ex asesor del gobierno provincial,\u00a0Ger\u00f3nimo Bonavera, falleci\u00f3\u00a0este domingo seg\u00fan inform\u00f3 la Agencia Provincial <a href=\"https:\/\/armstrongyregion.com.ar\/diario\/murio-geronimo-bonavera-referente-de-la-ong-conciencia-vial\/\" title=\"Read more\" >&#8230;<\/a><\/p>\n","protected":false},"author":1,"featured_media":31468,"comment_status":"open","ping_status":"open","sticky":false,"template":"","format":"image","meta":{"_jetpack_memberships_contains_paid_content":false,"footnotes":"","jetpack_publicize_message":"","jetpack_publicize_feature_enabled":true,"jetpack_social_post_already_shared":true,"jetpack_social_options":{"image_generator_settings":{"template":"highway","default_image_id":0,"enabled":false},"version":2}},"categories":[8,1,2,7,3],"tags":[],"class_list":["post-31467","post","type-post","status-publish","format-image","has-post-thumbnail","hentry","category-deliberando","category-diario-armstrong","category-locales","category-politica","category-region","post_format-post-format-image"],"jetpack_publicize_connections":[],"jetpack_featured_media_url":"https:\/\/armstrongyregion.com.ar\/diario\/wp-content\/uploads\/2021\/08\/geronimo-bonavena.jpg","jetpack_shortlink":"https:\/\/wp.me\/p62QDO-8bx","jetpack_sharing_enabled":true,"amp_enabled":true,"_links":{"self":[{"href":"https:\/\/armstrongyregion.com.ar\/diario\/wp-json\/wp\/v2\/posts\/31467","targetHints":{"allow":["GET"]}}],"collection":[{"href":"https:\/\/armstrongyregion.com.ar\/diario\/wp-json\/wp\/v2\/posts"}],"about":[{"href":"https:\/\/armstrongyregion.com.ar\/diario\/wp-json\/wp\/v2\/types\/post"}],"author":[{"embeddable":true,"href":"https:\/\/armstrongyregion.com.ar\/diario\/wp-json\/wp\/v2\/users\/1"}],"replies":[{"embeddable":true,"href":"https:\/\/armstrongyregion.com.ar\/diario\/wp-json\/wp\/v2\/comments?post=31467"}],"version-history":[{"count":1,"href":"https:\/\/armstrongyregion.com.ar\/diario\/wp-json\/wp\/v2\/posts\/31467\/revisions"}],"predecessor-version":[{"id":31469,"href":"https:\/\/armstrongyregion.com.ar\/diario\/wp-json\/wp\/v2\/posts\/31467\/revisions\/31469"}],"wp:featuredmedia":[{"embeddable":true,"href":"https:\/\/armstrongyregion.com.ar\/diario\/wp-json\/wp\/v2\/media\/31468"}],"wp:attachment":[{"href":"https:\/\/armstrongyregion.com.ar\/diario\/wp-json\/wp\/v2\/media?parent=31467"}],"wp:term":[{"taxonomy":"category","embeddable":true,"href":"https:\/\/armstrongyregion.com.ar\/diario\/wp-json\/wp\/v2\/categories?post=31467"},{"taxonomy":"post_tag","embeddable":true,"href":"https:\/\/armstrongyregion.com.ar\/diario\/wp-json\/wp\/v2\/tags?post=31467"}],"curies":[{"name":"wp","href":"https:\/\/api.w.org\/{rel}","templated":true}]}}