{"id":31461,"date":"2021-08-17T01:31:54","date_gmt":"2021-08-17T01:31:54","guid":{"rendered":"https:\/\/armstrongyregion.com.ar\/diario\/?p=31461"},"modified":"2021-08-17T01:34:56","modified_gmt":"2021-08-17T01:34:56","slug":"armstrong-inauguracion-de-nueva-iluminacion-led-en-plaza-san-martin","status":"publish","type":"post","link":"https:\/\/armstrongyregion.com.ar\/diario\/armstrong-inauguracion-de-nueva-iluminacion-led-en-plaza-san-martin\/","title":{"rendered":"Armstrong. Inauguraci\u00f3n de nueva iluminaci\u00f3n LED en plaza San Mart\u00edn."},"content":{"rendered":"\n<figure class=\"wp-block-image size-large\"><img loading=\"lazy\" decoding=\"async\" width=\"480\" height=\"320\" src=\"http:\/\/armstrongyregion.com.ar\/diario\/wp-content\/uploads\/2021\/08\/verdecchia-luz-1.jpg\" alt=\"\" class=\"wp-image-31462\" srcset=\"https:\/\/armstrongyregion.com.ar\/diario\/wp-content\/uploads\/2021\/08\/verdecchia-luz-1.jpg 480w, https:\/\/armstrongyregion.com.ar\/diario\/wp-content\/uploads\/2021\/08\/verdecchia-luz-1-300x200.jpg 300w\" sizes=\"auto, (max-width: 480px) 100vw, 480px\" \/><\/figure>\n\n\n\n<p> El intendente Dr. Pablo Verdecchia, acompa\u00f1ado por el  Gabinete Municipal,  inauguraron la nueva iluminaci\u00f3n en Plaza San Mart\u00edn, uno de los espacios p\u00fablicos m\u00e1s concurridos por los vecinos armstronenses.<\/p>\n\n\n\n<figure class=\"wp-block-image size-large\"><img loading=\"lazy\" decoding=\"async\" width=\"480\" height=\"321\" src=\"http:\/\/armstrongyregion.com.ar\/diario\/wp-content\/uploads\/2021\/08\/verdecchia-luz-2.jpg\" alt=\"\" class=\"wp-image-31463\" srcset=\"https:\/\/armstrongyregion.com.ar\/diario\/wp-content\/uploads\/2021\/08\/verdecchia-luz-2.jpg 480w, https:\/\/armstrongyregion.com.ar\/diario\/wp-content\/uploads\/2021\/08\/verdecchia-luz-2-300x201.jpg 300w\" sizes=\"auto, (max-width: 480px) 100vw, 480px\" \/><\/figure>\n\n\n\n<p> Verdecchia, al momento de hacer uso de la palabra ante los medios locales se\u00f1al\u00f3 que \u201ces una satisfacci\u00f3n y una gran alegr\u00eda ver como esta ciudad va creciendo d\u00eda a d\u00eda, con obras y realizaciones permanentes que mejoran la calidad de vida de todos los armstronenses. Hac\u00eda varios a\u00f1os que estas luminarias se ven\u00edan proyectando, espec\u00edficamente desde el 2015 ven\u00edamos trabajando con la Cooperativa de Obras y Servicios P\u00fablicos, fundamentalmente lo proyectamos debido a el gran consumo de energ\u00eda que ten\u00edan las anteriores farolas. Con este formato de luces led se ahorra el 50%, eso hace que sigamos pensando en el medio ambiente, mas all\u00e1 del embellecimiento ya que uno puede ver los resultados\u201d.<\/p>\n\n\n\n<figure class=\"wp-block-image size-large\"><img loading=\"lazy\" decoding=\"async\" width=\"480\" height=\"321\" src=\"http:\/\/armstrongyregion.com.ar\/diario\/wp-content\/uploads\/2021\/08\/verdecchia-luz-3.jpg\" alt=\"\" class=\"wp-image-31464\" srcset=\"https:\/\/armstrongyregion.com.ar\/diario\/wp-content\/uploads\/2021\/08\/verdecchia-luz-3.jpg 480w, https:\/\/armstrongyregion.com.ar\/diario\/wp-content\/uploads\/2021\/08\/verdecchia-luz-3-300x201.jpg 300w\" sizes=\"auto, (max-width: 480px) 100vw, 480px\" \/><\/figure>\n\n\n\n<p>El intendente arremeti\u00f3: \u201cQuiero recalcar la importancia de este trabajo en conjunto con la Cooperativa de Obras y Servicios P\u00fablicos, siempre estamos pensando en el futuro y en como ir ahorrando la energ\u00eda del alumbrado publico. La verdad agradezco a todos los empleados que han trabajado estos \u00faltimos 15 d\u00edas, para poder tener hoy la plaza en las condiciones que la podemos ver. Reitero el agradecimiento a todos, al personal de maestranza, a la Secretar\u00eda de Obras p\u00fablicas de la municipalidad, ya que se ha trabajado muy fuerte como para poder tener todo listo para esta antesala de lo que es la conmemoraci\u00f3n del Aniversario del fallecimiento del General San Mart\u00edn\u201d. Finaliz\u00f3 el funcionario.<\/p>\n","protected":false},"excerpt":{"rendered":"<p>El intendente Dr. Pablo Verdecchia, acompa\u00f1ado por el Gabinete Municipal, inauguraron la nueva iluminaci\u00f3n en Plaza San Mart\u00edn, uno de los espacios p\u00fablicos m\u00e1s concurridos por los vecinos armstronenses. Verdecchia, al momento de hacer uso de la palabra ante los medios locales se\u00f1al\u00f3 que \u201ces una satisfacci\u00f3n y una gran alegr\u00eda ver como esta ciudad <a href=\"https:\/\/armstrongyregion.com.ar\/diario\/armstrong-inauguracion-de-nueva-iluminacion-led-en-plaza-san-martin\/\" title=\"Read more\" >&#8230;<\/a><\/p>\n","protected":false},"author":1,"featured_media":31462,"comment_status":"open","ping_status":"open","sticky":false,"template":"","format":"image","meta":{"_jetpack_memberships_contains_paid_content":false,"footnotes":"","jetpack_publicize_message":"","jetpack_publicize_feature_enabled":true,"jetpack_social_post_already_shared":true,"jetpack_social_options":{"image_generator_settings":{"template":"highway","default_image_id":0,"enabled":false},"version":2}},"categories":[8,1,2,7,3],"tags":[],"class_list":["post-31461","post","type-post","status-publish","format-image","has-post-thumbnail","hentry","category-deliberando","category-diario-armstrong","category-locales","category-politica","category-region","post_format-post-format-image"],"jetpack_publicize_connections":[],"jetpack_featured_media_url":"https:\/\/armstrongyregion.com.ar\/diario\/wp-content\/uploads\/2021\/08\/verdecchia-luz-1.jpg","jetpack_shortlink":"https:\/\/wp.me\/p62QDO-8br","jetpack_sharing_enabled":true,"amp_enabled":true,"_links":{"self":[{"href":"https:\/\/armstrongyregion.com.ar\/diario\/wp-json\/wp\/v2\/posts\/31461","targetHints":{"allow":["GET"]}}],"collection":[{"href":"https:\/\/armstrongyregion.com.ar\/diario\/wp-json\/wp\/v2\/posts"}],"about":[{"href":"https:\/\/armstrongyregion.com.ar\/diario\/wp-json\/wp\/v2\/types\/post"}],"author":[{"embeddable":true,"href":"https:\/\/armstrongyregion.com.ar\/diario\/wp-json\/wp\/v2\/users\/1"}],"replies":[{"embeddable":true,"href":"https:\/\/armstrongyregion.com.ar\/diario\/wp-json\/wp\/v2\/comments?post=31461"}],"version-history":[{"count":2,"href":"https:\/\/armstrongyregion.com.ar\/diario\/wp-json\/wp\/v2\/posts\/31461\/revisions"}],"predecessor-version":[{"id":31466,"href":"https:\/\/armstrongyregion.com.ar\/diario\/wp-json\/wp\/v2\/posts\/31461\/revisions\/31466"}],"wp:featuredmedia":[{"embeddable":true,"href":"https:\/\/armstrongyregion.com.ar\/diario\/wp-json\/wp\/v2\/media\/31462"}],"wp:attachment":[{"href":"https:\/\/armstrongyregion.com.ar\/diario\/wp-json\/wp\/v2\/media?parent=31461"}],"wp:term":[{"taxonomy":"category","embeddable":true,"href":"https:\/\/armstrongyregion.com.ar\/diario\/wp-json\/wp\/v2\/categories?post=31461"},{"taxonomy":"post_tag","embeddable":true,"href":"https:\/\/armstrongyregion.com.ar\/diario\/wp-json\/wp\/v2\/tags?post=31461"}],"curies":[{"name":"wp","href":"https:\/\/api.w.org\/{rel}","templated":true}]}}