{"id":31430,"date":"2021-08-13T19:59:36","date_gmt":"2021-08-13T19:59:36","guid":{"rendered":"https:\/\/armstrongyregion.com.ar\/diario\/?p=31430"},"modified":"2021-08-13T19:59:39","modified_gmt":"2021-08-13T19:59:39","slug":"la-municipalidad-de-las-rosas-adquirio-una-planta-de-osmosis-inversa","status":"publish","type":"post","link":"https:\/\/armstrongyregion.com.ar\/diario\/la-municipalidad-de-las-rosas-adquirio-una-planta-de-osmosis-inversa\/","title":{"rendered":"La Municipalidad de Las Rosas adquiri\u00f3 una planta de \u00f3smosis inversa."},"content":{"rendered":"\n<figure class=\"wp-block-image size-large\"><img loading=\"lazy\" decoding=\"async\" width=\"540\" height=\"540\" src=\"http:\/\/armstrongyregion.com.ar\/diario\/wp-content\/uploads\/2021\/08\/planta-osmosis-3-.jpg\" alt=\"\" class=\"wp-image-31431\" srcset=\"https:\/\/armstrongyregion.com.ar\/diario\/wp-content\/uploads\/2021\/08\/planta-osmosis-3-.jpg 540w, https:\/\/armstrongyregion.com.ar\/diario\/wp-content\/uploads\/2021\/08\/planta-osmosis-3--300x300.jpg 300w, https:\/\/armstrongyregion.com.ar\/diario\/wp-content\/uploads\/2021\/08\/planta-osmosis-3--150x150.jpg 150w\" sizes=\"auto, (max-width: 540px) 100vw, 540px\" \/><\/figure>\n\n\n\n<h2 class=\"wp-block-heading\"> Ante la emergencia el intendente Javier Meyer comunic\u00f3 la decisi\u00f3n, destinada a proveer agua de calidad que deber\u00e1 retirarse en bidones. <\/h2>\n\n\n\n<figure class=\"wp-block-image size-large\"><img loading=\"lazy\" decoding=\"async\" width=\"540\" height=\"452\" src=\"http:\/\/armstrongyregion.com.ar\/diario\/wp-content\/uploads\/2021\/08\/planta-osmosis-2-.jpg\" alt=\"\" class=\"wp-image-31432\" srcset=\"https:\/\/armstrongyregion.com.ar\/diario\/wp-content\/uploads\/2021\/08\/planta-osmosis-2-.jpg 540w, https:\/\/armstrongyregion.com.ar\/diario\/wp-content\/uploads\/2021\/08\/planta-osmosis-2--300x251.jpg 300w\" sizes=\"auto, (max-width: 540px) 100vw, 540px\" \/><\/figure>\n\n\n\n<p><em>\u00abEl ENRESS nos notific\u00f3 que el agua est\u00e1 dentro de los par\u00e1metros de potabilidad, pero a la vez remarca que el \u00edndice de salinidad es muy elevado; y eso es algo que hay que tener en cuenta, por ejemplo en personas hipertensas. Nos recomiendan que mezclemos con agua de pozos o busquemos alternativas\u00bb,<\/em>&nbsp;coment\u00f3 el Intendente de Las Rosas.&nbsp;<em>\u00abSe sabe que en casi todos los municipios los pozos han sido anulados, porque hace 20 a\u00f1os que recibimos agua del acueducto, y adem\u00e1s en aquellos momentos las directivas eran bloquear esos pozos para no contaminar el agua potable de rio.&nbsp;<strong>As\u00ed que debido a esta emergencia hemos decidido adquirir una planta de \u00f3smosis inversa, para disponer de agua de agua potable al 100%, de primera calidad\u00bb.<\/strong><\/em><\/p>\n\n\n\n<figure class=\"wp-block-image size-large\"><img loading=\"lazy\" decoding=\"async\" width=\"540\" height=\"540\" src=\"http:\/\/armstrongyregion.com.ar\/diario\/wp-content\/uploads\/2021\/08\/planta-osmosis-1-.jpg\" alt=\"\" class=\"wp-image-31433\" srcset=\"https:\/\/armstrongyregion.com.ar\/diario\/wp-content\/uploads\/2021\/08\/planta-osmosis-1-.jpg 540w, https:\/\/armstrongyregion.com.ar\/diario\/wp-content\/uploads\/2021\/08\/planta-osmosis-1--300x300.jpg 300w, https:\/\/armstrongyregion.com.ar\/diario\/wp-content\/uploads\/2021\/08\/planta-osmosis-1--150x150.jpg 150w\" sizes=\"auto, (max-width: 540px) 100vw, 540px\" \/><\/figure>\n\n\n\n<p><em>\u00abYa estamos trabajando en instalar la planta hoy mismo, en el predio donde est\u00e1 la cisterna. El agua producida all\u00ed no va a ir por la red sino que la gente la podr\u00e1 retirar en bidones. Es una medida totalmente paliativa, que ya va a quedar instalada en nuestra en nuestro distrito hasta que se corrija el suministro de agua como corresponde y adem\u00e1s pensando en futuras emergencias\u00bb,&nbsp;<\/em>continu\u00f3 diciendo Meyer.<\/p>\n\n\n\n<p>El jefe municipal inform\u00f3 tambi\u00e9n que se est\u00e1 utilizando una perforaci\u00f3n hecha hace un tiempo, cuando se advert\u00eda que pod\u00eda haber problemas.\u00a0<em>\u00abY como no sabemos condiciones que se pueden dar a futuro, porque pueden empeorar, debemos estar atentos y prevenir. Ahora tomamos la medida de comprar la planta de \u00f3smosis inversa, y tenemos dos perforaciones programadas para antes de fin de mes. Son pozos a 40 metros, donde se obtiene una calidad de agua buena, que es potable aunque traiga algunas sales, pero dentro de los par\u00e1metros normales. As\u00ed que bueno, vamos a seguir trabajando en esto y a la espera de que el r\u00edo recupere su caudal y se mejore el agua que nos provee Aguas Santafesinas SA.\u00bb<\/em>, concluy\u00f3.<\/p>\n\n\n\n<p>Fuente: Las Rosas Digital.<\/p>\n","protected":false},"excerpt":{"rendered":"<p>Ante la emergencia el intendente Javier Meyer comunic\u00f3 la decisi\u00f3n, destinada a proveer agua de calidad que deber\u00e1 retirarse en bidones. \u00abEl ENRESS nos notific\u00f3 que el agua est\u00e1 dentro de los par\u00e1metros de potabilidad, pero a la vez remarca que el \u00edndice de salinidad es muy elevado; y eso es algo que hay que <a href=\"https:\/\/armstrongyregion.com.ar\/diario\/la-municipalidad-de-las-rosas-adquirio-una-planta-de-osmosis-inversa\/\" title=\"Read more\" >&#8230;<\/a><\/p>\n","protected":false},"author":1,"featured_media":31432,"comment_status":"open","ping_status":"open","sticky":false,"template":"","format":"image","meta":{"_jetpack_memberships_contains_paid_content":false,"footnotes":"","jetpack_publicize_message":"","jetpack_publicize_feature_enabled":true,"jetpack_social_post_already_shared":true,"jetpack_social_options":{"image_generator_settings":{"template":"highway","default_image_id":0,"enabled":false},"version":2}},"categories":[8,1,2,7,3],"tags":[],"class_list":["post-31430","post","type-post","status-publish","format-image","has-post-thumbnail","hentry","category-deliberando","category-diario-armstrong","category-locales","category-politica","category-region","post_format-post-format-image"],"jetpack_publicize_connections":[],"jetpack_featured_media_url":"https:\/\/armstrongyregion.com.ar\/diario\/wp-content\/uploads\/2021\/08\/planta-osmosis-2-.jpg","jetpack_shortlink":"https:\/\/wp.me\/p62QDO-8aW","jetpack_sharing_enabled":true,"amp_enabled":true,"_links":{"self":[{"href":"https:\/\/armstrongyregion.com.ar\/diario\/wp-json\/wp\/v2\/posts\/31430","targetHints":{"allow":["GET"]}}],"collection":[{"href":"https:\/\/armstrongyregion.com.ar\/diario\/wp-json\/wp\/v2\/posts"}],"about":[{"href":"https:\/\/armstrongyregion.com.ar\/diario\/wp-json\/wp\/v2\/types\/post"}],"author":[{"embeddable":true,"href":"https:\/\/armstrongyregion.com.ar\/diario\/wp-json\/wp\/v2\/users\/1"}],"replies":[{"embeddable":true,"href":"https:\/\/armstrongyregion.com.ar\/diario\/wp-json\/wp\/v2\/comments?post=31430"}],"version-history":[{"count":1,"href":"https:\/\/armstrongyregion.com.ar\/diario\/wp-json\/wp\/v2\/posts\/31430\/revisions"}],"predecessor-version":[{"id":31434,"href":"https:\/\/armstrongyregion.com.ar\/diario\/wp-json\/wp\/v2\/posts\/31430\/revisions\/31434"}],"wp:featuredmedia":[{"embeddable":true,"href":"https:\/\/armstrongyregion.com.ar\/diario\/wp-json\/wp\/v2\/media\/31432"}],"wp:attachment":[{"href":"https:\/\/armstrongyregion.com.ar\/diario\/wp-json\/wp\/v2\/media?parent=31430"}],"wp:term":[{"taxonomy":"category","embeddable":true,"href":"https:\/\/armstrongyregion.com.ar\/diario\/wp-json\/wp\/v2\/categories?post=31430"},{"taxonomy":"post_tag","embeddable":true,"href":"https:\/\/armstrongyregion.com.ar\/diario\/wp-json\/wp\/v2\/tags?post=31430"}],"curies":[{"name":"wp","href":"https:\/\/api.w.org\/{rel}","templated":true}]}}