{"id":31411,"date":"2021-08-12T20:24:56","date_gmt":"2021-08-12T20:24:56","guid":{"rendered":"https:\/\/armstrongyregion.com.ar\/diario\/?p=31411"},"modified":"2021-08-12T20:24:59","modified_gmt":"2021-08-12T20:24:59","slug":"rasetto-insiste-con-la-regulacion-de-las-ferias-como-la-salada","status":"publish","type":"post","link":"https:\/\/armstrongyregion.com.ar\/diario\/rasetto-insiste-con-la-regulacion-de-las-ferias-como-la-salada\/","title":{"rendered":"Rasetto insiste con la regulaci\u00f3n de las ferias como \u201cLa Salada\u201d."},"content":{"rendered":"\n<figure class=\"wp-block-image size-large\"><img loading=\"lazy\" decoding=\"async\" width=\"405\" height=\"270\" src=\"http:\/\/armstrongyregion.com.ar\/diario\/wp-content\/uploads\/2021\/06\/Rasetto-junio-2021..jpg\" alt=\"\" class=\"wp-image-30622\" srcset=\"https:\/\/armstrongyregion.com.ar\/diario\/wp-content\/uploads\/2021\/06\/Rasetto-junio-2021..jpg 405w, https:\/\/armstrongyregion.com.ar\/diario\/wp-content\/uploads\/2021\/06\/Rasetto-junio-2021.-300x200.jpg 300w\" sizes=\"auto, (max-width: 405px) 100vw, 405px\" \/><\/figure>\n\n\n\n<p>\nEl Senador por Iriondo, Hugo\nJes\u00fas Rasetto, ingres\u00f3 dos nuevos proyectos con el fin de darle un\nmarco legal al asentamiento de las llamadas ferias \u201csaladitas\u201d en\nel territorio provincial.<\/p>\n\n\n\n<p>\nRasetto indic\u00f3 que \u201cEste es\nun proyecto que impulsamos en 2013 que llev\u00f3 a la sanci\u00f3n de la ley\nN\u00b013.477, la cual prohibi\u00f3 por el plazo de un a\u00f1o que se\nestablezcan, en nuestra provincia, ferias internadas, multipunto o\nsaladitas, con el objetivo de que se eval\u00fae y se sancione un texto\nnormativo que legisle las condiciones y los requisitos.\nLamentablemente el proyecto regulatorio que ingresamos hace a\u00f1os con\nese fin nunca se convirti\u00f3 en ley y por eso hoy seguimos sin una\nnorma en una tem\u00e1tica tan importante. Lo que se busca es la igualdad\nentre comerciantes y asegurar la competencia leal dentro del mismo\nrubro.\u201d \n<\/p>\n\n\n\n<p>\nEl primer proyecto suspende\npor el t\u00e9rmino de un a\u00f1o la radicaci\u00f3n de nuevos establecimientos\ncomerciales de m\u00faltiples puntos de venta, denominados ferias\ninternadas, multipunto, cooperativas de comerciantes o de formatos\nsimilares y el segundo regula dichos establecimientos.<\/p>\n\n\n\n<p>\nDentro de sus normas se\ndestacan las superficies m\u00e1ximas, estacionamiento, garantizar\nservicios sanitarios, zonas prohibidas de radicaci\u00f3n y rubros\nprohibidos, y los diferentes procesos municipales y provinciales para\nlograr la habilitaci\u00f3n, a fin de garantizar la competencia leal con\nlos comerciantes locales. \n<\/p>\n","protected":false},"excerpt":{"rendered":"<p>El Senador por Iriondo, Hugo Jes\u00fas Rasetto, ingres\u00f3 dos nuevos proyectos con el fin de darle un marco legal al asentamiento de las llamadas ferias \u201csaladitas\u201d en el territorio provincial. Rasetto indic\u00f3 que \u201cEste es un proyecto que impulsamos en 2013 que llev\u00f3 a la sanci\u00f3n de la ley N\u00b013.477, la cual prohibi\u00f3 por el <a href=\"https:\/\/armstrongyregion.com.ar\/diario\/rasetto-insiste-con-la-regulacion-de-las-ferias-como-la-salada\/\" title=\"Read more\" >&#8230;<\/a><\/p>\n","protected":false},"author":1,"featured_media":30622,"comment_status":"open","ping_status":"open","sticky":false,"template":"","format":"image","meta":{"_jetpack_memberships_contains_paid_content":false,"footnotes":"","jetpack_publicize_message":"","jetpack_publicize_feature_enabled":true,"jetpack_social_post_already_shared":true,"jetpack_social_options":{"image_generator_settings":{"template":"highway","default_image_id":0,"enabled":false},"version":2}},"categories":[8,1,2,7,3],"tags":[],"class_list":["post-31411","post","type-post","status-publish","format-image","has-post-thumbnail","hentry","category-deliberando","category-diario-armstrong","category-locales","category-politica","category-region","post_format-post-format-image"],"jetpack_publicize_connections":[],"jetpack_featured_media_url":"https:\/\/armstrongyregion.com.ar\/diario\/wp-content\/uploads\/2021\/06\/Rasetto-junio-2021..jpg","jetpack_shortlink":"https:\/\/wp.me\/p62QDO-8aD","jetpack_sharing_enabled":true,"amp_enabled":true,"_links":{"self":[{"href":"https:\/\/armstrongyregion.com.ar\/diario\/wp-json\/wp\/v2\/posts\/31411","targetHints":{"allow":["GET"]}}],"collection":[{"href":"https:\/\/armstrongyregion.com.ar\/diario\/wp-json\/wp\/v2\/posts"}],"about":[{"href":"https:\/\/armstrongyregion.com.ar\/diario\/wp-json\/wp\/v2\/types\/post"}],"author":[{"embeddable":true,"href":"https:\/\/armstrongyregion.com.ar\/diario\/wp-json\/wp\/v2\/users\/1"}],"replies":[{"embeddable":true,"href":"https:\/\/armstrongyregion.com.ar\/diario\/wp-json\/wp\/v2\/comments?post=31411"}],"version-history":[{"count":1,"href":"https:\/\/armstrongyregion.com.ar\/diario\/wp-json\/wp\/v2\/posts\/31411\/revisions"}],"predecessor-version":[{"id":31412,"href":"https:\/\/armstrongyregion.com.ar\/diario\/wp-json\/wp\/v2\/posts\/31411\/revisions\/31412"}],"wp:featuredmedia":[{"embeddable":true,"href":"https:\/\/armstrongyregion.com.ar\/diario\/wp-json\/wp\/v2\/media\/30622"}],"wp:attachment":[{"href":"https:\/\/armstrongyregion.com.ar\/diario\/wp-json\/wp\/v2\/media?parent=31411"}],"wp:term":[{"taxonomy":"category","embeddable":true,"href":"https:\/\/armstrongyregion.com.ar\/diario\/wp-json\/wp\/v2\/categories?post=31411"},{"taxonomy":"post_tag","embeddable":true,"href":"https:\/\/armstrongyregion.com.ar\/diario\/wp-json\/wp\/v2\/tags?post=31411"}],"curies":[{"name":"wp","href":"https:\/\/api.w.org\/{rel}","templated":true}]}}