{"id":31408,"date":"2021-08-12T20:20:09","date_gmt":"2021-08-12T20:20:09","guid":{"rendered":"https:\/\/armstrongyregion.com.ar\/diario\/?p=31408"},"modified":"2021-08-12T20:20:13","modified_gmt":"2021-08-12T20:20:13","slug":"2021-exportacion-de-granos-donde-estamos-y-cuanto-nos-falta","status":"publish","type":"post","link":"https:\/\/armstrongyregion.com.ar\/diario\/2021-exportacion-de-granos-donde-estamos-y-cuanto-nos-falta\/","title":{"rendered":"2021 \u2013 Exportaci\u00f3n de granos &#8211; D\u00f3nde estamos y cu\u00e1nto nos falta."},"content":{"rendered":"\n<figure class=\"wp-block-image size-large\"><img loading=\"lazy\" decoding=\"async\" width=\"484\" height=\"270\" src=\"http:\/\/armstrongyregion.com.ar\/diario\/wp-content\/uploads\/2021\/08\/de-emilio-1.jpg\" alt=\"\" class=\"wp-image-31409\" srcset=\"https:\/\/armstrongyregion.com.ar\/diario\/wp-content\/uploads\/2021\/08\/de-emilio-1.jpg 484w, https:\/\/armstrongyregion.com.ar\/diario\/wp-content\/uploads\/2021\/08\/de-emilio-1-300x167.jpg 300w\" sizes=\"auto, (max-width: 484px) 100vw, 484px\" \/><\/figure>\n\n\n\n<h2 class=\"wp-block-heading\"> Por Marianela De Emilio I Analista del Mercado de Granos y Docente de Agroeducaci\u00f3n.<\/h2>\n\n\n\n<p>Es noticia, ya desde el a\u00f1o pasado, los perjuicios econ\u00f3micos que Argentina sufre, por causa de la bajante del nivel del R\u00edo Paran\u00e1, hidrovia por la que se exporta el grueso de la producci\u00f3n agr\u00edcola argentina. Se espera un trimestre sin abundantes lluvias, y reci\u00e9n se avizora una mejora del cauce del Paran\u00e1 hacia diciembre de este a\u00f1o. Si comparamos el volumen total 2020 de exportaciones de granos de ma\u00edz y soja, harina y aceite de soja, respecto al actual \u00bfd\u00f3nde estamos y cuanto nos falta de exportar, a menos de cinco meses de finalizar el presente 2021? Esto nos mostrar\u00e1 la magnitud de la amenaza en los pr\u00f3ximos meses, al ser de p\u00fablico conocimiento la ineficiencia log\u00edstica de nuestros puertos santafecinos.<\/p>\n\n\n\n<p><strong>-Complejo sojero:<\/strong>&nbsp;Durante todo el 2020 se exportaron en total 6,8 millones de toneladas de grano de soja, 23,1 millones de toneladas de harina de soja y 5,4 millones de toneladas de aceite de soja. En los gr\u00e1ficos vemos, a la izquierda, el volumen de registros de embarques, que representa compromisos de embarques que deben cumplirse o ya se cumplieron, y a la derecha, las compras de grano de soja del mercado interno, con precio y a fijar.<br><strong>-Poroto de soja:<\/strong>&nbsp;El volumen total de poroto de soja (19\/20 + 20\/21) exportado hasta junio (\u00faltimo dato del MINIAGRI hasta ahora), alcanza casi 2 millones de toneladas, mientras los compromisos de embarque de soja 20\/21 alcanzan 4,35 millones de toneladas, mientras el a\u00f1o pasado se exportaron 6,8 millones en todo el a\u00f1o. Podemos decir que estamos a 2,35 millones de toneladas de cumplir los compromisos de embarque asumidos hasta ahora, y a 4,8 millones de toneladas de alcanzar el volumen exportado el a\u00f1o pasado.<br><strong>-Aceite de soja:<\/strong>&nbsp;Hasta junio se hab\u00edan liquidado exportaciones de aceite de soja por m\u00e1s de 3,3 millones de toneladas, parte de este volumen corresponde a aceite proveniente de soja 19\/20, por esto se ha exportado m\u00e1s volumen que el volumen de aceite de soja 20\/21 registrado para exportaci\u00f3n. Para simplificar, diremos que, dado que durante el 2020 se exportaron 5,4 millones de tonelada de aceite de soja, estamos a 2,1 millones de toneladas de alcanzar el mismo volumen exportado.&nbsp;<br>Fuente: MAGYP<\/p>\n\n\n\n<p><strong>-Harina de soja<\/strong>: Se lleva exportado hasta junio, m\u00e1s de 14 millones de toneladas de harina de soja, mientras los registros de exportaciones de harina de soja 20\/21 son de 13,8 millones de toneladas. Considerando 23,1 millones de toneladas de harina de soja exportadas en el 2020, estamos a menos de 9 millones de toneladas de alcanzar el mismo volumen.<br><strong>Conclusi\u00f3n parcial<\/strong>: El ritmo de exportaciones 2021 es similar al 2020 para harina y aceite de soja, viene retrasado en cuanto al grano de soja. Considerando los mayores costos log\u00edsticos de Argentina respecto a Brasil y Estados Unidos, no es de extra\u00f1ar que actualmente el precio de exportaci\u00f3n de soja argentina (FOB) sea el menor de los tres pa\u00edses, Argentina U$S 533\/TN, Brasil U$S 545\/TN, Estados Unidos U$S 557\/TN, a fin de compensar parcialmente la menor competitividad de sus costos log\u00edsticos. Esto presiona a la baja la oferta de precios locales, resultando en menor capacidad de pago al productor. Con esta amenaza latente, es un riesgo sostener alto volumen de ventas \u201ca fijar\u201d, como se observa en el gr\u00e1fico de la derecha, si sumamos las ventas \u201ca fijar\u201d y el volumen de soja 20\/21 a\u00fan no comercializado, tenemos 54% de soja sin precios, consideremos oportunidad de subas de precios en el corto plazo, y fijemos valor, minimizando la proporci\u00f3n de soja expuesta a sufrir recorte de precios los pr\u00f3ximos meses.<\/p>\n\n\n\n<p><strong>* Ma\u00edz:<\/strong>&nbsp;Durante el 2020 se ha exportado un total de 37 millones de toneladas de ma\u00edz como granos, y hasta junio 2021 se registraron en total 17,5 millones de toneladas de grano de ma\u00edz exportada, sumando saldo 19\/20 y ma\u00edz nuevo 20\/21. El volumen de ma\u00edz 20\/21 comprometido para la embarcar, alcanza hasta ahora 31,7 millones de toneladas, es decir que, si bien estamos muy cerca del volumen de grano exportado el a\u00f1o pasado, seg\u00fan los compromisos ya asumidos, ya que nos falta poco m\u00e1s de 5 millones de toneladas, para llegar a 37 millones, a\u00fan restan m\u00e1s de 19 millones de toneladas.&nbsp;<br>Fuente: MAGYP<br><br><strong>Conclusi\u00f3n parcial:<\/strong>&nbsp;El ma\u00edz 20\/21 ha sido hasta ahora, mucho m\u00e1s preciado que la soja, dado que, a la fecha, solo resta 36% de la actual cosecha por preciar, esto se observa solamente comparando proporcionalmente el volumen \u201ca fijar\u201d por las compras del mercado interno, de ma\u00edz versus soja.<br>Los vol\u00famenes pendientes de exportar son preocupantes, y la respuesta se observa en la reciente elecci\u00f3n de puertos del sur de Bs As, para sacar la mercader\u00eda, trasladando por el momento, los fletes terrestres hacia Bah\u00eda Blanca. En ma\u00edz tenemos una situaci\u00f3n similar a la de soja, bajamos el precio de exportaci\u00f3n (FOB) a U$S 240\/TN, para competir con Brasil, U$S 261\/TN, y Estados Unidos, U$S 275\/TN. Dado el fuerte componente de control sobre el precio local de ma\u00edz, el productor, que a\u00fan tiene m\u00e1s de 10% de ma\u00edz 20\/21 por cosechar, se enfrenta al dilema de liquidar o no el total de su cereal, a pesar de recibir precios muy inferiores a lo que ten\u00eda hace dos meses atr\u00e1s. Considerando que casi queda un tercio de ma\u00edz por preciar, vale la pena analizar los precios logrados con ventas anteriores, y la proporci\u00f3n de ma\u00edz a preciar en cada agro empresa, para posicionarse en un precio necesario, para alcanzar un promedio de toda la campa\u00f1a, que resulte en la rentabilidad necesaria, para seguir adelante con la actividad.<\/p>\n\n\n\n<p>&nbsp;<br><strong>CONCLUSIONES<\/strong>: La dram\u00e1tica bajante del Paran\u00e1, que parece no tener un horizonte positivo en el corto ni mediano plazo, perjudica la competitividad exportadora de nuestro pa\u00eds, por lo que la oferta de precio a la exportaci\u00f3n, debe posicionarse en valores que den a los compradores la oportunidad de asumir mayores costos log\u00edsticos, sea por llenar menos los buques en el Paran\u00e1, y completar el llenado en otros puertos, o directamente cargar en puertos m\u00e1s alejados, como los del Sur de Bs As.<br>La importancia de este problema para el productor, es el volumen de mercader\u00eda que a\u00fan no tiene precio, dado que esperar en el tiempo para fijar el mismo, podr\u00eda resultar en recortes de precio, en lugar de subas. Considerar proporci\u00f3n de mercader\u00eda con precio, y precios promedio planificados para lograr rentabilidad, a fin de tomar decisiones en el corto plazo, aprovechando potenciales subas internacionales.<\/p>\n\n\n\n<p>Por Marianela De Emilio I Analista del Mercado de Granos y Docente de Agroeducaci\u00f3n<\/p>\n","protected":false},"excerpt":{"rendered":"<p>Por Marianela De Emilio I Analista del Mercado de Granos y Docente de Agroeducaci\u00f3n. Es noticia, ya desde el a\u00f1o pasado, los perjuicios econ\u00f3micos que Argentina sufre, por causa de la bajante del nivel del R\u00edo Paran\u00e1, hidrovia por la que se exporta el grueso de la producci\u00f3n agr\u00edcola argentina. Se espera un trimestre sin <a href=\"https:\/\/armstrongyregion.com.ar\/diario\/2021-exportacion-de-granos-donde-estamos-y-cuanto-nos-falta\/\" title=\"Read more\" >&#8230;<\/a><\/p>\n","protected":false},"author":1,"featured_media":31409,"comment_status":"open","ping_status":"open","sticky":false,"template":"","format":"image","meta":{"_jetpack_memberships_contains_paid_content":false,"footnotes":"","jetpack_publicize_message":"","jetpack_publicize_feature_enabled":true,"jetpack_social_post_already_shared":true,"jetpack_social_options":{"image_generator_settings":{"template":"highway","default_image_id":0,"enabled":false},"version":2}},"categories":[1],"tags":[],"class_list":["post-31408","post","type-post","status-publish","format-image","has-post-thumbnail","hentry","category-diario-armstrong","post_format-post-format-image"],"jetpack_publicize_connections":[],"jetpack_featured_media_url":"https:\/\/armstrongyregion.com.ar\/diario\/wp-content\/uploads\/2021\/08\/de-emilio-1.jpg","jetpack_shortlink":"https:\/\/wp.me\/p62QDO-8aA","jetpack_sharing_enabled":true,"amp_enabled":true,"_links":{"self":[{"href":"https:\/\/armstrongyregion.com.ar\/diario\/wp-json\/wp\/v2\/posts\/31408","targetHints":{"allow":["GET"]}}],"collection":[{"href":"https:\/\/armstrongyregion.com.ar\/diario\/wp-json\/wp\/v2\/posts"}],"about":[{"href":"https:\/\/armstrongyregion.com.ar\/diario\/wp-json\/wp\/v2\/types\/post"}],"author":[{"embeddable":true,"href":"https:\/\/armstrongyregion.com.ar\/diario\/wp-json\/wp\/v2\/users\/1"}],"replies":[{"embeddable":true,"href":"https:\/\/armstrongyregion.com.ar\/diario\/wp-json\/wp\/v2\/comments?post=31408"}],"version-history":[{"count":1,"href":"https:\/\/armstrongyregion.com.ar\/diario\/wp-json\/wp\/v2\/posts\/31408\/revisions"}],"predecessor-version":[{"id":31410,"href":"https:\/\/armstrongyregion.com.ar\/diario\/wp-json\/wp\/v2\/posts\/31408\/revisions\/31410"}],"wp:featuredmedia":[{"embeddable":true,"href":"https:\/\/armstrongyregion.com.ar\/diario\/wp-json\/wp\/v2\/media\/31409"}],"wp:attachment":[{"href":"https:\/\/armstrongyregion.com.ar\/diario\/wp-json\/wp\/v2\/media?parent=31408"}],"wp:term":[{"taxonomy":"category","embeddable":true,"href":"https:\/\/armstrongyregion.com.ar\/diario\/wp-json\/wp\/v2\/categories?post=31408"},{"taxonomy":"post_tag","embeddable":true,"href":"https:\/\/armstrongyregion.com.ar\/diario\/wp-json\/wp\/v2\/tags?post=31408"}],"curies":[{"name":"wp","href":"https:\/\/api.w.org\/{rel}","templated":true}]}}