{"id":31399,"date":"2021-08-11T23:00:06","date_gmt":"2021-08-11T23:00:06","guid":{"rendered":"https:\/\/armstrongyregion.com.ar\/diario\/?p=31399"},"modified":"2021-08-11T23:00:09","modified_gmt":"2021-08-11T23:00:09","slug":"clara-garcia-perotti-se-abrazo-a-cristina-y-le-solto-la-mano-a-santa-fe","status":"publish","type":"post","link":"https:\/\/armstrongyregion.com.ar\/diario\/clara-garcia-perotti-se-abrazo-a-cristina-y-le-solto-la-mano-a-santa-fe\/","title":{"rendered":"Clara Garc\u00eda: \u00abPerotti se abraz\u00f3 a Cristina y le solt\u00f3 la mano a Santa Fe\u00bb."},"content":{"rendered":"\n<figure class=\"wp-block-image size-large\"><img loading=\"lazy\" decoding=\"async\" width=\"651\" height=\"428\" src=\"http:\/\/armstrongyregion.com.ar\/diario\/wp-content\/uploads\/2021\/08\/clara-garcia-11-agosto-.jpg\" alt=\"\" class=\"wp-image-31400\" srcset=\"https:\/\/armstrongyregion.com.ar\/diario\/wp-content\/uploads\/2021\/08\/clara-garcia-11-agosto-.jpg 651w, https:\/\/armstrongyregion.com.ar\/diario\/wp-content\/uploads\/2021\/08\/clara-garcia-11-agosto--300x197.jpg 300w\" sizes=\"auto, (max-width: 651px) 100vw, 651px\" \/><\/figure>\n\n\n\n<p>\n\nLa precandidata a senadora nacional por el FAP afirm\u00f3 defender\u00e1 la producci\u00f3n, el valor agregado y el trabajo santafesino. Critic\u00f3 la improvisaci\u00f3n y la falta de equipo del gobierno provincial y a los que llegan a la pol\u00edtica sin vocaci\u00f3n de servicio._<br>La precandidata a senadora nacional por la lista Adelante, del Frente Amplio Progresista (FAP), Clara Garc\u00eda, afirm\u00f3 que \u201cel gobierno de (Omar) Perotti es una decepci\u00f3n\u201d y critic\u00f3 la improvisaci\u00f3n y la falta de equipos. \u201cA este gobierno la provincia le queda grande, lleg\u00f3 sin escala, sin equipo y lo est\u00e1n sufriendo los santafesinos y santafesinas\u201d, sostuvo la legisladora durante una recorrida por las ciudades de Recreo, Laguna Paiva, y Esperanza, primera colonia agr\u00edcola de Santa Fe.<br>\u201cMuchas obras quedaron interrumpidas, se dejaron sin efecto programas sociales como el Plan Abre y el Nueva Oportunidad, no se apoy\u00f3 al trabajo y la producci\u00f3n, cuando m\u00e1s se necesitaba en este a\u00f1o y medio que llevamos en pandemia\u201d, enumer\u00f3 Garc\u00eda, quien agreg\u00f3: \u201cEl interior productivo de Santa Fe valora el esfuerzo y el trabajo y nosotros con este equipo vamos a recuperarlo\u201d.&nbsp;<br>Garc\u00eda indic\u00f3 tambi\u00e9n que la provincia tuvo senadores que \u201cse callaron la boca durante a\u00f1os o levantaron la mano por una obediencia partidaria\u201d, y dijo que Santa Fe se qued\u00f3 sin una voz que defienda sus intereses.&nbsp;<br>\u201cEn otras provincias hay legisladores que s\u00ed tienen puesta la camiseta y nos vienen ganando. Aqu\u00ed estamos en la cuna de la agricultura, de la investigaci\u00f3n y del agregado de valor, \u00bfpueden creer que las provincias petroleras nos ganaron y votaron una ley de biocombustible que perjudica a la producci\u00f3n de la bioeconom\u00eda Santa Fe? \u00bfPueden creer que en la hidrov\u00eda est\u00e9n ganando provincias como Buenos Aires que quieren que vayan a sus puertos, cuando nosotros somos el productor, el granero, el agregado de valor y de trabajo tan importante? Hay mucho por hacer en el senado por Santa Fe que despu\u00e9s impacta en la vida cotidiana\u201d.&nbsp;<br>La precandidata se refiri\u00f3 tambi\u00e9n al Frente que integra, que actualmente est\u00e1 compuesto por nueve partidos y remarc\u00f3 \u201cque si hay algo para destacar es que apoyamos a la producci\u00f3n y el empleo\u201d.&nbsp;<br>\u201cEn estos d\u00edas lo hemos visto a Perotti y su gente correr muy r\u00e1pido a los brazos de Cristina (Fern\u00e1ndez), y as\u00ed le sueltan la mano al campo. Tan r\u00e1pido como fueron al Instituto Patria tendr\u00edan que haber ido a proteger a Santa Fe para que se pague la deuda de 100 mil millones de pesos. \u00bfSe imaginan cu\u00e1nta obra y cu\u00e1nto trabajo santafesino se podr\u00eda recuperar si esa deuda se paga?\u201d.<br>Clara Garc\u00eda se refiri\u00f3 finalmente al acto eleccionario el pr\u00f3ximo 12 de septiembre, que dijo ser\u00e1 diferente por la situaci\u00f3n de pandemia y llam\u00f3 a estar atentos porque algunos lugares de votaci\u00f3n cambiaron. De todas maneras destac\u00f3 la importancia de participar de la vida democr\u00e1tica. \u201cSabemos que la gente ese domingo saca fuerzas y elige y queremos que nos elijan a M\u00f3nica Fein como diputada y a m\u00ed, que soy Clara, para el Senado\u201d.\n\n<\/p>\n","protected":false},"excerpt":{"rendered":"<p>La precandidata a senadora nacional por el FAP afirm\u00f3 defender\u00e1 la producci\u00f3n, el valor agregado y el trabajo santafesino. Critic\u00f3 la improvisaci\u00f3n y la falta de equipo del gobierno provincial y a los que llegan a la pol\u00edtica sin vocaci\u00f3n de servicio._La precandidata a senadora nacional por la lista Adelante, del Frente Amplio Progresista (FAP), <a href=\"https:\/\/armstrongyregion.com.ar\/diario\/clara-garcia-perotti-se-abrazo-a-cristina-y-le-solto-la-mano-a-santa-fe\/\" title=\"Read more\" >&#8230;<\/a><\/p>\n","protected":false},"author":1,"featured_media":31400,"comment_status":"open","ping_status":"open","sticky":false,"template":"","format":"image","meta":{"_jetpack_memberships_contains_paid_content":false,"footnotes":"","jetpack_publicize_message":"","jetpack_publicize_feature_enabled":true,"jetpack_social_post_already_shared":true,"jetpack_social_options":{"image_generator_settings":{"template":"highway","default_image_id":0,"enabled":false},"version":2}},"categories":[8,1,2,7,3],"tags":[],"class_list":["post-31399","post","type-post","status-publish","format-image","has-post-thumbnail","hentry","category-deliberando","category-diario-armstrong","category-locales","category-politica","category-region","post_format-post-format-image"],"jetpack_publicize_connections":[],"jetpack_featured_media_url":"https:\/\/armstrongyregion.com.ar\/diario\/wp-content\/uploads\/2021\/08\/clara-garcia-11-agosto-.jpg","jetpack_shortlink":"https:\/\/wp.me\/p62QDO-8ar","jetpack_sharing_enabled":true,"amp_enabled":true,"_links":{"self":[{"href":"https:\/\/armstrongyregion.com.ar\/diario\/wp-json\/wp\/v2\/posts\/31399","targetHints":{"allow":["GET"]}}],"collection":[{"href":"https:\/\/armstrongyregion.com.ar\/diario\/wp-json\/wp\/v2\/posts"}],"about":[{"href":"https:\/\/armstrongyregion.com.ar\/diario\/wp-json\/wp\/v2\/types\/post"}],"author":[{"embeddable":true,"href":"https:\/\/armstrongyregion.com.ar\/diario\/wp-json\/wp\/v2\/users\/1"}],"replies":[{"embeddable":true,"href":"https:\/\/armstrongyregion.com.ar\/diario\/wp-json\/wp\/v2\/comments?post=31399"}],"version-history":[{"count":1,"href":"https:\/\/armstrongyregion.com.ar\/diario\/wp-json\/wp\/v2\/posts\/31399\/revisions"}],"predecessor-version":[{"id":31401,"href":"https:\/\/armstrongyregion.com.ar\/diario\/wp-json\/wp\/v2\/posts\/31399\/revisions\/31401"}],"wp:featuredmedia":[{"embeddable":true,"href":"https:\/\/armstrongyregion.com.ar\/diario\/wp-json\/wp\/v2\/media\/31400"}],"wp:attachment":[{"href":"https:\/\/armstrongyregion.com.ar\/diario\/wp-json\/wp\/v2\/media?parent=31399"}],"wp:term":[{"taxonomy":"category","embeddable":true,"href":"https:\/\/armstrongyregion.com.ar\/diario\/wp-json\/wp\/v2\/categories?post=31399"},{"taxonomy":"post_tag","embeddable":true,"href":"https:\/\/armstrongyregion.com.ar\/diario\/wp-json\/wp\/v2\/tags?post=31399"}],"curies":[{"name":"wp","href":"https:\/\/api.w.org\/{rel}","templated":true}]}}