{"id":31371,"date":"2021-08-10T23:42:26","date_gmt":"2021-08-10T23:42:26","guid":{"rendered":"https:\/\/armstrongyregion.com.ar\/diario\/?p=31371"},"modified":"2021-08-10T23:42:29","modified_gmt":"2021-08-10T23:42:29","slug":"clerici-concreta-nuevos-avances-en-viviendas-para-la-ciudad","status":"publish","type":"post","link":"https:\/\/armstrongyregion.com.ar\/diario\/clerici-concreta-nuevos-avances-en-viviendas-para-la-ciudad\/","title":{"rendered":"Cl\u00e9rici concreta nuevos avances en viviendas para la ciudad."},"content":{"rendered":"\n<figure class=\"wp-block-image size-large\"><img loading=\"lazy\" decoding=\"async\" width=\"640\" height=\"427\" src=\"http:\/\/armstrongyregion.com.ar\/diario\/wp-content\/uploads\/2021\/08\/WhatsApp-Image-2021-08-09-at-13.38.16.jpg\" alt=\"\" class=\"wp-image-31372\" srcset=\"https:\/\/armstrongyregion.com.ar\/diario\/wp-content\/uploads\/2021\/08\/WhatsApp-Image-2021-08-09-at-13.38.16.jpg 640w, https:\/\/armstrongyregion.com.ar\/diario\/wp-content\/uploads\/2021\/08\/WhatsApp-Image-2021-08-09-at-13.38.16-300x200.jpg 300w\" sizes=\"auto, (max-width: 640px) 100vw, 640px\" \/><\/figure>\n\n\n\n<p><\/p>\n\n\n\n<p>La intendenta Stella Cl\u00e9rici junto al presidente del Concejo Marcelo Casalegno, acompa\u00f1ados por la ministra de Infraestructura Silvina Frana y el senador Marcelo Lewandowski, participaron de la apertura de sobres de la primera etapa para la culminaci\u00f3n de las 10 viviendas para municipales.<br>Dentro del convenio firmado por el Municipio en el \u201cPrograma Reconstruir\u201d, esta etapa que se licit\u00f3 y se presentaron cuatro oferentes incluye aberturas, revoque interior y exterior, instalaciones de gas. En la misma jornada, Cl\u00e9rici y Frana firmaron el convenio del Programa \u201cLote Propio\u201d para la gesti\u00f3n y ejecuci\u00f3n de m\u00e1s soluciones habitaciones. \u201cSeguimos trabajando por m\u00e1s viviendas para los ca\u00f1adenses dentro del Plan de 300 soluciones habitacionales, presentado semanas atr\u00e1s\u201d, expres\u00f3 la intendenta.\n\n<\/p>\n","protected":false},"excerpt":{"rendered":"<p>La intendenta Stella Cl\u00e9rici junto al presidente del Concejo Marcelo Casalegno, acompa\u00f1ados por la ministra de Infraestructura Silvina Frana y el senador Marcelo Lewandowski, participaron de la apertura de sobres de la primera etapa para la culminaci\u00f3n de las 10 viviendas para municipales.Dentro del convenio firmado por el Municipio en el \u201cPrograma Reconstruir\u201d, esta etapa <a href=\"https:\/\/armstrongyregion.com.ar\/diario\/clerici-concreta-nuevos-avances-en-viviendas-para-la-ciudad\/\" title=\"Read more\" >&#8230;<\/a><\/p>\n","protected":false},"author":1,"featured_media":31372,"comment_status":"open","ping_status":"open","sticky":false,"template":"","format":"image","meta":{"_jetpack_memberships_contains_paid_content":false,"footnotes":"","jetpack_publicize_message":"","jetpack_publicize_feature_enabled":true,"jetpack_social_post_already_shared":true,"jetpack_social_options":{"image_generator_settings":{"template":"highway","default_image_id":0,"enabled":false},"version":2}},"categories":[8,1,7,3],"tags":[],"class_list":["post-31371","post","type-post","status-publish","format-image","has-post-thumbnail","hentry","category-deliberando","category-diario-armstrong","category-politica","category-region","post_format-post-format-image"],"jetpack_publicize_connections":[],"jetpack_featured_media_url":"https:\/\/armstrongyregion.com.ar\/diario\/wp-content\/uploads\/2021\/08\/WhatsApp-Image-2021-08-09-at-13.38.16.jpg","jetpack_shortlink":"https:\/\/wp.me\/p62QDO-89Z","jetpack_sharing_enabled":true,"amp_enabled":true,"_links":{"self":[{"href":"https:\/\/armstrongyregion.com.ar\/diario\/wp-json\/wp\/v2\/posts\/31371","targetHints":{"allow":["GET"]}}],"collection":[{"href":"https:\/\/armstrongyregion.com.ar\/diario\/wp-json\/wp\/v2\/posts"}],"about":[{"href":"https:\/\/armstrongyregion.com.ar\/diario\/wp-json\/wp\/v2\/types\/post"}],"author":[{"embeddable":true,"href":"https:\/\/armstrongyregion.com.ar\/diario\/wp-json\/wp\/v2\/users\/1"}],"replies":[{"embeddable":true,"href":"https:\/\/armstrongyregion.com.ar\/diario\/wp-json\/wp\/v2\/comments?post=31371"}],"version-history":[{"count":1,"href":"https:\/\/armstrongyregion.com.ar\/diario\/wp-json\/wp\/v2\/posts\/31371\/revisions"}],"predecessor-version":[{"id":31373,"href":"https:\/\/armstrongyregion.com.ar\/diario\/wp-json\/wp\/v2\/posts\/31371\/revisions\/31373"}],"wp:featuredmedia":[{"embeddable":true,"href":"https:\/\/armstrongyregion.com.ar\/diario\/wp-json\/wp\/v2\/media\/31372"}],"wp:attachment":[{"href":"https:\/\/armstrongyregion.com.ar\/diario\/wp-json\/wp\/v2\/media?parent=31371"}],"wp:term":[{"taxonomy":"category","embeddable":true,"href":"https:\/\/armstrongyregion.com.ar\/diario\/wp-json\/wp\/v2\/categories?post=31371"},{"taxonomy":"post_tag","embeddable":true,"href":"https:\/\/armstrongyregion.com.ar\/diario\/wp-json\/wp\/v2\/tags?post=31371"}],"curies":[{"name":"wp","href":"https:\/\/api.w.org\/{rel}","templated":true}]}}