{"id":31360,"date":"2021-08-10T00:23:24","date_gmt":"2021-08-10T00:23:24","guid":{"rendered":"https:\/\/armstrongyregion.com.ar\/diario\/?p=31360"},"modified":"2021-08-10T00:23:26","modified_gmt":"2021-08-10T00:23:26","slug":"la-diputada-nacional-lucila-lehmann-rechaza-la-instalacion-de-la-salada-en-la-provincia-de-santa-fe","status":"publish","type":"post","link":"https:\/\/armstrongyregion.com.ar\/diario\/la-diputada-nacional-lucila-lehmann-rechaza-la-instalacion-de-la-salada-en-la-provincia-de-santa-fe\/","title":{"rendered":"La diputada nacional Lucila Lehmann rechaza la instalaci\u00f3n de La Salada en la provincia de Santa Fe."},"content":{"rendered":"\n<figure class=\"wp-block-image size-large\"><img loading=\"lazy\" decoding=\"async\" width=\"640\" height=\"426\" src=\"http:\/\/armstrongyregion.com.ar\/diario\/wp-content\/uploads\/2021\/08\/Lucila-Lehmann.-foto.jpg\" alt=\"\" class=\"wp-image-31361\" srcset=\"https:\/\/armstrongyregion.com.ar\/diario\/wp-content\/uploads\/2021\/08\/Lucila-Lehmann.-foto.jpg 640w, https:\/\/armstrongyregion.com.ar\/diario\/wp-content\/uploads\/2021\/08\/Lucila-Lehmann.-foto-300x200.jpg 300w\" sizes=\"auto, (max-width: 640px) 100vw, 640px\" \/><\/figure>\n\n\n\n<h2 class=\"wp-block-heading\"> \u201cPermitir en Santa Fe una feria La Salada es estar autorizando algo que est\u00e1 al margen de la ley\u201d, expres\u00f3 la legisladora de Juntos por el Cambio, quien adem\u00e1s solicit\u00f3 un pedido de acceso a la informaci\u00f3n a la provincia para que env\u00ede toda la documentaci\u00f3n relativa a la instalaci\u00f3n de la feria.<\/h2>\n\n\n\n<p>\n\nLa diputada nacional de Juntos por el Cambio, Lucila Lehmann, se manifest\u00f3 en contra de la instalaci\u00f3n de la feria La Salada, que se planea realizar sobre el&nbsp; km 417 de la ex ruta nacional N\u00b0 9, cerca del Autom\u00f3vil Club Argentino (ACA) de Tortugas.&nbsp;\u201cPermitir en Santa Fe una feria La Salada es estar autorizando algo que est\u00e1 al margen de la ley. Por ese motivo, pedimos de forma urgente al Gobierno provincial informe bajo qu\u00e9 condiciones se est\u00e1 autorizando dicha feria. Somos solidarios con FECECO (Federaci\u00f3n de C\u00e1maras Empresarias del Comercio y Otras actividades de la Provincia de Santa Fe) y necesitamos que los poderes legislativo y ejecutivo de Santa Fe, rechacen firmemente este tipo de iniciativas de comercio ilegal en nuestra provincia.La instalaci\u00f3n de la feria fue anunciada por Jorge Castillo, quien se encuentra actualmente procesado, con prisi\u00f3n preventiva, antecedentes de extorsi\u00f3n, amenazas, evasi\u00f3n impositiva, resistencia a la autoridad y varios \u201cm\u00e9ritos\u201d m\u00e1s.&nbsp;\u201cSanta Fe padece esta clase de gente hace tiempo, personas que act\u00faan al margen de la ley en los negocios: ll\u00e1mense ferias de ropa, juego clandestino o narcotr\u00e1fico\u201d, sostuvo Lehmann.&nbsp;\u201cLejos de promover el desarrollo comercial, emprendimientos de este tipo promueven la ilegalidad, evasi\u00f3n impositiva, falsificaci\u00f3n de marcas y la precarizaci\u00f3n del empleo. La llamada \u201csaladita\u201d est\u00e1 en las ant\u00edpodas del modelo de desarrollo que debemos fomentar, por lo que rechazamos que el gobierno provincial avale estas iniciativas en nuestra provincia\u201d, concluy\u00f3 la diputada de la Coalici\u00f3n C\u00edvica.\n\n<\/p>\n","protected":false},"excerpt":{"rendered":"<p>\u201cPermitir en Santa Fe una feria La Salada es estar autorizando algo que est\u00e1 al margen de la ley\u201d, expres\u00f3 la legisladora de Juntos por el Cambio, quien adem\u00e1s solicit\u00f3 un pedido de acceso a la informaci\u00f3n a la provincia para que env\u00ede toda la documentaci\u00f3n relativa a la instalaci\u00f3n de la feria. La diputada <a href=\"https:\/\/armstrongyregion.com.ar\/diario\/la-diputada-nacional-lucila-lehmann-rechaza-la-instalacion-de-la-salada-en-la-provincia-de-santa-fe\/\" title=\"Read more\" >&#8230;<\/a><\/p>\n","protected":false},"author":1,"featured_media":31361,"comment_status":"open","ping_status":"open","sticky":false,"template":"","format":"image","meta":{"_jetpack_memberships_contains_paid_content":false,"footnotes":"","jetpack_publicize_message":"","jetpack_publicize_feature_enabled":true,"jetpack_social_post_already_shared":true,"jetpack_social_options":{"image_generator_settings":{"template":"highway","default_image_id":0,"enabled":false},"version":2}},"categories":[8,1,2,7,3],"tags":[],"class_list":["post-31360","post","type-post","status-publish","format-image","has-post-thumbnail","hentry","category-deliberando","category-diario-armstrong","category-locales","category-politica","category-region","post_format-post-format-image"],"jetpack_publicize_connections":[],"jetpack_featured_media_url":"https:\/\/armstrongyregion.com.ar\/diario\/wp-content\/uploads\/2021\/08\/Lucila-Lehmann.-foto.jpg","jetpack_shortlink":"https:\/\/wp.me\/p62QDO-89O","jetpack_sharing_enabled":true,"amp_enabled":true,"_links":{"self":[{"href":"https:\/\/armstrongyregion.com.ar\/diario\/wp-json\/wp\/v2\/posts\/31360","targetHints":{"allow":["GET"]}}],"collection":[{"href":"https:\/\/armstrongyregion.com.ar\/diario\/wp-json\/wp\/v2\/posts"}],"about":[{"href":"https:\/\/armstrongyregion.com.ar\/diario\/wp-json\/wp\/v2\/types\/post"}],"author":[{"embeddable":true,"href":"https:\/\/armstrongyregion.com.ar\/diario\/wp-json\/wp\/v2\/users\/1"}],"replies":[{"embeddable":true,"href":"https:\/\/armstrongyregion.com.ar\/diario\/wp-json\/wp\/v2\/comments?post=31360"}],"version-history":[{"count":1,"href":"https:\/\/armstrongyregion.com.ar\/diario\/wp-json\/wp\/v2\/posts\/31360\/revisions"}],"predecessor-version":[{"id":31362,"href":"https:\/\/armstrongyregion.com.ar\/diario\/wp-json\/wp\/v2\/posts\/31360\/revisions\/31362"}],"wp:featuredmedia":[{"embeddable":true,"href":"https:\/\/armstrongyregion.com.ar\/diario\/wp-json\/wp\/v2\/media\/31361"}],"wp:attachment":[{"href":"https:\/\/armstrongyregion.com.ar\/diario\/wp-json\/wp\/v2\/media?parent=31360"}],"wp:term":[{"taxonomy":"category","embeddable":true,"href":"https:\/\/armstrongyregion.com.ar\/diario\/wp-json\/wp\/v2\/categories?post=31360"},{"taxonomy":"post_tag","embeddable":true,"href":"https:\/\/armstrongyregion.com.ar\/diario\/wp-json\/wp\/v2\/tags?post=31360"}],"curies":[{"name":"wp","href":"https:\/\/api.w.org\/{rel}","templated":true}]}}