{"id":31354,"date":"2021-08-09T21:39:29","date_gmt":"2021-08-09T21:39:29","guid":{"rendered":"https:\/\/armstrongyregion.com.ar\/diario\/?p=31354"},"modified":"2021-08-09T21:39:31","modified_gmt":"2021-08-09T21:39:31","slug":"la-provincia-firmo-convenios-para-promocion-de-derechos-con-localidades-de-los-departamentos-caseros-e-iriondo","status":"publish","type":"post","link":"https:\/\/armstrongyregion.com.ar\/diario\/la-provincia-firmo-convenios-para-promocion-de-derechos-con-localidades-de-los-departamentos-caseros-e-iriondo\/","title":{"rendered":"La provincia firm\u00f3 convenios para promoci\u00f3n de derechos con localidades de los departamentos Caseros e Iriondo."},"content":{"rendered":"\n<figure class=\"wp-block-image size-large\"><img loading=\"lazy\" decoding=\"async\" width=\"570\" height=\"320\" src=\"http:\/\/armstrongyregion.com.ar\/diario\/wp-content\/uploads\/2021\/08\/ni\u00f1os-ni\u00f1as-.jpg\" alt=\"\" class=\"wp-image-31355\" srcset=\"https:\/\/armstrongyregion.com.ar\/diario\/wp-content\/uploads\/2021\/08\/ni\u00f1os-ni\u00f1as-.jpg 570w, https:\/\/armstrongyregion.com.ar\/diario\/wp-content\/uploads\/2021\/08\/ni\u00f1os-ni\u00f1as--300x168.jpg 300w\" sizes=\"auto, (max-width: 570px) 100vw, 570px\" \/><\/figure>\n\n\n\n<h2 class=\"wp-block-heading\"> Para fortalecer instituciones que trabajan con ni\u00f1os, ni\u00f1as y adolescentes. <\/h2>\n\n\n\n<p>\n\nEn la jornada del lunes, en las localidades de Casilda y Ca\u00f1ada de G\u00f3mez, el Ministerio de Desarrollo Social, por intermedio de la Secretar\u00eda de Ni\u00f1ez, Adolescencia y Familia, refrend\u00f3 convenios con localidades e instituciones pertenecientes a los departamentos de Caseros e Iriondo que trabajan de manera directa con ni\u00f1os, ni\u00f1as y adolescentes.<\/p>\n\n\n\n<p>Cabe destacar, que adem\u00e1s de con los Centros de D\u00eda, se rubricaron acuerdos con servicios locales y centros residenciales de municipios y comunas de ambos departamentos, lo que demand\u00f3 una inversi\u00f3n del Estado de m\u00e1s de 25 millones de pesos, destinados a infraestructura, servicios y compra de insumos.<\/p>\n\n\n\n<p>Durante la jornada, el ministro de Desarrollo Social, Danilo Capitani, asever\u00f3: \u201cNuestra gesti\u00f3n ha puesto siempre en primer lugar el tema de la ni\u00f1ez a trav\u00e9s de la transferencia de recursos que se vierten permanentemente a un sector tan complejo en cuanto a la vulnerabilidad social que afronta\u00bb.<\/p>\n\n\n\n<p>Y agreg\u00f3: \u201cLos Centros de D\u00eda que promovemos son fundamentales en las tareas de acompa\u00f1amiento para con esos ni\u00f1os, ni\u00f1as y adolescentes que necesitan de la presencia del Estado, con el objetivo de mejorar la calidad de vida de los mismos apostando al futuro\u201d.<\/p>\n\n\n\n<p>Por su parte, el senador por el departamento Caseros, Eduardo Rosconi manifest\u00f3 que \u201cel Estado debe estar presente para solucionar las problem\u00e1ticas que surgen en la sociedad, afianzando pol\u00edticas p\u00fablicas, como en este caso a partir de potenciar los Centros de D\u00eda, para que se corrijan las falencias que aparecen en el \u00e1mbito de la ni\u00f1ez\u201d.<\/p>\n\n\n\n<p>En tanto, el senador por el departamento Rosario, Marcelo Lewandowski afirm\u00f3: \u00abAtravesamos momentos complicados y en especial en la tem\u00e1tica de infancia, por lo que es fundamental el apoyo en territorio del Estado junto a la comunidad organizada\u00bb.<\/p>\n\n\n\n<p>M\u00e1s adelante, destac\u00f3 la labor que realizan y la calific\u00f3 de \u00abencomiable\u201d a la vez que inst\u00f3 a \u201cseguir trabajando de manera conjunta, con un ida y vuelta permanente para solucionar los diversos problemas sociales\u201d.<\/p>\n\n\n\n<p>En esta oportunidad, fueron beneficiadas con aportes del Ministerio de Desarrollo Social, la municipalidad de Casilda y las comunas de Arequito, Cha\u00f1ar Ladeado, Los Quirquinchos, Sanford, Bigand y Villada, por el departamento Caseros; y la municipalidad de Ca\u00f1ada de G\u00f3mez, las comunas de Correa, Bustinza y Serodino, e instituciones del departamento Iriondo.<\/p>\n\n\n\n<p><strong>LOS CONVENIOS<\/strong><br>Son parte del programa Centros de D\u00eda para Ni\u00f1os, Ni\u00f1as y Adolescentes, cuyo objetivo es el otorgamiento de asistencia financiera a municipios y comunas, organizaciones no gubernamentales, personas f\u00edsicas que representen a movimientos u organizaciones sociales estables, que posean dichos centros.<\/p>\n\n\n\n<p>La asistencia est\u00e1 destinada a potenciar y fortalecer el funcionamiento de las instituciones, como contraprestaci\u00f3n de los servicios para la asistencia de ni\u00f1os, ni\u00f1as y adolescentes derivados, contemplando adem\u00e1s el mejoramiento de la infraestructura, profesionalizaci\u00f3n de los recursos humanos, movilidad, becas y equipamiento.<\/p>\n\n\n\n<p><strong>PRESENTES<\/strong><br>Acompa\u00f1aron al ministro y los senadores, la secretaria de Ni\u00f1ez, Adolescencia y Familia, Patricia Chialvo, y autoridades de los municipios y comunas y representantes de las instituciones beneficiarias.<\/p>\n","protected":false},"excerpt":{"rendered":"<p>Para fortalecer instituciones que trabajan con ni\u00f1os, ni\u00f1as y adolescentes. En la jornada del lunes, en las localidades de Casilda y Ca\u00f1ada de G\u00f3mez, el Ministerio de Desarrollo Social, por intermedio de la Secretar\u00eda de Ni\u00f1ez, Adolescencia y Familia, refrend\u00f3 convenios con localidades e instituciones pertenecientes a los departamentos de Caseros e Iriondo que trabajan <a href=\"https:\/\/armstrongyregion.com.ar\/diario\/la-provincia-firmo-convenios-para-promocion-de-derechos-con-localidades-de-los-departamentos-caseros-e-iriondo\/\" title=\"Read more\" >&#8230;<\/a><\/p>\n","protected":false},"author":1,"featured_media":31355,"comment_status":"open","ping_status":"open","sticky":false,"template":"","format":"image","meta":{"_jetpack_memberships_contains_paid_content":false,"footnotes":"","jetpack_publicize_message":"","jetpack_publicize_feature_enabled":true,"jetpack_social_post_already_shared":true,"jetpack_social_options":{"image_generator_settings":{"template":"highway","default_image_id":0,"enabled":false},"version":2}},"categories":[8,1,7,3],"tags":[],"class_list":["post-31354","post","type-post","status-publish","format-image","has-post-thumbnail","hentry","category-deliberando","category-diario-armstrong","category-politica","category-region","post_format-post-format-image"],"jetpack_publicize_connections":[],"jetpack_featured_media_url":"https:\/\/armstrongyregion.com.ar\/diario\/wp-content\/uploads\/2021\/08\/ni\u00f1os-ni\u00f1as-.jpg","jetpack_shortlink":"https:\/\/wp.me\/p62QDO-89I","jetpack_sharing_enabled":true,"amp_enabled":true,"_links":{"self":[{"href":"https:\/\/armstrongyregion.com.ar\/diario\/wp-json\/wp\/v2\/posts\/31354","targetHints":{"allow":["GET"]}}],"collection":[{"href":"https:\/\/armstrongyregion.com.ar\/diario\/wp-json\/wp\/v2\/posts"}],"about":[{"href":"https:\/\/armstrongyregion.com.ar\/diario\/wp-json\/wp\/v2\/types\/post"}],"author":[{"embeddable":true,"href":"https:\/\/armstrongyregion.com.ar\/diario\/wp-json\/wp\/v2\/users\/1"}],"replies":[{"embeddable":true,"href":"https:\/\/armstrongyregion.com.ar\/diario\/wp-json\/wp\/v2\/comments?post=31354"}],"version-history":[{"count":1,"href":"https:\/\/armstrongyregion.com.ar\/diario\/wp-json\/wp\/v2\/posts\/31354\/revisions"}],"predecessor-version":[{"id":31356,"href":"https:\/\/armstrongyregion.com.ar\/diario\/wp-json\/wp\/v2\/posts\/31354\/revisions\/31356"}],"wp:featuredmedia":[{"embeddable":true,"href":"https:\/\/armstrongyregion.com.ar\/diario\/wp-json\/wp\/v2\/media\/31355"}],"wp:attachment":[{"href":"https:\/\/armstrongyregion.com.ar\/diario\/wp-json\/wp\/v2\/media?parent=31354"}],"wp:term":[{"taxonomy":"category","embeddable":true,"href":"https:\/\/armstrongyregion.com.ar\/diario\/wp-json\/wp\/v2\/categories?post=31354"},{"taxonomy":"post_tag","embeddable":true,"href":"https:\/\/armstrongyregion.com.ar\/diario\/wp-json\/wp\/v2\/tags?post=31354"}],"curies":[{"name":"wp","href":"https:\/\/api.w.org\/{rel}","templated":true}]}}