{"id":3134,"date":"2015-07-17T04:51:59","date_gmt":"2015-07-17T04:51:59","guid":{"rendered":"https:\/\/armstrongyregion.com.ar\/diario\/?p=3134"},"modified":"2015-07-17T04:51:59","modified_gmt":"2015-07-17T04:51:59","slug":"armstrong-festejos-por-el-dia-del-amigo","status":"publish","type":"post","link":"https:\/\/armstrongyregion.com.ar\/diario\/armstrong-festejos-por-el-dia-del-amigo\/","title":{"rendered":"Armstrong. Festejos por el D\u00eda del Amigo."},"content":{"rendered":"<p><a href=\"http:\/\/armstrongyregion.com.ar\/diario\/wp-content\/uploads\/2015\/07\/placa-dia-del-amigo-2015.jpg\"><img loading=\"lazy\" decoding=\"async\" class=\"alignnone size-medium wp-image-3135\" src=\"http:\/\/armstrongyregion.com.ar\/diario\/wp-content\/uploads\/2015\/07\/placa-dia-del-amigo-2015-300x213.jpg\" alt=\"placa dia del amigo 2015\" width=\"300\" height=\"213\" srcset=\"https:\/\/armstrongyregion.com.ar\/diario\/wp-content\/uploads\/2015\/07\/placa-dia-del-amigo-2015-300x213.jpg 300w, https:\/\/armstrongyregion.com.ar\/diario\/wp-content\/uploads\/2015\/07\/placa-dia-del-amigo-2015-1024x728.jpg 1024w\" sizes=\"auto, (max-width: 300px) 100vw, 300px\" \/><\/a>La Municipalidad de Armstrong a trav\u00e9s del Departamento de Juventud invita a participar de los festejos por el D\u00eda del Amigo que se realizar\u00e1n el domingo 19 de julio desde las 14 hs. en Plaza Flotron.<\/p>\n<p>Participar\u00e1n los integrantes de la Feria Sabores y Colores Locales ofreciendo al p\u00fablico todas sus producciones artesanales, y habr\u00e1 servicio de buffet.<\/p>\n<p>En la parte art\u00edstica se podr\u00e1 disfrutar de la mejor m\u00fasica con el grupo El Ideal, y habr\u00e1 juegos de mesa disponibles para que grandes y chicos pasen una tarde diferente junto a sus amigos.<\/p>\n<p>En caso de lluvia el evento ser\u00e1 suspendido.<\/p>\n","protected":false},"excerpt":{"rendered":"<p>La Municipalidad de Armstrong a trav\u00e9s del Departamento de Juventud invita a participar de los festejos por el D\u00eda del Amigo que se realizar\u00e1n el domingo 19 de julio desde las 14 hs. en Plaza Flotron. Participar\u00e1n los integrantes de la Feria Sabores y Colores Locales ofreciendo al p\u00fablico todas sus producciones artesanales, y habr\u00e1 <a href=\"https:\/\/armstrongyregion.com.ar\/diario\/armstrong-festejos-por-el-dia-del-amigo\/\" title=\"Read more\" >&#8230;<\/a><\/p>\n","protected":false},"author":2,"featured_media":3135,"comment_status":"open","ping_status":"open","sticky":false,"template":"","format":"standard","meta":{"_jetpack_memberships_contains_paid_content":false,"footnotes":"","jetpack_publicize_message":"","jetpack_publicize_feature_enabled":true,"jetpack_social_post_already_shared":false,"jetpack_social_options":{"image_generator_settings":{"template":"highway","default_image_id":0,"enabled":false},"version":2}},"categories":[1,2],"tags":[2289,20,53,793,16,841,60],"class_list":["post-3134","post","type-post","status-publish","format-standard","has-post-thumbnail","hentry","category-diario-armstrong","category-locales","tag-amigo","tag-armstrong","tag-del","tag-dia","tag-el","tag-festejos","tag-por"],"jetpack_publicize_connections":[],"jetpack_featured_media_url":"https:\/\/armstrongyregion.com.ar\/diario\/wp-content\/uploads\/2015\/07\/placa-dia-del-amigo-2015.jpg","jetpack_shortlink":"https:\/\/wp.me\/p62QDO-Oy","jetpack_sharing_enabled":true,"amp_enabled":true,"_links":{"self":[{"href":"https:\/\/armstrongyregion.com.ar\/diario\/wp-json\/wp\/v2\/posts\/3134","targetHints":{"allow":["GET"]}}],"collection":[{"href":"https:\/\/armstrongyregion.com.ar\/diario\/wp-json\/wp\/v2\/posts"}],"about":[{"href":"https:\/\/armstrongyregion.com.ar\/diario\/wp-json\/wp\/v2\/types\/post"}],"author":[{"embeddable":true,"href":"https:\/\/armstrongyregion.com.ar\/diario\/wp-json\/wp\/v2\/users\/2"}],"replies":[{"embeddable":true,"href":"https:\/\/armstrongyregion.com.ar\/diario\/wp-json\/wp\/v2\/comments?post=3134"}],"version-history":[{"count":0,"href":"https:\/\/armstrongyregion.com.ar\/diario\/wp-json\/wp\/v2\/posts\/3134\/revisions"}],"wp:featuredmedia":[{"embeddable":true,"href":"https:\/\/armstrongyregion.com.ar\/diario\/wp-json\/wp\/v2\/media\/3135"}],"wp:attachment":[{"href":"https:\/\/armstrongyregion.com.ar\/diario\/wp-json\/wp\/v2\/media?parent=3134"}],"wp:term":[{"taxonomy":"category","embeddable":true,"href":"https:\/\/armstrongyregion.com.ar\/diario\/wp-json\/wp\/v2\/categories?post=3134"},{"taxonomy":"post_tag","embeddable":true,"href":"https:\/\/armstrongyregion.com.ar\/diario\/wp-json\/wp\/v2\/tags?post=3134"}],"curies":[{"name":"wp","href":"https:\/\/api.w.org\/{rel}","templated":true}]}}