{"id":31338,"date":"2021-08-09T02:40:30","date_gmt":"2021-08-09T02:40:30","guid":{"rendered":"https:\/\/armstrongyregion.com.ar\/diario\/?p=31338"},"modified":"2021-08-09T02:40:32","modified_gmt":"2021-08-09T02:40:32","slug":"el-gobernador-perotti-estuvo-en-las-rosas","status":"publish","type":"post","link":"https:\/\/armstrongyregion.com.ar\/diario\/el-gobernador-perotti-estuvo-en-las-rosas\/","title":{"rendered":"El Gobernador Perotti estuvo en Las Rosas."},"content":{"rendered":"\n<figure class=\"wp-block-image size-large\"><img loading=\"lazy\" decoding=\"async\" width=\"411\" height=\"386\" src=\"http:\/\/armstrongyregion.com.ar\/diario\/wp-content\/uploads\/2021\/08\/20210808_233132.jpg\" alt=\"\" class=\"wp-image-31339\" srcset=\"https:\/\/armstrongyregion.com.ar\/diario\/wp-content\/uploads\/2021\/08\/20210808_233132.jpg 411w, https:\/\/armstrongyregion.com.ar\/diario\/wp-content\/uploads\/2021\/08\/20210808_233132-300x282.jpg 300w\" sizes=\"auto, (max-width: 411px) 100vw, 411px\" \/><\/figure>\n\n\n\n<h2 class=\"wp-block-heading\"> El jefe del Ejecutivo provincial convers\u00f3 con el Intendente Meyer , y juntos se hicieron presentes en la Sociedad Italiana, dado el 130\u00b0 aniversario de la Instituci\u00f3n. <\/h2>\n\n\n\n<p>En el d\u00eda de ayer, viernes 6 de agosto, el gobernador de la Provincia de Santa Fe Omar Perotti, realiz\u00f3 una visita a Las Rosas.&nbsp;<em>\u00abLe hab\u00edamos anticipado al Intendente que est\u00e1bamos en actividad en la zona y luego ten\u00edamos que seguir hacia Santa Fe, pero quer\u00edamos pasar por la ciudad, ver algunas obras, y dejar agendada una pr\u00f3xima visita\u00bb,&nbsp;<\/em>expres\u00f3 el primer mandatario provincial.&nbsp;<em>\u00abCuando llegamos aqu\u00ed me comenta que se hab\u00eda retirado del acto del 130\u00b0 Aniversario de la Sociedad Italiana, entonces nos acercamos a conocer la instituci\u00f3n, su edificio, ya que la verdad no tenemos muchas entidades de 130 a\u00f1os en Santa Fe\u00bb.<\/em><\/p>\n\n\n\n<p>Por su parte el Intendente Meyer manifest\u00f3&nbsp;<em>\u00abque hoy fue una sorpresa doble porque tenia una audiencia programada con el Gobernador, pero me dice: no te voy poder recibir en Santa Fe porque voy a estar en la zona. Y se lleg\u00f3 hasta ac\u00e1. Dialogamos sobre la forma que estamos trabajando en obras y tambi\u00e9n de las diferentes gestiones que tenemos en provincia. Adem\u00e1s coincidi\u00f3 con el aniversario de la Sociedad Italiana, y creo que fue la mejor sorpresa que le pudimos dar, traer al se\u00f1or Gobernador de la provincia de Santa Fe, quien fue muy bien recibido y tambi\u00e9n escucho las diferentes cuestiones que aquejan a la Instituci\u00f3n, recorriendo las instalaciones poniendo especial atenci\u00f3n en las cuestiones edilicias de la misma\u00bb.<\/em><\/p>\n\n\n\n<figure class=\"wp-block-image\"><img decoding=\"async\" src=\"http:\/\/lasrosasdigital.com.ar\/download\/multimedia.normal.9c37518c68d4b717.7065726f747469206974616c69616e61206d657965725f6e6f726d616c2e77656270.webp\" alt=\"perotti italiana meyer\"\/><\/figure>\n\n\n\n<figure class=\"wp-block-image\"><img decoding=\"async\" src=\"http:\/\/lasrosasdigital.com.ar\/download\/multimedia.normal.a4c2563b0080ab2d.6d65796572207065726f7474692061676f737420323032315f6e6f726d616c2e77656270.webp\" alt=\"meyer perotti agost 2021\"\/><\/figure>\n\n\n\n<p>Fuente: Las Rosas Digital.<\/p>\n","protected":false},"excerpt":{"rendered":"<p>El jefe del Ejecutivo provincial convers\u00f3 con el Intendente Meyer , y juntos se hicieron presentes en la Sociedad Italiana, dado el 130\u00b0 aniversario de la Instituci\u00f3n. En el d\u00eda de ayer, viernes 6 de agosto, el gobernador de la Provincia de Santa Fe Omar Perotti, realiz\u00f3 una visita a Las Rosas.&nbsp;\u00abLe hab\u00edamos anticipado al <a href=\"https:\/\/armstrongyregion.com.ar\/diario\/el-gobernador-perotti-estuvo-en-las-rosas\/\" title=\"Read more\" >&#8230;<\/a><\/p>\n","protected":false},"author":1,"featured_media":31339,"comment_status":"open","ping_status":"open","sticky":false,"template":"","format":"image","meta":{"_jetpack_memberships_contains_paid_content":false,"footnotes":"","jetpack_publicize_message":"","jetpack_publicize_feature_enabled":true,"jetpack_social_post_already_shared":true,"jetpack_social_options":{"image_generator_settings":{"template":"highway","default_image_id":0,"enabled":false},"version":2}},"categories":[1],"tags":[],"class_list":["post-31338","post","type-post","status-publish","format-image","has-post-thumbnail","hentry","category-diario-armstrong","post_format-post-format-image"],"jetpack_publicize_connections":[],"jetpack_featured_media_url":"https:\/\/armstrongyregion.com.ar\/diario\/wp-content\/uploads\/2021\/08\/20210808_233132.jpg","jetpack_shortlink":"https:\/\/wp.me\/p62QDO-89s","jetpack_sharing_enabled":true,"amp_enabled":true,"_links":{"self":[{"href":"https:\/\/armstrongyregion.com.ar\/diario\/wp-json\/wp\/v2\/posts\/31338","targetHints":{"allow":["GET"]}}],"collection":[{"href":"https:\/\/armstrongyregion.com.ar\/diario\/wp-json\/wp\/v2\/posts"}],"about":[{"href":"https:\/\/armstrongyregion.com.ar\/diario\/wp-json\/wp\/v2\/types\/post"}],"author":[{"embeddable":true,"href":"https:\/\/armstrongyregion.com.ar\/diario\/wp-json\/wp\/v2\/users\/1"}],"replies":[{"embeddable":true,"href":"https:\/\/armstrongyregion.com.ar\/diario\/wp-json\/wp\/v2\/comments?post=31338"}],"version-history":[{"count":1,"href":"https:\/\/armstrongyregion.com.ar\/diario\/wp-json\/wp\/v2\/posts\/31338\/revisions"}],"predecessor-version":[{"id":31340,"href":"https:\/\/armstrongyregion.com.ar\/diario\/wp-json\/wp\/v2\/posts\/31338\/revisions\/31340"}],"wp:featuredmedia":[{"embeddable":true,"href":"https:\/\/armstrongyregion.com.ar\/diario\/wp-json\/wp\/v2\/media\/31339"}],"wp:attachment":[{"href":"https:\/\/armstrongyregion.com.ar\/diario\/wp-json\/wp\/v2\/media?parent=31338"}],"wp:term":[{"taxonomy":"category","embeddable":true,"href":"https:\/\/armstrongyregion.com.ar\/diario\/wp-json\/wp\/v2\/categories?post=31338"},{"taxonomy":"post_tag","embeddable":true,"href":"https:\/\/armstrongyregion.com.ar\/diario\/wp-json\/wp\/v2\/tags?post=31338"}],"curies":[{"name":"wp","href":"https:\/\/api.w.org\/{rel}","templated":true}]}}