{"id":31330,"date":"2021-08-08T16:36:58","date_gmt":"2021-08-08T16:36:58","guid":{"rendered":"https:\/\/armstrongyregion.com.ar\/diario\/?p=31330"},"modified":"2021-08-08T16:37:00","modified_gmt":"2021-08-08T16:37:00","slug":"el-rey-de-la-salada-se-decidio-por-santa-fe-para-instalar-un-nuevo-paseo-de-compras-a-cielo-abierto","status":"publish","type":"post","link":"https:\/\/armstrongyregion.com.ar\/diario\/el-rey-de-la-salada-se-decidio-por-santa-fe-para-instalar-un-nuevo-paseo-de-compras-a-cielo-abierto\/","title":{"rendered":"\u00abEl rey de La Salada\u00bb se decidi\u00f3 por Santa Fe para instalar un nuevo paseo de compras a cielo abierto."},"content":{"rendered":"\n<figure class=\"wp-block-image size-large\"><img loading=\"lazy\" decoding=\"async\" width=\"642\" height=\"360\" src=\"http:\/\/armstrongyregion.com.ar\/diario\/wp-content\/uploads\/2021\/08\/la-salada-santafesina-estara-el-km-417-la-ex-ruta-9-cerca-del-arroyo-las-tortugas-limite-natural-cordoba.jpg\" alt=\"\" class=\"wp-image-31331\" srcset=\"https:\/\/armstrongyregion.com.ar\/diario\/wp-content\/uploads\/2021\/08\/la-salada-santafesina-estara-el-km-417-la-ex-ruta-9-cerca-del-arroyo-las-tortugas-limite-natural-cordoba.jpg 642w, https:\/\/armstrongyregion.com.ar\/diario\/wp-content\/uploads\/2021\/08\/la-salada-santafesina-estara-el-km-417-la-ex-ruta-9-cerca-del-arroyo-las-tortugas-limite-natural-cordoba-300x168.jpg 300w\" sizes=\"auto, (max-width: 642px) 100vw, 642px\" \/><figcaption> <a href=\"https:\/\/media.lacapital.com.ar\/p\/c17ee91445c2f74880da610e2b77a0bb\/adjuntos\/203\/imagenes\/030\/422\/0030422737\/la-salada-santafesina-estara-el-km-417-la-ex-ruta-9-cerca-del-arroyo-las-tortugas-limite-natural-cordoba.jpg\"><strong>La Salada santafesina estar\u00e1 en el KM 417 de la ex ruta 9, cerca del arroyo Las Tortugas, l\u00edmite natural con C\u00f3rdoba.<\/strong><\/a> <\/figcaption><\/figure>\n\n\n\n<h2 class=\"wp-block-heading\"> Ser\u00e1 en jurisdicci\u00f3n de Tortugas, en el l\u00edmite con C\u00f3rdoba, sobre la ex ruta 9 y a pocos kil\u00f3metros de la intercepci\u00f3n con la autopista. Desde Rosario se podr\u00e1 llegar en solo dos horas.<\/h2>\n\n\n\n<p>Jorge Castillo, el empresario conocido como&nbsp;<strong>\u201cEl rey de&nbsp;<a href=\"https:\/\/www.lacapital.com.ar\/la-salada-a40827\">La Salada<\/a>\u201d finalmente decidi\u00f3 instalar un nuevo paseo de compras a cielo abierto en la provincia de&nbsp;<a href=\"https:\/\/www.lacapital.com.ar\/santa-fe-a22300\">Santa Fe<\/a><\/strong>&nbsp;y eligi\u00f3 un lugar estrat\u00e9gico, tal como lo quer\u00eda cuando comenz\u00f3 a buscar alg\u00fan predio rural cerca de la autopista Rosario\u2013C\u00f3rdoba. Y qu\u00e9 mejor sitio que a pocos kil\u00f3metros de donde se junta con la&nbsp;<strong>ex ruta 9, a la altura de&nbsp;<a href=\"https:\/\/www.lacapital.com.ar\/tortugas-a35956\">Tortugas<\/a>.<\/strong><\/p>\n\n\n\n<p>El empresario confirm\u00f3 a La Capital que la futura Salada estar\u00e1 en jurisdicci\u00f3n de Tortugas, localidad que pertenece a la provincia de Santa Fe, a pocos kil\u00f3metros del l\u00edmite interjurisdiccional con la provincia de C\u00f3rdoba y cuya demarcaci\u00f3n geogr\u00e1fica natural es el arroyo de Las Tortugas.\u00a0<strong>El predio queda a solo dos horas de Rosario\u00a0<\/strong>y se puede llegar por ambas v\u00edas: la autopista o la vieja ruta 9, donde no hay peajes.<\/p>\n\n\n\n<p>\u201cNo me da la fecha para arrancar&nbsp;<strong>el emprendimiento<\/strong>&nbsp;para el D\u00eda de la Madre, como hubiera querido, pero&nbsp;<strong>lo encarar\u00edamos para fin de a\u00f1o.<\/strong>&nbsp;Me interesa instalarme del lado de Santa Fe y seg\u00fan lo que habl\u00e9 con la due\u00f1a (de&nbsp;<strong>la locaci\u00f3n elegida), est\u00e1 sobre el KM 417&nbsp;<\/strong>de la ex ruta 9&#8243;, cerca del Autom\u00f3vil Club Argentino (ACA) de Tortugas\u00bb, precis\u00f3 el mega empresario.<\/p>\n\n\n\n<p>Convencido de que el campo que le ofrecieron a pocos kil\u00f3metros de Tortugas, comuna del departamento Belgrano, es el ideal, Castillo se aventur\u00f3 a decir que&nbsp;<strong>\u201cel lugar y la decisi\u00f3n est\u00e1n\u201d.<\/strong>&nbsp;Sin embargo, aclar\u00f3 que en estos momentos \u201cest\u00e1 complicado el tema de la inversi\u00f3n por lo que&nbsp;<strong>hay que esperar para ver qu\u00e9 pasa con esta pandemia de Covid-19\u201d.<\/strong><\/p>\n\n\n\n<p>En esa l\u00ednea, mencion\u00f3 que con la llegada de la variante Delta al pa\u00eds, \u201chay una psicosis de que se podr\u00edan volver a cerrar los lugares de compras de este tipo pero si vemos c\u00f3mo est\u00e1 el tema de la vacunaci\u00f3n, vamos bien. Da la impresi\u00f3n que se acab\u00f3 el receso y la posibilidad de que nos paren y no nos dejen laburar. Pero si viene esta variante a la que le hacen tanta publicidad y&nbsp;<strong>nos vuelven a cerrar sonamos, porque quedamos a mitad de camino\u201d<\/strong>, analiz\u00f3.<\/p>\n\n\n\n<h3 class=\"wp-block-heading\">F\u00e1cil acceso.<\/h3>\n\n\n\n<p>El lugar mencionado\u00a0<strong>se ubica a poco m\u00e1s de 100 kil\u00f3metros de Rosario y a menos de 300 de la ciudad de C\u00f3rdoba,<\/strong>\u00a0a unas tres horas y media de La Docta.\u00a0<strong>\u201cA\u00fan no compr\u00e9 ni alquil\u00e9 porque no est\u00e1 la situaci\u00f3n econ\u00f3mica para andar movi\u00e9ndonos ahora<\/strong>\u00a0con mi gente (los feriantes). Me da la impresi\u00f3n que voy a arrancar y me voy a quedar a mitad de camino y eso es malo para el negocio, por eso\u00a0<strong>decid\u00ed esperar unos meses\u201d,<\/strong>\u00a0especific\u00f3 el Rey de la Salada.<\/p>\n\n\n\n<p>M\u00e1s all\u00e1 de las adversidades eventuales, Castillo est\u00e1 entusiasmado:<strong>&nbsp;\u201cAvanc\u00e9, porque eleg\u00ed el lugar y eso es fundamental.&nbsp;<\/strong>Es ese, no hay otro.&nbsp;<strong>Tengo la subida y la bajada de la autopista cerca&nbsp;<\/strong>y, si bien es un momento bueno para invertir, teniendo en cuenta las elecciones, voy a esperar un poco m\u00e1s para arrancar\u201d.<\/p>\n\n\n\n<figure class=\"wp-block-image\"><img decoding=\"async\" src=\"https:\/\/media.lacapital.com.ar\/p\/e697f1a4ec881fce33ab4b35a38e1807\/adjuntos\/203\/imagenes\/030\/422\/0030422561\/paseo-compras-la-salada-punta-mogotejpg.jpg?0000-00-00-00-00-00\" alt=\"La Salada de Punta Mogote fue la primera que arm\u00f3 Castillo y es visitada por compradores del todo el pa\u00eds.\"\/><\/figure>\n\n\n\n<p><strong>La Salada de Punta Mogote fue la primera que arm\u00f3 Castillo y es visitada por compradores del todo el pa\u00eds.<\/strong><\/p>\n\n\n\n<p>Asimismo, coment\u00f3 que se encuentra en plena construcci\u00f3n de una galer\u00eda en La Salada de Flores (Buenos Aires) y sigue con el Mega Polo La Salada Cuyo, en Santa Rosa, Mendoza.&nbsp;<strong>\u201cCon todo este revuelo que se arm\u00f3 porque pienso construir un nuevo centro de compras sobre la autopista, aparecieron micros de C\u00f3rdoba y de Rosario en la feria de Mendoza.<\/strong>&nbsp;Adem\u00e1s, porque los precios son igual o mejor que en la Salada de Punta Mogote, en Lomas de Zamora, aunque es una feria m\u00e1s chica, con unos 300 puestos\u201d, relat\u00f3 el empresario.<\/p>\n\n\n\n<p>Por \u00faltimo, adelant\u00f3 que est\u00e1 en pleno proceso de&nbsp;<strong>lanzamiento de un nuevo portal (megapololasalada.com) donde va a estar volcada toda la informaci\u00f3n sobre los desarrollos que tiene<\/strong>&nbsp;en Flores, Mendoza, Lomas de Zamora \u201c<strong>y el que vamos a hacer en Santa Fe\u00bb.<\/strong>&nbsp;<strong>Esta web tiene a su vez un carrito de compras.&nbsp;<\/strong>Vamos a trabajar como lo hace Mercado Libre, pero ser\u00e1 a otro nivel\u201d.<\/p>\n\n\n\n<p><strong>La p\u00e1gina ya se promociona como \u201cMega Polo La Salada,&nbsp;<\/strong>compr\u00e1 como siempre so\u00f1aste sin moverte de tu casa\u201d y se pueden ver los productos con sus respectivos precios y talles, como as\u00ed tambi\u00e9n la opci\u00f3n de \u201ccomprar ya\u201d aprovechando \u201clos mejores precios del mercado\u201d.<\/p>\n\n\n\n<p>Castillo ya hab\u00eda explicado a este diario que&nbsp;<strong>su proyecto para el futuro centro de compras est\u00e1 dise\u00f1ado bajo un modelo constructivo de pospandemia,<\/strong>&nbsp;con pasillos de diez metros de ancho, por donde la gente va a caminar a la intemperie \u00abcomo&nbsp;<strong>un shopping a cielo abierto pero con techos corredizos<\/strong>&nbsp;para no mojarse cuando llueva\u201d.<\/p>\n\n\n\n<p> Ahora deber\u00e1 avanzar con el modelo comercial y definir si la propietaria de la tierra le quiere vender la parcela o participar del negocio, reparti\u00e9ndose lo que se cobra por metro cuadrado a los puesteros. Tambi\u00e9n hab\u00eda explicado cuando anunci\u00f3 su venida para estos lares que<strong>\u00a0la \u00fanica condici\u00f3n era ubicarse lejos de las urbanizaciones, \u201cen el medio del campo,<\/strong>\u00a0solo como loco malo,\u00a0<strong>y cerca de una bajada de la autopista porque la gente necesita entrar r\u00e1pido y salir r\u00e1pido de la feria\u201d.<\/strong> <\/p>\n\n\n\n<figure class=\"wp-block-image\"><a href=\"https:\/\/www.lacapital.com.ar\/delcia-karamoschon-p1281165.html\"><img decoding=\"async\" src=\"https:\/\/media.lacapital.com.ar\/p\/34ff9f6a1da75c91882a32c59b6b51ad\/adjuntos\/203\/autores\/020\/496\/0020496530\/13254735_1182279005123876_7928209884281592623_ojpg.jpg\" alt=\"Delcia\"\/><\/a><\/figure>\n\n\n\n<p>Por&nbsp;<a href=\"https:\/\/www.lacapital.com.ar\/delcia-karamoschon-p1281165.html\">Delcia Karamoschon<\/a><\/p>\n\n\n\n<p><br><\/p>\n","protected":false},"excerpt":{"rendered":"<p>Ser\u00e1 en jurisdicci\u00f3n de Tortugas, en el l\u00edmite con C\u00f3rdoba, sobre la ex ruta 9 y a pocos kil\u00f3metros de la intercepci\u00f3n con la autopista. Desde Rosario se podr\u00e1 llegar en solo dos horas. Jorge Castillo, el empresario conocido como&nbsp;\u201cEl rey de&nbsp;La Salada\u201d finalmente decidi\u00f3 instalar un nuevo paseo de compras a cielo abierto en <a href=\"https:\/\/armstrongyregion.com.ar\/diario\/el-rey-de-la-salada-se-decidio-por-santa-fe-para-instalar-un-nuevo-paseo-de-compras-a-cielo-abierto\/\" title=\"Read more\" >&#8230;<\/a><\/p>\n","protected":false},"author":1,"featured_media":31331,"comment_status":"open","ping_status":"open","sticky":false,"template":"","format":"image","meta":{"_jetpack_memberships_contains_paid_content":false,"footnotes":"","jetpack_publicize_message":"","jetpack_publicize_feature_enabled":true,"jetpack_social_post_already_shared":true,"jetpack_social_options":{"image_generator_settings":{"template":"highway","default_image_id":0,"enabled":false},"version":2}},"categories":[8,1,2,7,3],"tags":[],"class_list":["post-31330","post","type-post","status-publish","format-image","has-post-thumbnail","hentry","category-deliberando","category-diario-armstrong","category-locales","category-politica","category-region","post_format-post-format-image"],"jetpack_publicize_connections":[],"jetpack_featured_media_url":"https:\/\/armstrongyregion.com.ar\/diario\/wp-content\/uploads\/2021\/08\/la-salada-santafesina-estara-el-km-417-la-ex-ruta-9-cerca-del-arroyo-las-tortugas-limite-natural-cordoba.jpg","jetpack_shortlink":"https:\/\/wp.me\/p62QDO-89k","jetpack_sharing_enabled":true,"amp_enabled":true,"_links":{"self":[{"href":"https:\/\/armstrongyregion.com.ar\/diario\/wp-json\/wp\/v2\/posts\/31330","targetHints":{"allow":["GET"]}}],"collection":[{"href":"https:\/\/armstrongyregion.com.ar\/diario\/wp-json\/wp\/v2\/posts"}],"about":[{"href":"https:\/\/armstrongyregion.com.ar\/diario\/wp-json\/wp\/v2\/types\/post"}],"author":[{"embeddable":true,"href":"https:\/\/armstrongyregion.com.ar\/diario\/wp-json\/wp\/v2\/users\/1"}],"replies":[{"embeddable":true,"href":"https:\/\/armstrongyregion.com.ar\/diario\/wp-json\/wp\/v2\/comments?post=31330"}],"version-history":[{"count":1,"href":"https:\/\/armstrongyregion.com.ar\/diario\/wp-json\/wp\/v2\/posts\/31330\/revisions"}],"predecessor-version":[{"id":31332,"href":"https:\/\/armstrongyregion.com.ar\/diario\/wp-json\/wp\/v2\/posts\/31330\/revisions\/31332"}],"wp:featuredmedia":[{"embeddable":true,"href":"https:\/\/armstrongyregion.com.ar\/diario\/wp-json\/wp\/v2\/media\/31331"}],"wp:attachment":[{"href":"https:\/\/armstrongyregion.com.ar\/diario\/wp-json\/wp\/v2\/media?parent=31330"}],"wp:term":[{"taxonomy":"category","embeddable":true,"href":"https:\/\/armstrongyregion.com.ar\/diario\/wp-json\/wp\/v2\/categories?post=31330"},{"taxonomy":"post_tag","embeddable":true,"href":"https:\/\/armstrongyregion.com.ar\/diario\/wp-json\/wp\/v2\/tags?post=31330"}],"curies":[{"name":"wp","href":"https:\/\/api.w.org\/{rel}","templated":true}]}}