{"id":3131,"date":"2015-07-17T04:41:25","date_gmt":"2015-07-17T04:41:25","guid":{"rendered":"https:\/\/armstrongyregion.com.ar\/diario\/?p=3131"},"modified":"2015-07-17T04:41:25","modified_gmt":"2015-07-17T04:41:25","slug":"ing-ricardo-airasca-necesitabamos-dar-un-salto-de-calidad-para-mejorar-el-servicio","status":"publish","type":"post","link":"https:\/\/armstrongyregion.com.ar\/diario\/ing-ricardo-airasca-necesitabamos-dar-un-salto-de-calidad-para-mejorar-el-servicio\/","title":{"rendered":"Ing. Ricardo Airasca, \u201cNecesit\u00e1bamos dar un salto de calidad para mejorar el servicio\u201d."},"content":{"rendered":"<p><a href=\"http:\/\/armstrongyregion.com.ar\/diario\/wp-content\/uploads\/2015\/07\/IMG-20150716-WA0103.jpg\"><img loading=\"lazy\" decoding=\"async\" class=\"alignnone size-medium wp-image-3132\" src=\"http:\/\/armstrongyregion.com.ar\/diario\/wp-content\/uploads\/2015\/07\/IMG-20150716-WA0103-300x168.jpg\" alt=\"Fibra-optica-armstrong-region-\" width=\"300\" height=\"168\" srcset=\"https:\/\/armstrongyregion.com.ar\/diario\/wp-content\/uploads\/2015\/07\/IMG-20150716-WA0103-300x168.jpg 300w, https:\/\/armstrongyregion.com.ar\/diario\/wp-content\/uploads\/2015\/07\/IMG-20150716-WA0103-1024x575.jpg 1024w, https:\/\/armstrongyregion.com.ar\/diario\/wp-content\/uploads\/2015\/07\/IMG-20150716-WA0103.jpg 1296w\" sizes=\"auto, (max-width: 300px) 100vw, 300px\" \/><\/a>El Ing. Ricardo Airasca, anunci\u00f3 un nuevo tendido de fibra \u00f3ptica de parte de la Cooperativa de Obras y Servicios P\u00fablicos de Armstrong.<\/p>\n<p>El gerente de la instituci\u00f3n Ricardo Airasca dec\u00eda, \u201cEstamos tendiendo fibra \u00f3ptica desde Armstrong hasta el cruce de la Ruta 178 y 9. Dado que tenemos muchos usuarios sobre la red, nosotros est\u00e1bamos saliendo a toda la ciudad v\u00eda a\u00e9rea, y como estamos en el l\u00edmite necesit\u00e1bamos dar un salto de calidad para mejorar el servicio\u201d.<\/p>\n<p>El ingeniero continu\u00f3, \u201cEsto nos permitir\u00e1 crecer a\u00fan m\u00e1s mejorando la velocidad, la fibra \u00f3ptica no tiene limitaciones en cuanto al tr\u00e1fico de datos, ancho de banda e internet\u201d.<\/p>\n","protected":false},"excerpt":{"rendered":"<p>El Ing. Ricardo Airasca, anunci\u00f3 un nuevo tendido de fibra \u00f3ptica de parte de la Cooperativa de Obras y Servicios P\u00fablicos de Armstrong. El gerente de la instituci\u00f3n Ricardo Airasca dec\u00eda, \u201cEstamos tendiendo fibra \u00f3ptica desde Armstrong hasta el cruce de la Ruta 178 y 9. Dado que tenemos muchos usuarios sobre la red, nosotros <a href=\"https:\/\/armstrongyregion.com.ar\/diario\/ing-ricardo-airasca-necesitabamos-dar-un-salto-de-calidad-para-mejorar-el-servicio\/\" title=\"Read more\" >&#8230;<\/a><\/p>\n","protected":false},"author":2,"featured_media":3132,"comment_status":"open","ping_status":"open","sticky":false,"template":"","format":"standard","meta":{"_jetpack_memberships_contains_paid_content":false,"footnotes":"","jetpack_publicize_message":"","jetpack_publicize_feature_enabled":true,"jetpack_social_post_already_shared":false,"jetpack_social_options":{"image_generator_settings":{"template":"highway","default_image_id":0,"enabled":false},"version":2}},"categories":[1,2,3],"tags":[2286,2288,1721,19,16,434,2116,2287,81,2285,1062,508,192],"class_list":["post-3131","post","type-post","status-publish","format-standard","has-post-thumbnail","hentry","category-diario-armstrong","category-locales","category-region","tag-airasca","tag-calidad","tag-dar","tag-de","tag-el","tag-ing","tag-mejorar","tag-necesitabamos","tag-para","tag-ricardo","tag-salto","tag-servicio","tag-un"],"jetpack_publicize_connections":[],"jetpack_featured_media_url":"https:\/\/armstrongyregion.com.ar\/diario\/wp-content\/uploads\/2015\/07\/IMG-20150716-WA0103.jpg","jetpack_shortlink":"https:\/\/wp.me\/p62QDO-Ov","jetpack_sharing_enabled":true,"amp_enabled":true,"_links":{"self":[{"href":"https:\/\/armstrongyregion.com.ar\/diario\/wp-json\/wp\/v2\/posts\/3131","targetHints":{"allow":["GET"]}}],"collection":[{"href":"https:\/\/armstrongyregion.com.ar\/diario\/wp-json\/wp\/v2\/posts"}],"about":[{"href":"https:\/\/armstrongyregion.com.ar\/diario\/wp-json\/wp\/v2\/types\/post"}],"author":[{"embeddable":true,"href":"https:\/\/armstrongyregion.com.ar\/diario\/wp-json\/wp\/v2\/users\/2"}],"replies":[{"embeddable":true,"href":"https:\/\/armstrongyregion.com.ar\/diario\/wp-json\/wp\/v2\/comments?post=3131"}],"version-history":[{"count":0,"href":"https:\/\/armstrongyregion.com.ar\/diario\/wp-json\/wp\/v2\/posts\/3131\/revisions"}],"wp:featuredmedia":[{"embeddable":true,"href":"https:\/\/armstrongyregion.com.ar\/diario\/wp-json\/wp\/v2\/media\/3132"}],"wp:attachment":[{"href":"https:\/\/armstrongyregion.com.ar\/diario\/wp-json\/wp\/v2\/media?parent=3131"}],"wp:term":[{"taxonomy":"category","embeddable":true,"href":"https:\/\/armstrongyregion.com.ar\/diario\/wp-json\/wp\/v2\/categories?post=3131"},{"taxonomy":"post_tag","embeddable":true,"href":"https:\/\/armstrongyregion.com.ar\/diario\/wp-json\/wp\/v2\/tags?post=3131"}],"curies":[{"name":"wp","href":"https:\/\/api.w.org\/{rel}","templated":true}]}}