{"id":31296,"date":"2021-08-05T01:29:50","date_gmt":"2021-08-05T01:29:50","guid":{"rendered":"https:\/\/armstrongyregion.com.ar\/diario\/?p=31296"},"modified":"2021-08-05T01:29:52","modified_gmt":"2021-08-05T01:29:52","slug":"en-las-rosas-el-85-de-la-poblacion-de-18-anos-o-mas-ya-tiene-al-menos-una-dosis-de-vacuna","status":"publish","type":"post","link":"https:\/\/armstrongyregion.com.ar\/diario\/en-las-rosas-el-85-de-la-poblacion-de-18-anos-o-mas-ya-tiene-al-menos-una-dosis-de-vacuna\/","title":{"rendered":"En Las Rosas el 85% de la poblaci\u00f3n de 18 a\u00f1os o m\u00e1s ya tiene al menos una dosis de vacuna."},"content":{"rendered":"\n<figure class=\"wp-block-image size-large\"><img loading=\"lazy\" decoding=\"async\" width=\"800\" height=\"450\" src=\"http:\/\/armstrongyregion.com.ar\/diario\/wp-content\/uploads\/2021\/08\/jovenes-vacunados.jpg\" alt=\"\" class=\"wp-image-31297\" srcset=\"https:\/\/armstrongyregion.com.ar\/diario\/wp-content\/uploads\/2021\/08\/jovenes-vacunados.jpg 800w, https:\/\/armstrongyregion.com.ar\/diario\/wp-content\/uploads\/2021\/08\/jovenes-vacunados-300x169.jpg 300w, https:\/\/armstrongyregion.com.ar\/diario\/wp-content\/uploads\/2021\/08\/jovenes-vacunados-768x432.jpg 768w\" sizes=\"auto, (max-width: 800px) 100vw, 800px\" \/><\/figure>\n\n\n\n<h2 class=\"wp-block-heading\"> Por el momento no hay novedades sobre la vacunaci\u00f3n a menores, seg\u00fan inform\u00f3 el Dir. del SAMCo Las Rosas Dr. Alejandro Luna. <\/h2>\n\n\n\n<p>Seg\u00fan el \u00faltimo parte oficial, en nuestra ciudad se han aplicado 12.324 dosis de vacunas, siendo 2.895 las personas que cuentan con el esquema completo de dos dosis.<\/p>\n\n\n\n<p>Estos n\u00fameros dicen que 9.429 rosenses han recibido la inmunizaci\u00f3n contra Covid 19. Por ello y teniendo en cuenta el padr\u00f3n electoral de Las Rosas, que registra la poblaci\u00f3n de 18 a\u00f1os o m\u00e1s, es de poco m\u00e1s de 11.000 personas, permite calcular entonces que el 85% de ellas ha sido vacunada.<\/p>\n\n\n\n<p>Con respecto a la situaci\u00f3n epidemiol\u00f3gica, el Director del SAMCo Las Rosas, Dr. Alejandro Luna, afirm\u00f3 que actualmente hay unos de 20 casos activos de coronavirus.&nbsp;<em>\u00abHa habido una cantidad importante de controles de PCR a vecinos que presentaban s\u00edntomas compatibles con Covid, sin embargo estas pruebas mismas fueron negativas. No obstante, personas que se preparaban para cirug\u00edas y no ten\u00edan signolog\u00edas, dieron positivo\u00bb.<\/em><\/p>\n\n\n\n<p>El hospital de la ciudad de Las Rosas no cuenta en estos momentos con internados en el \u00e1rea Covid-19, pero si han quedado pacientes derivados a terapia intensiva.<\/p>\n\n\n\n<p>En cuanto a los pacientes que regresan del exterior, desde el SAMCo realizan un seguimiento &nbsp;telef\u00f3nico, a veces se los visita, y al s\u00e9ptimo d\u00eda de estar en la ciudad, controlan a las personas &nbsp;con la utilizaci\u00f3n del PCR.&nbsp;<\/p>\n\n\n\n<p><strong>\u00bfCu\u00e1l es la preocupaci\u00f3n sobre la variante DELTA?.&nbsp;<em>\u00ab<\/em><\/strong><em>Todo va a depender de la gente que venga del exterior con la enfermedad y de los contactos que mantengan. Una vez que ya haya desarrollo de pacientes que no viajaron, ah\u00ed se considera circulaci\u00f3n comunitaria y vamos a estar todos expuestos\u00bb<\/em>, expres\u00f3 el doctor Luna.<\/p>\n\n\n\n<p><strong>Vacunaci\u00f3n a menores de 12 a 17 a\u00f1os.\u00a0<\/strong>No hay por el momento ning\u00fan instructivo al respecto. Se conoce que se abrir\u00e1n centros de vacunaci\u00f3n en Rosario y otros puntos de la provincia de Santa Fe, pero a\u00fan no se conocen cuales son con exactitud.<\/p>\n\n\n\n<p><\/p>\n\n\n\n<figure class=\"wp-block-embed-youtube wp-block-embed is-type-video is-provider-youtube wp-embed-aspect-16-9 wp-has-aspect-ratio\"><div class=\"wp-block-embed__wrapper\">\n<iframe loading=\"lazy\" title=\"02-08-21 Nota Alejandro Luna \u2013 Dir. Samco\" width=\"800\" height=\"450\" src=\"https:\/\/www.youtube.com\/embed\/tjbgo7a0tCU?feature=oembed\" frameborder=\"0\" allow=\"accelerometer; autoplay; clipboard-write; encrypted-media; gyroscope; picture-in-picture\" allowfullscreen><\/iframe>\n<\/div><\/figure>\n\n\n\nLas Rosas Digital.\n","protected":false},"excerpt":{"rendered":"<p>Por el momento no hay novedades sobre la vacunaci\u00f3n a menores, seg\u00fan inform\u00f3 el Dir. del SAMCo Las Rosas Dr. Alejandro Luna. Seg\u00fan el \u00faltimo parte oficial, en nuestra ciudad se han aplicado 12.324 dosis de vacunas, siendo 2.895 las personas que cuentan con el esquema completo de dos dosis. Estos n\u00fameros dicen que 9.429 <a href=\"https:\/\/armstrongyregion.com.ar\/diario\/en-las-rosas-el-85-de-la-poblacion-de-18-anos-o-mas-ya-tiene-al-menos-una-dosis-de-vacuna\/\" title=\"Read more\" >&#8230;<\/a><\/p>\n","protected":false},"author":1,"featured_media":31297,"comment_status":"open","ping_status":"open","sticky":false,"template":"","format":"image","meta":{"_jetpack_memberships_contains_paid_content":false,"footnotes":"","jetpack_publicize_message":"","jetpack_publicize_feature_enabled":true,"jetpack_social_post_already_shared":true,"jetpack_social_options":{"image_generator_settings":{"template":"highway","default_image_id":0,"enabled":false},"version":2}},"categories":[8,1,7,3],"tags":[],"class_list":["post-31296","post","type-post","status-publish","format-image","has-post-thumbnail","hentry","category-deliberando","category-diario-armstrong","category-politica","category-region","post_format-post-format-image"],"jetpack_publicize_connections":[],"jetpack_featured_media_url":"https:\/\/armstrongyregion.com.ar\/diario\/wp-content\/uploads\/2021\/08\/jovenes-vacunados.jpg","jetpack_shortlink":"https:\/\/wp.me\/p62QDO-88M","jetpack_sharing_enabled":true,"amp_enabled":true,"_links":{"self":[{"href":"https:\/\/armstrongyregion.com.ar\/diario\/wp-json\/wp\/v2\/posts\/31296","targetHints":{"allow":["GET"]}}],"collection":[{"href":"https:\/\/armstrongyregion.com.ar\/diario\/wp-json\/wp\/v2\/posts"}],"about":[{"href":"https:\/\/armstrongyregion.com.ar\/diario\/wp-json\/wp\/v2\/types\/post"}],"author":[{"embeddable":true,"href":"https:\/\/armstrongyregion.com.ar\/diario\/wp-json\/wp\/v2\/users\/1"}],"replies":[{"embeddable":true,"href":"https:\/\/armstrongyregion.com.ar\/diario\/wp-json\/wp\/v2\/comments?post=31296"}],"version-history":[{"count":1,"href":"https:\/\/armstrongyregion.com.ar\/diario\/wp-json\/wp\/v2\/posts\/31296\/revisions"}],"predecessor-version":[{"id":31298,"href":"https:\/\/armstrongyregion.com.ar\/diario\/wp-json\/wp\/v2\/posts\/31296\/revisions\/31298"}],"wp:featuredmedia":[{"embeddable":true,"href":"https:\/\/armstrongyregion.com.ar\/diario\/wp-json\/wp\/v2\/media\/31297"}],"wp:attachment":[{"href":"https:\/\/armstrongyregion.com.ar\/diario\/wp-json\/wp\/v2\/media?parent=31296"}],"wp:term":[{"taxonomy":"category","embeddable":true,"href":"https:\/\/armstrongyregion.com.ar\/diario\/wp-json\/wp\/v2\/categories?post=31296"},{"taxonomy":"post_tag","embeddable":true,"href":"https:\/\/armstrongyregion.com.ar\/diario\/wp-json\/wp\/v2\/tags?post=31296"}],"curies":[{"name":"wp","href":"https:\/\/api.w.org\/{rel}","templated":true}]}}