{"id":31256,"date":"2021-08-03T00:44:36","date_gmt":"2021-08-03T00:44:36","guid":{"rendered":"https:\/\/armstrongyregion.com.ar\/diario\/?p=31256"},"modified":"2021-08-03T00:44:39","modified_gmt":"2021-08-03T00:44:39","slug":"clara-garcia-el-gobierno-nacional-sigue-sin-entender-al-campo-ni-el-potencial-de-la-industria","status":"publish","type":"post","link":"https:\/\/armstrongyregion.com.ar\/diario\/clara-garcia-el-gobierno-nacional-sigue-sin-entender-al-campo-ni-el-potencial-de-la-industria\/","title":{"rendered":"Clara Garc\u00eda: \u00abEl gobierno nacional sigue sin entender al campo ni el potencial de la industria\u00bb."},"content":{"rendered":"\n<figure class=\"wp-block-image size-large\"><img loading=\"lazy\" decoding=\"async\" width=\"640\" height=\"426\" src=\"http:\/\/armstrongyregion.com.ar\/diario\/wp-content\/uploads\/2021\/08\/IMG-20210802-WA0154-1.jpg\" alt=\"\" class=\"wp-image-31257\" srcset=\"https:\/\/armstrongyregion.com.ar\/diario\/wp-content\/uploads\/2021\/08\/IMG-20210802-WA0154-1.jpg 640w, https:\/\/armstrongyregion.com.ar\/diario\/wp-content\/uploads\/2021\/08\/IMG-20210802-WA0154-1-300x200.jpg 300w\" sizes=\"auto, (max-width: 640px) 100vw, 640px\" \/><\/figure>\n\n\n\n<h2 class=\"wp-block-heading\"> La precandidata a senadora nacional por el FAP estuvo en Venado Tuerto, Firmat y Rufino. Dijo que \u201cen Buenos Aires todav\u00eda siguen pensando a este sector como una estancia de principios del siglo XX\u201d. Critic\u00f3 a Perotti porque \u201clleg\u00f3 a la gesti\u00f3n sin equipos ni proyectos y encima, dej\u00f3 de lado aquellos que estaban en marcha\u201d.<\/h2>\n\n\n\n<h2 class=\"wp-block-heading\"> <\/h2>\n\n\n\n<p>\n\nLa precandidata a senadora nacional por la lista Adelante, del Frente Amplio Progresista (FAP), Clara Garc\u00eda afirm\u00f3 que Santa Fe \u201chace rato que no tiene quien represente sus intereses en el Senado de la Naci\u00f3n, que vaya a Buenos Aires a defender su tierra, sus productores, los puestos de trabajo en juego, a pelear por las obras que necesitamos para crecer y que cada uno de nuestros pueblos y ciudades tenga posibilidades de desarrollo\u201d.<br>De recorrida por Firmat, Venado Tuerto y Rufino, Garc\u00eda fue recibida por los intendentes de las dos primeras ciudades, Leonel Maximino y Leonel Chiarella, e hizo declaraciones period\u00edsticas a distintos medios.&nbsp;<br>\u201cEn esta zona est\u00e1n las mejores tierras de la Argentina, es cierto. Ahora, c\u00f3mo se justifica que un productor peque\u00f1o, que trabaja 100 hect\u00e1reas, est\u00e9 pagando m\u00e1s de 5 millones de pesos en impuestos por a\u00f1o\u201d, pregunt\u00f3. \u201cEso tiene que ver con que el gobierno nacional, no importa cu\u00e1l sea su signo, no entiende al campo ni el potencial de la agroindustria. En Buenos Aires todav\u00eda siguen pensando a este sector como una estancia de principios del siglo XX, cuando esta regi\u00f3n representa el futuro de la bioeconom\u00eda. Ac\u00e1 estuvieron los primeros productores de nuestro pa\u00eds \u2013record\u00f3-, pero hoy se trata de la ciencia y la innovaci\u00f3n puestas a potenciar lo mejor de nuestro agro, que ya demostr\u00f3 su capacidad de transformaci\u00f3n\u201d, sostuvo.<br>Tambi\u00e9n critic\u00f3 las restricciones aplicadas a la exportaci\u00f3n de carne. \u201cEs otra de de las decisiones que se toman desde un escritorio porte\u00f1o, priorizando intereses que no son de los productores ni de la industria frigor\u00edfica, que tanto empleo genera en nuestra provincia\u201d, se\u00f1al\u00f3.<br>\u201cSolo as\u00ed se explica \u2013a\u00f1adi\u00f3 la precandidata- que la ruta nacional 33 tenga apenas un obrador instalado despu\u00e9s de tantos a\u00f1os de reclamar a diferentes gobiernos para que se construya una autopista\u201d, agreg\u00f3 la actual diputada provincial, que visit\u00f3 el Parque Industrial \u201cLa Victoria\u201d durante el periplo por el sur provincial.&nbsp;<br>Garc\u00eda evalu\u00f3 que \u201csi los recursos que van desde Santa Fe a la Naci\u00f3n volvieran a la provincia en la magnitud que corresponde, las obras en esa ruta y en otras estar\u00edan terminadas, habr\u00eda m\u00e1s viviendas; el escenario para la gente emprendedora de esta regi\u00f3n y de otras ser\u00eda otro y podr\u00edan llevar adelante sus vidas en mejores condiciones\u201d, afirm\u00f3.<br>Durante el recorrido, la precandidata a senadora estuvo acompa\u00f1ada por dirigentes e integrantes de las listas locales. En Firmat, por los precandidatos a concejal Claudio Garziera, Silvina Cocitto y Joaqu\u00edn Altamirano; el ex concejal Danilo Garziera; y la diputada provincial Rosana Bellatti.<br>En Venado Tuerto, por los concejales Leo Calaianov y Mabel Caula, y los precandidatos Juan Ignacio Pellegrini y Nahuel Pasquinelli.<br>En Rufino, la \u00faltima parada de la recorrida, la recibieron el concejal Enrique Santo y los candidatos Federico Carballeira y Johnny Correa.<br>All\u00ed Garc\u00eda pas\u00f3 a saludar a Laura Zaballa, que construy\u00f3 su casa a trav\u00e9s de un cr\u00e9dito otorgado en durante la gesti\u00f3n de Miguel Lifschitz. Asimismo, visit\u00f3 el Centro de Salud inaugurado por el ex gobernador en 2017, el n\u00famero 80 de las gestiones del Frente Progresista en toda la provincia.&nbsp;<br>*LAS DOS CARAS DE LA MONEDA*<br>A la hora de referirse a la actual gesti\u00f3n provincial, la precandidata del FAP dijo que \u201ccuesta entender cu\u00e1l es el rumbo de este gobierno, si es que lo tiene. (El gobernador Omar) Perotti lleg\u00f3 sin equipos y sin proyectos, y encima dej\u00f3 de lado aquellos que estaban en marcha\u201d.&nbsp;&nbsp;<br>En ese sentido, puso como ejemplo dos proyectos ubicados en Venado Tuerto. \u201cSi hay un emblema de la obra p\u00fablica en Venado es el nuevo hospital de alta complejidad, que es de referencia para toda la regi\u00f3n. Esa es una cara de la moneda, la del Frente Progresista\u201d, dijo. \u201cDespu\u00e9s est\u00e1 la otra cara, la del gobierno de Perotti, que es el edificio del viejo hospital p\u00fablico. All\u00ed qued\u00f3 trunca la obra del nuevo palacio de justicia, que no solo iba a jerarquizar al Poder Judicial en la ciudad sino que iba a generar movimiento en el barrio. Por eso decimos que tenemos un gobierno ausente y paralizado\u201d, sentenci\u00f3.<br>*SOBRE LAS INTERNAS*<br>Con relaci\u00f3n al clima pol\u00edtico preelectoral, Garc\u00eda consider\u00f3 que \u201chay un grado de confrontaci\u00f3n que no es sano. Si muestran sus diferencias tan abiertamente, entonces no es cierto eso de la unidad en la diversidad, sino que solo se juntaron para ganar una elecci\u00f3n. Lo vimos primero con el gobierno nacional y ahora con la situaci\u00f3n planteada entre el gobernador Perotti y la vicegobernadora (Alejandra) Rodenas, que marca un quiebre institucional in\u00e9dito en la provincia\u201d.&nbsp;&nbsp;<br>\u201cNosotros \u2013dijo en relaci\u00f3n al FAP- entendemos la vida democr\u00e1tica con respeto y es porque sabemos que nuestro proyecto pol\u00edtico es de futuro y el 12 de septiembre vamos a estar caminando juntos hacia las elecciones de noviembre\u201d.\n\n<\/p>\n\n\n\n<p><\/p>\n","protected":false},"excerpt":{"rendered":"<p>La precandidata a senadora nacional por el FAP estuvo en Venado Tuerto, Firmat y Rufino. Dijo que \u201cen Buenos Aires todav\u00eda siguen pensando a este sector como una estancia de principios del siglo XX\u201d. Critic\u00f3 a Perotti porque \u201clleg\u00f3 a la gesti\u00f3n sin equipos ni proyectos y encima, dej\u00f3 de lado aquellos que estaban en <a href=\"https:\/\/armstrongyregion.com.ar\/diario\/clara-garcia-el-gobierno-nacional-sigue-sin-entender-al-campo-ni-el-potencial-de-la-industria\/\" title=\"Read more\" >&#8230;<\/a><\/p>\n","protected":false},"author":1,"featured_media":31257,"comment_status":"open","ping_status":"open","sticky":false,"template":"","format":"image","meta":{"_jetpack_memberships_contains_paid_content":false,"footnotes":"","jetpack_publicize_message":"","jetpack_publicize_feature_enabled":true,"jetpack_social_post_already_shared":true,"jetpack_social_options":{"image_generator_settings":{"template":"highway","default_image_id":0,"enabled":false},"version":2}},"categories":[8,1,2,7,3],"tags":[],"class_list":["post-31256","post","type-post","status-publish","format-image","has-post-thumbnail","hentry","category-deliberando","category-diario-armstrong","category-locales","category-politica","category-region","post_format-post-format-image"],"jetpack_publicize_connections":[],"jetpack_featured_media_url":"https:\/\/armstrongyregion.com.ar\/diario\/wp-content\/uploads\/2021\/08\/IMG-20210802-WA0154-1.jpg","jetpack_shortlink":"https:\/\/wp.me\/p62QDO-888","jetpack_sharing_enabled":true,"amp_enabled":true,"_links":{"self":[{"href":"https:\/\/armstrongyregion.com.ar\/diario\/wp-json\/wp\/v2\/posts\/31256","targetHints":{"allow":["GET"]}}],"collection":[{"href":"https:\/\/armstrongyregion.com.ar\/diario\/wp-json\/wp\/v2\/posts"}],"about":[{"href":"https:\/\/armstrongyregion.com.ar\/diario\/wp-json\/wp\/v2\/types\/post"}],"author":[{"embeddable":true,"href":"https:\/\/armstrongyregion.com.ar\/diario\/wp-json\/wp\/v2\/users\/1"}],"replies":[{"embeddable":true,"href":"https:\/\/armstrongyregion.com.ar\/diario\/wp-json\/wp\/v2\/comments?post=31256"}],"version-history":[{"count":1,"href":"https:\/\/armstrongyregion.com.ar\/diario\/wp-json\/wp\/v2\/posts\/31256\/revisions"}],"predecessor-version":[{"id":31258,"href":"https:\/\/armstrongyregion.com.ar\/diario\/wp-json\/wp\/v2\/posts\/31256\/revisions\/31258"}],"wp:featuredmedia":[{"embeddable":true,"href":"https:\/\/armstrongyregion.com.ar\/diario\/wp-json\/wp\/v2\/media\/31257"}],"wp:attachment":[{"href":"https:\/\/armstrongyregion.com.ar\/diario\/wp-json\/wp\/v2\/media?parent=31256"}],"wp:term":[{"taxonomy":"category","embeddable":true,"href":"https:\/\/armstrongyregion.com.ar\/diario\/wp-json\/wp\/v2\/categories?post=31256"},{"taxonomy":"post_tag","embeddable":true,"href":"https:\/\/armstrongyregion.com.ar\/diario\/wp-json\/wp\/v2\/tags?post=31256"}],"curies":[{"name":"wp","href":"https:\/\/api.w.org\/{rel}","templated":true}]}}