{"id":31253,"date":"2021-08-02T16:51:48","date_gmt":"2021-08-02T16:51:48","guid":{"rendered":"https:\/\/armstrongyregion.com.ar\/diario\/?p=31253"},"modified":"2021-08-02T16:51:49","modified_gmt":"2021-08-02T16:51:49","slug":"el-senador-cornaglia-impulso-un-reconocimiento-al-personal-de-salud-y-de-los-vacunatorios","status":"publish","type":"post","link":"https:\/\/armstrongyregion.com.ar\/diario\/el-senador-cornaglia-impulso-un-reconocimiento-al-personal-de-salud-y-de-los-vacunatorios\/","title":{"rendered":"El Senador Cornaglia impuls\u00f3 un reconocimiento al personal de salud y de los vacunatorios."},"content":{"rendered":"\n<figure class=\"wp-block-image size-large\"><img loading=\"lazy\" decoding=\"async\" width=\"480\" height=\"252\" src=\"http:\/\/armstrongyregion.com.ar\/diario\/wp-content\/uploads\/2021\/08\/GC-2021-08-02-Fb-Declaratoria-de-Inter\u00e9s-Salud.jpg\" alt=\"\" class=\"wp-image-31254\" srcset=\"https:\/\/armstrongyregion.com.ar\/diario\/wp-content\/uploads\/2021\/08\/GC-2021-08-02-Fb-Declaratoria-de-Inter\u00e9s-Salud.jpg 480w, https:\/\/armstrongyregion.com.ar\/diario\/wp-content\/uploads\/2021\/08\/GC-2021-08-02-Fb-Declaratoria-de-Inter\u00e9s-Salud-300x158.jpg 300w\" sizes=\"auto, (max-width: 480px) 100vw, 480px\" \/><\/figure>\n\n\n\n<h2 class=\"wp-block-heading\"><strong>El legislador provincial Guillermo Cornaglia propuso declarar de Inter\u00e9s por parte de la C\u00e1mara de Senadores de Santa Fe de la labor realizada por el personal de Salud del departamento Belgrano para hacer frente a la pandemia, as\u00ed como del plan de vacunaci\u00f3n contra el covid-19.<\/strong><\/h2>\n\n\n\n<p>A trav\u00e9s de dos proyectos, se persigue el objetivo de rendir homenaje y presentar gratitud a las personas que tuvieron una labor imprescindible ante la crisis sanitaria por la pandemia del virus COVID-19, de los Servicios de Atenci\u00f3n M\u00e9dica para la Comunidad (S.A.M.Co.), cl\u00ednicas, sanatorios, hospitales provinciales y centros de salud barriales de la provincia de Santa Fe, y en particular a las trabajadoras y trabajadores de los SAMCO del departamento Belgrano.<\/p>\n\n\n\n<p><em>\u201cLa presencia, exposici\u00f3n y esfuerzo inmenso del personal de salud para dar respuesta a la pandemia result\u00f3 imprescindible, siendo dicho accionar digno y merecedor de distinguir y destacar\u201d<\/em>, manifest\u00f3&nbsp;<strong>Guillermo Cornaglia<\/strong>, y agreg\u00f3:&nbsp;<em>\u201cLos trabajos realizados requirieron de un despliegue y de una operatividad precisa, diagramada y planificada, en el cual el margen de error y los periodos de descansos se presentaron como escasos y condicionantes, sumado al esfuerzo intensificado con las dem\u00e1s urgencias habituales que tambi\u00e9n requirieron atenci\u00f3n m\u00e9dica\u201d<\/em>.<\/p>\n\n\n\n<p>Adem\u00e1s,&nbsp;<strong>el senador por el departamento Belgrano<\/strong>&nbsp;destac\u00f3 el trabajo llevado a cabo en los vacunatorios.&nbsp;<em>\u201cLa campa\u00f1a de vacunaci\u00f3n es una pol\u00edtica de Estado, una estrategia de salud p\u00fablica nacional, prioritaria, equitativa, solidaria y beneficiosa para el bienestar y la salud individual y colectiva de nuestras ciudadanas y ciudadanos. Hay un esfuerzo inmenso del personal de salud y las y los voluntarios de todos los departamentos de la provincia, las sociedades cient\u00edficas y el programa de inmunizaciones, que merece ser reconocido\u201d<\/em>, sostuvo<strong>&nbsp;Cornaglia<\/strong>.<br><\/p>\n\n\n\n<p>Al finalizar,&nbsp;<strong>el legislador<\/strong>&nbsp;expres\u00f3 su profunda admiraci\u00f3n hacia aquellas personas que&nbsp;<em>\u201ccontribuyeron significativamente en reducir el impacto y los efectos de las patolog\u00edas de un virus tan reciente y novedoso, en el cual cada capacitaci\u00f3n, cada accionar y estrategia fue desarrollada de manera sobre exigida, acelerada e intensiva, en donde los plazos y las decisiones que requer\u00edan inmediatez fueron materializados con una responsabilidad ardua y meticulosa\u201d<\/em>.<\/p>\n","protected":false},"excerpt":{"rendered":"<p>El legislador provincial Guillermo Cornaglia propuso declarar de Inter\u00e9s por parte de la C\u00e1mara de Senadores de Santa Fe de la labor realizada por el personal de Salud del departamento Belgrano para hacer frente a la pandemia, as\u00ed como del plan de vacunaci\u00f3n contra el covid-19. A trav\u00e9s de dos proyectos, se persigue el objetivo <a href=\"https:\/\/armstrongyregion.com.ar\/diario\/el-senador-cornaglia-impulso-un-reconocimiento-al-personal-de-salud-y-de-los-vacunatorios\/\" title=\"Read more\" >&#8230;<\/a><\/p>\n","protected":false},"author":1,"featured_media":31254,"comment_status":"open","ping_status":"open","sticky":false,"template":"","format":"image","meta":{"_jetpack_memberships_contains_paid_content":false,"footnotes":"","jetpack_publicize_message":"","jetpack_publicize_feature_enabled":true,"jetpack_social_post_already_shared":true,"jetpack_social_options":{"image_generator_settings":{"template":"highway","default_image_id":0,"enabled":false},"version":2}},"categories":[8,1,2,7,3],"tags":[],"class_list":["post-31253","post","type-post","status-publish","format-image","has-post-thumbnail","hentry","category-deliberando","category-diario-armstrong","category-locales","category-politica","category-region","post_format-post-format-image"],"jetpack_publicize_connections":[],"jetpack_featured_media_url":"https:\/\/armstrongyregion.com.ar\/diario\/wp-content\/uploads\/2021\/08\/GC-2021-08-02-Fb-Declaratoria-de-Inter\u00e9s-Salud.jpg","jetpack_shortlink":"https:\/\/wp.me\/p62QDO-885","jetpack_sharing_enabled":true,"amp_enabled":true,"_links":{"self":[{"href":"https:\/\/armstrongyregion.com.ar\/diario\/wp-json\/wp\/v2\/posts\/31253","targetHints":{"allow":["GET"]}}],"collection":[{"href":"https:\/\/armstrongyregion.com.ar\/diario\/wp-json\/wp\/v2\/posts"}],"about":[{"href":"https:\/\/armstrongyregion.com.ar\/diario\/wp-json\/wp\/v2\/types\/post"}],"author":[{"embeddable":true,"href":"https:\/\/armstrongyregion.com.ar\/diario\/wp-json\/wp\/v2\/users\/1"}],"replies":[{"embeddable":true,"href":"https:\/\/armstrongyregion.com.ar\/diario\/wp-json\/wp\/v2\/comments?post=31253"}],"version-history":[{"count":1,"href":"https:\/\/armstrongyregion.com.ar\/diario\/wp-json\/wp\/v2\/posts\/31253\/revisions"}],"predecessor-version":[{"id":31255,"href":"https:\/\/armstrongyregion.com.ar\/diario\/wp-json\/wp\/v2\/posts\/31253\/revisions\/31255"}],"wp:featuredmedia":[{"embeddable":true,"href":"https:\/\/armstrongyregion.com.ar\/diario\/wp-json\/wp\/v2\/media\/31254"}],"wp:attachment":[{"href":"https:\/\/armstrongyregion.com.ar\/diario\/wp-json\/wp\/v2\/media?parent=31253"}],"wp:term":[{"taxonomy":"category","embeddable":true,"href":"https:\/\/armstrongyregion.com.ar\/diario\/wp-json\/wp\/v2\/categories?post=31253"},{"taxonomy":"post_tag","embeddable":true,"href":"https:\/\/armstrongyregion.com.ar\/diario\/wp-json\/wp\/v2\/tags?post=31253"}],"curies":[{"name":"wp","href":"https:\/\/api.w.org\/{rel}","templated":true}]}}