{"id":31246,"date":"2021-08-02T04:52:07","date_gmt":"2021-08-02T04:52:07","guid":{"rendered":"https:\/\/armstrongyregion.com.ar\/diario\/?p=31246"},"modified":"2021-08-02T04:52:10","modified_gmt":"2021-08-02T04:52:10","slug":"el-gobierno-confirmo-que-este-lunes-se-relanzara-el-programa-ahora-12","status":"publish","type":"post","link":"https:\/\/armstrongyregion.com.ar\/diario\/el-gobierno-confirmo-que-este-lunes-se-relanzara-el-programa-ahora-12\/","title":{"rendered":"El gobierno confirm\u00f3 que este lunes se relanzar\u00e1 el programa Ahora 12."},"content":{"rendered":"\n<figure class=\"wp-block-image size-large\"><img loading=\"lazy\" decoding=\"async\" width=\"642\" height=\"361\" src=\"http:\/\/armstrongyregion.com.ar\/diario\/wp-content\/uploads\/2021\/08\/el-gobierno-nacional-relanzara-el-programa-ahora-12-foto-archivo.jpg\" alt=\"\" class=\"wp-image-31247\" srcset=\"https:\/\/armstrongyregion.com.ar\/diario\/wp-content\/uploads\/2021\/08\/el-gobierno-nacional-relanzara-el-programa-ahora-12-foto-archivo.jpg 642w, https:\/\/armstrongyregion.com.ar\/diario\/wp-content\/uploads\/2021\/08\/el-gobierno-nacional-relanzara-el-programa-ahora-12-foto-archivo-300x169.jpg 300w\" sizes=\"auto, (max-width: 642px) 100vw, 642px\" \/><figcaption> <a href=\"https:\/\/media.lacapital.com.ar\/p\/bf854de2e7687014be758bf403a0cb46\/adjuntos\/203\/imagenes\/030\/383\/0030383705\/el-gobierno-nacional-relanzara-el-programa-ahora-12-foto-archivo.jpg\">El gobierno nacional relanzar\u00e1 el programa Ahora 12<\/a> <\/figcaption><\/figure>\n\n\n\n<h2 class=\"wp-block-heading\"> El ministro de Desarrollo Productivo, Mat\u00edas Kulfas, adelant\u00f3 el objetivo es que \u00absignifique m\u00e1s dinero en los bolsillos\u00bb con la recuperaci\u00f3n de las paritarias y del empleo.<\/h2>\n\n\n\n<p>El ministro de Desarrollo Productivo, Mat\u00edas Kulfas, adelant\u00f3 este s\u00e1bado que este lunes ser\u00e1 relanzado el&nbsp;<strong><a href=\"https:\/\/www.lacapital.com.ar\/programa-a24211\">Programa<\/a><\/strong>&nbsp;<a href=\"https:\/\/www.lacapital.com.ar\/ahora-12-a30598\"><strong>Ahora 12<\/strong><\/a><strong>,<\/strong>&nbsp;que<strong>&nbsp;\u201csignifique m\u00e1s dinero en los bolsillos con la recuperaci\u00f3n de las paritarias, del&nbsp;<a href=\"https:\/\/www.lacapital.com.ar\/empleo-a26576\">empleo<\/a><\/strong>&nbsp;y encontrar otros mecanismos de financiamiento para los bienes de consumo m\u00e1s durables\u201d.<\/p>\n\n\n\n<p>En declaraciones a radio Delta, Kulfas afirm\u00f3: \u00abVamos a hacer un relanzamiento (del Programa Ahora 12) con alguna modificaci\u00f3n que la vamos a dar a conocer este mismo lunes con el presidente (Alberto Fern\u00e1ndez) y el Jefe de Gabinete (Santiago Cafiero)\u201d.<\/p>\n\n\n\n<p>En ese sentido, agreg\u00f3: \u201cEstamos previendo que en los pr\u00f3ximos d\u00edas comience a haber&nbsp;<strong>m\u00e1s movimiento en las calles y eso que signifique m\u00e1s dinero en los bolsillos,<\/strong>&nbsp;con la recuperaci\u00f3n de las paritarias, del empleo; y por otro lado, encontrar otros mecanismos de financiamiento para los bienes de consumo m\u00e1s durables\u201d.<\/p>\n\n\n\n<p>Por otra parte y respecto de los aumentos de las prepagas, Kulfas sostuvo que&nbsp;<strong>\u201ctiene que ver con los movimientos de costos que ha habido<\/strong>, b\u00e1sicamente y en gran medida salarios, salarios de m\u00e9dicos, enfermeras, much\u00edsimos componentes que tienen que recomponerse para que la econom\u00eda pueda estar mejor\u201c.<\/p>\n\n\n\n<p>En cuanto a la evoluci\u00f3n de la econom\u00eda, expres\u00f3:&nbsp;<strong>\u201cEstamos previendo (un crecimiento) en torno al 7%, pero todav\u00eda son estimaciones que est\u00e1n plagadas por incertidumbres,<\/strong>&nbsp;porque no tenemos todav\u00eda certeza o claridad absoluta sobre qu\u00e9 va a ocurrir con la pandemia, la segunda ola, las nuevas variantes del coronavirus\u201d.<\/p>\n\n\n\n<p>\u201cVenimos viendo un crecimiento de varios meses, seis meses consecutivos de crecimiento en general, en el caso de\u00a0<strong>la industria 11 meses de crecimiento del empleo\u201d<\/strong>, puntualiz\u00f3 Kulfas.<\/p>\n\n\n\n<p> Consultado por el programa\u00a0<strong>\u201cTe sumo\u201d\u00a0<\/strong>de inserci\u00f3n laboral de j\u00f3venes de 18 a 24 a\u00f1os en peque\u00f1as y medianas empresas (pymes), el funcionario afirm\u00f3 que \u201cesta posibilidad significa que el gobierno les est\u00e1 acompa\u00f1ando\u201d a los j\u00f3venes y a las pymes con\u00a0<strong>\u201cun aporte, un subsidio sobre el salario que cubre entre el 53% y el 60% del salario<\/strong>, m\u00e1s los aportes y contribuciones\u201d. <\/p>\n\n\n\n<p><br><\/p>\n","protected":false},"excerpt":{"rendered":"<p>El ministro de Desarrollo Productivo, Mat\u00edas Kulfas, adelant\u00f3 el objetivo es que \u00absignifique m\u00e1s dinero en los bolsillos\u00bb con la recuperaci\u00f3n de las paritarias y del empleo. El ministro de Desarrollo Productivo, Mat\u00edas Kulfas, adelant\u00f3 este s\u00e1bado que este lunes ser\u00e1 relanzado el&nbsp;Programa&nbsp;Ahora 12,&nbsp;que&nbsp;\u201csignifique m\u00e1s dinero en los bolsillos con la recuperaci\u00f3n de las paritarias, <a href=\"https:\/\/armstrongyregion.com.ar\/diario\/el-gobierno-confirmo-que-este-lunes-se-relanzara-el-programa-ahora-12\/\" title=\"Read more\" >&#8230;<\/a><\/p>\n","protected":false},"author":1,"featured_media":31247,"comment_status":"open","ping_status":"open","sticky":false,"template":"","format":"image","meta":{"_jetpack_memberships_contains_paid_content":false,"footnotes":"","jetpack_publicize_message":"","jetpack_publicize_feature_enabled":true,"jetpack_social_post_already_shared":true,"jetpack_social_options":{"image_generator_settings":{"template":"highway","default_image_id":0,"enabled":false},"version":2}},"categories":[8,1,2,7,3],"tags":[],"class_list":["post-31246","post","type-post","status-publish","format-image","has-post-thumbnail","hentry","category-deliberando","category-diario-armstrong","category-locales","category-politica","category-region","post_format-post-format-image"],"jetpack_publicize_connections":[],"jetpack_featured_media_url":"https:\/\/armstrongyregion.com.ar\/diario\/wp-content\/uploads\/2021\/08\/el-gobierno-nacional-relanzara-el-programa-ahora-12-foto-archivo.jpg","jetpack_shortlink":"https:\/\/wp.me\/p62QDO-87Y","jetpack_sharing_enabled":true,"amp_enabled":true,"_links":{"self":[{"href":"https:\/\/armstrongyregion.com.ar\/diario\/wp-json\/wp\/v2\/posts\/31246","targetHints":{"allow":["GET"]}}],"collection":[{"href":"https:\/\/armstrongyregion.com.ar\/diario\/wp-json\/wp\/v2\/posts"}],"about":[{"href":"https:\/\/armstrongyregion.com.ar\/diario\/wp-json\/wp\/v2\/types\/post"}],"author":[{"embeddable":true,"href":"https:\/\/armstrongyregion.com.ar\/diario\/wp-json\/wp\/v2\/users\/1"}],"replies":[{"embeddable":true,"href":"https:\/\/armstrongyregion.com.ar\/diario\/wp-json\/wp\/v2\/comments?post=31246"}],"version-history":[{"count":1,"href":"https:\/\/armstrongyregion.com.ar\/diario\/wp-json\/wp\/v2\/posts\/31246\/revisions"}],"predecessor-version":[{"id":31248,"href":"https:\/\/armstrongyregion.com.ar\/diario\/wp-json\/wp\/v2\/posts\/31246\/revisions\/31248"}],"wp:featuredmedia":[{"embeddable":true,"href":"https:\/\/armstrongyregion.com.ar\/diario\/wp-json\/wp\/v2\/media\/31247"}],"wp:attachment":[{"href":"https:\/\/armstrongyregion.com.ar\/diario\/wp-json\/wp\/v2\/media?parent=31246"}],"wp:term":[{"taxonomy":"category","embeddable":true,"href":"https:\/\/armstrongyregion.com.ar\/diario\/wp-json\/wp\/v2\/categories?post=31246"},{"taxonomy":"post_tag","embeddable":true,"href":"https:\/\/armstrongyregion.com.ar\/diario\/wp-json\/wp\/v2\/tags?post=31246"}],"curies":[{"name":"wp","href":"https:\/\/api.w.org\/{rel}","templated":true}]}}