{"id":31243,"date":"2021-08-02T04:45:23","date_gmt":"2021-08-02T04:45:23","guid":{"rendered":"https:\/\/armstrongyregion.com.ar\/diario\/?p=31243"},"modified":"2021-08-02T04:45:25","modified_gmt":"2021-08-02T04:45:25","slug":"las-muestras-a-campo-preparan-el-regreso-a-la-presencialidad","status":"publish","type":"post","link":"https:\/\/armstrongyregion.com.ar\/diario\/las-muestras-a-campo-preparan-el-regreso-a-la-presencialidad\/","title":{"rendered":"Las muestras a campo preparan el regreso a la presencialidad."},"content":{"rendered":"\n<figure class=\"wp-block-image size-large\"><img loading=\"lazy\" decoding=\"async\" width=\"642\" height=\"361\" src=\"http:\/\/armstrongyregion.com.ar\/diario\/wp-content\/uploads\/2021\/08\/rosana-nardi-presidenta-agroactiva.jpg\" alt=\"\" class=\"wp-image-31244\" srcset=\"https:\/\/armstrongyregion.com.ar\/diario\/wp-content\/uploads\/2021\/08\/rosana-nardi-presidenta-agroactiva.jpg 642w, https:\/\/armstrongyregion.com.ar\/diario\/wp-content\/uploads\/2021\/08\/rosana-nardi-presidenta-agroactiva-300x169.jpg 300w\" sizes=\"auto, (max-width: 642px) 100vw, 642px\" \/><figcaption> <a href=\"https:\/\/media.agroclave.com.ar\/p\/9bf5add61fdf42856dad1fa3a0e47313\/adjuntos\/305\/imagenes\/030\/378\/0030378229\/rosana-nardi-presidenta-agroactiva.jpg\">Rosana Nardi, presidenta de Agroactiva.<\/a> <\/figcaption><\/figure>\n\n\n\n<h2 class=\"wp-block-heading\"> Agroactiva trabaja a full para volver a principios de noviembre en Armstrong. En septiembre, se realizar\u00e1, en forma virtual, una cumbre internacional.<\/h2>\n\n\n\n<p>Las&nbsp;<a href=\"https:\/\/www.agroclave.com.ar\/muestras-a46338\">muestras<\/a>&nbsp;agropecuarias a&nbsp;<a href=\"https:\/\/www.agroclave.com.ar\/campo-a43192\">campo<\/a>&nbsp;ya saborean el regreso a la presencialidad y se entusiasman con que sobre fin de a\u00f1o, la emergencia sanitaria por la pandemia quede superada, ayudada por la vacuna. Con esa meta, ya comenzaron a calentar motores para preparar el montaje, alentados por una gran expectativa por parte de los productores y una demanda de los expositores, que quieren retomar el cara a cara.<\/p>\n\n\n\n<p>Ese es el trabajo que est\u00e1n encarando los organizadores de\u00a0<strong><a href=\"https:\/\/www.agroclave.com.ar\/agroactiva-a54887\">Agroactiva<\/a><\/strong>, una de las m\u00e1s representativas de la actividad de la zona n\u00facleo, que todos los a\u00f1os tradicionalmente se realiza en junio y luego de una virtual edici\u00f3n 2020,\u00a0<strong>decidi\u00f3 volver a la presencialidad en su predio tradicional de Armstrong _autopista a C\u00f3rdoba y la ruta 178_ del 3 al 6 de noviembre.<\/strong><\/p>\n\n\n\n<p>Previamente,&nbsp;<strong>el 1\u00ba y 2 de septiembre, tendr\u00e1 lugar la Cumbre Internacional de Muestras de Agro (Cima), tambi\u00e9n organizada por Agroactiva con la participaci\u00f3n de Agrishow (Brasil), Expoactiva (Uruguay) y la Feria Vidas (Bolivia).<\/strong><\/p>\n\n\n\n<p>Por la cuarentena el a\u00f1o pasado la organizaci\u00f3n de Agroactiva hab\u00eda postergado la muestra para finales de agosto, \u201cpero nos quedamos cortos con las previsiones, porque esta pandemia dur\u00f3 much\u00edsimo m\u00e1s de lo que pens\u00e1bamos. Ahora la fecha que queda disponible es la primera semana de noviembre, porque octubre est\u00e1 plagado de eventos\u201d, explic\u00f3 Rosana Nardi, presidenta de Agroactiva, al programa radial \u201cLa Banda Cambiaria\u201d.<\/p>\n\n\n\n<p>La organizaci\u00f3n est\u00e1 abocada a trabajar en el acondicionamiento del predio ferial.&nbsp;<strong>\u201cTenemos la ventaja de que estamos en una sede fija, las instalaciones siguen ah\u00ed y estamos con trabajos de reacomodamiento y mantenimiento de calles, entre otras tareas.<\/strong>&nbsp;Al d\u00eda de hoy nuestra actividad sigue suspendida, pero tenemos mucha fe en que la vacunaci\u00f3n pueda traernos una buena noticia. No podemos dilatar demasiado la decisi\u00f3n porque deber\u00edamos estar empezando los trabajos en el campo a finales de agosto, y las empresas necesitan saber si se hace o no, para contratar los stands\u201d, plante\u00f3 Nardi.<\/p>\n\n\n\n<p>Al respecto, coment\u00f3 que si bien junto al \u00e1rea de salud del gobierno provincial ya se estableci\u00f3 un protocolo sanitario,\u00a0<strong>\u201cpara la muestra est\u00e1tica pensamos y dise\u00f1amos formas diferentes de reunirnos,<\/strong>\u00a0por ejemplo, las charlas en los auditorios ya hab\u00edamos empezado a realizarlas los \u00faltimos dos a\u00f1os (2018-2019) en anfiteatros al aire libre, porque nos parec\u00eda m\u00e1s convocante\u201d, dijo Nardi. De hecho, Tecnoplaza funcion\u00f3 as\u00ed. \u201c<strong>Ahora a todos los auditorios pensamos reemplazarlos por anfiteatros al aire libre y la ronda de negocios seguramente se har\u00e1 de manera virtual\u201d<\/strong>, agreg\u00f3. En tanto, \u201clos espacios de atenci\u00f3n al p\u00fablico en vez de ser cerrados, ser\u00e1n s\u00f3lo techos con los laterales abiertos\u201d, dijo.<\/p>\n\n\n\n<p>Con el cambio de fecha y de modalidades, la muestra din\u00e1mica de Agroactiva se ver\u00e1 afectada dado que \u201clo que manej\u00e1bamos en junio no lo vamos a poder tener, aunque s\u00ed vamos a poder hacer demostraciones de siembra, pulverizaci\u00f3n, henificaci\u00f3n, embolsado y extracci\u00f3n. Y la ganader\u00eda puede estar presente sin inconvenientes\u201d, garantiz\u00f3.<\/p>\n\n\n\n<p>Respecto del \u00e1nimo de los expositores y de cara a la muestra, Nardi analiz\u00f3, en base a reuniones con referentes de c\u00e1maras de f\u00e1bricas de maquinarias, que<strong>&nbsp;es \u201cmuy alentador, muy positivo en el sentido de que el coraz\u00f3n de Agroactiva son las empresas metalmec\u00e1nicas y ellos nos transmitieron que est\u00e1n esperando con muchas ganas el regreso a la presencialidad,<\/strong>&nbsp;porque lo necesitan, porque la exposici\u00f3n es una herramienta muy valiosa para poder publicitarse y vender, y nos dieron su total apoyo\u201d.<\/p>\n\n\n\n<p>\u201cSi bien sabemos que noviembre no es una buena \u00e9poca porque el productor est\u00e1 ocupado en la siembra y hay muchas actividades, nos dijeron que era tanto el entusiasmo por mostrar sus productos y tener contacto cara a cara con el cliente, que no vemos ning\u00fan inconveniente\u201d, agreg\u00f3.<\/p>\n\n\n\n<h3 class=\"wp-block-heading\">La gran muestra americana<\/h3>\n\n\n\n<p>D\u00edas atr\u00e1s Agroactiva anunci\u00f3 su evento virtual que se realizar\u00e1 en forma previa e independiente de la exposici\u00f3n, el 1\u00ba y 2 de septiembre. \u201cEs diferente, lo creamos, dise\u00f1amos y convocamos a exposiciones de Am\u00e9rica para que se unan a esta Cumbre Internacional de Muestras de Agro (Cima) 21. Quisimos aprovechar las ventajas que nos daba la virtualidad, por lo que van a coexistir en esta plataforma Agrishow de Brasil, Expoactiva de Uruguay y Feria Vidas de Bolivia. All\u00ed va a haber mucho movimiento, integraci\u00f3n, intercambio de tecnolog\u00eda y conocimiento\u201d, anunci\u00f3 Nardi.<\/p>\n\n\n\n<p>\u201cEl a\u00f1o pasado tuvimos que cambiar el chip y ponernos a pensar en otro idioma que es el de la tecnolog\u00eda y organizamos Agroactiva virtual, con gente experta, tratando de sumar encuentros, que es lo que hacemos nosotros. Este a\u00f1o quisimos ir por m\u00e1s y sumamos encuentros internacionales y confiamos que se va a transformar en un cl\u00e1sico de todos los a\u00f1os\u201d, concluy\u00f3.<\/p>\n","protected":false},"excerpt":{"rendered":"<p>Agroactiva trabaja a full para volver a principios de noviembre en Armstrong. En septiembre, se realizar\u00e1, en forma virtual, una cumbre internacional. Las&nbsp;muestras&nbsp;agropecuarias a&nbsp;campo&nbsp;ya saborean el regreso a la presencialidad y se entusiasman con que sobre fin de a\u00f1o, la emergencia sanitaria por la pandemia quede superada, ayudada por la vacuna. Con esa meta, ya <a href=\"https:\/\/armstrongyregion.com.ar\/diario\/las-muestras-a-campo-preparan-el-regreso-a-la-presencialidad\/\" title=\"Read more\" >&#8230;<\/a><\/p>\n","protected":false},"author":1,"featured_media":31244,"comment_status":"open","ping_status":"open","sticky":false,"template":"","format":"image","meta":{"_jetpack_memberships_contains_paid_content":false,"footnotes":"","jetpack_publicize_message":"","jetpack_publicize_feature_enabled":true,"jetpack_social_post_already_shared":true,"jetpack_social_options":{"image_generator_settings":{"template":"highway","default_image_id":0,"enabled":false},"version":2}},"categories":[8,1,2,3],"tags":[],"class_list":["post-31243","post","type-post","status-publish","format-image","has-post-thumbnail","hentry","category-deliberando","category-diario-armstrong","category-locales","category-region","post_format-post-format-image"],"jetpack_publicize_connections":[],"jetpack_featured_media_url":"https:\/\/armstrongyregion.com.ar\/diario\/wp-content\/uploads\/2021\/08\/rosana-nardi-presidenta-agroactiva.jpg","jetpack_shortlink":"https:\/\/wp.me\/p62QDO-87V","jetpack_sharing_enabled":true,"amp_enabled":true,"_links":{"self":[{"href":"https:\/\/armstrongyregion.com.ar\/diario\/wp-json\/wp\/v2\/posts\/31243","targetHints":{"allow":["GET"]}}],"collection":[{"href":"https:\/\/armstrongyregion.com.ar\/diario\/wp-json\/wp\/v2\/posts"}],"about":[{"href":"https:\/\/armstrongyregion.com.ar\/diario\/wp-json\/wp\/v2\/types\/post"}],"author":[{"embeddable":true,"href":"https:\/\/armstrongyregion.com.ar\/diario\/wp-json\/wp\/v2\/users\/1"}],"replies":[{"embeddable":true,"href":"https:\/\/armstrongyregion.com.ar\/diario\/wp-json\/wp\/v2\/comments?post=31243"}],"version-history":[{"count":1,"href":"https:\/\/armstrongyregion.com.ar\/diario\/wp-json\/wp\/v2\/posts\/31243\/revisions"}],"predecessor-version":[{"id":31245,"href":"https:\/\/armstrongyregion.com.ar\/diario\/wp-json\/wp\/v2\/posts\/31243\/revisions\/31245"}],"wp:featuredmedia":[{"embeddable":true,"href":"https:\/\/armstrongyregion.com.ar\/diario\/wp-json\/wp\/v2\/media\/31244"}],"wp:attachment":[{"href":"https:\/\/armstrongyregion.com.ar\/diario\/wp-json\/wp\/v2\/media?parent=31243"}],"wp:term":[{"taxonomy":"category","embeddable":true,"href":"https:\/\/armstrongyregion.com.ar\/diario\/wp-json\/wp\/v2\/categories?post=31243"},{"taxonomy":"post_tag","embeddable":true,"href":"https:\/\/armstrongyregion.com.ar\/diario\/wp-json\/wp\/v2\/tags?post=31243"}],"curies":[{"name":"wp","href":"https:\/\/api.w.org\/{rel}","templated":true}]}}